{"id":22205,"date":"2025-04-06T20:39:17","date_gmt":"2025-04-06T20:39:17","guid":{"rendered":"https:\/\/adra.md\/?p=22205"},"modified":"2025-04-06T20:39:17","modified_gmt":"2025-04-06T20:39:17","slug":"centrul-de-plasament-temporar-curcubeul-sperantei","status":"publish","type":"post","link":"https:\/\/adra.md\/ru\/centrul-de-plasament-temporar-curcubeul-sperantei\/","title":{"rendered":"Centrul de Plasament Temporar \u201cCurcubeul Speran\u021bei\u201d"},"content":{"rendered":"<div class=\"xdj266r x11i5rnm xat24cr x1mh8g0r x1vvkbs x126k92a\">\n<div dir=\"auto\">Centrul de Plasament Temporar \u201cCurcubeul Speran\u021bei\u201d <span class=\"html-span xexx8yu x4uap5 x18d9i69 xkhd6sd x1hl2dhg x16tdsg8 x1vvkbs x3nfvp2 x1j61x8r x1fcty0u xdj266r xat24cr xgzva0m xhhsvwb xxymvpz xlup9mm x1kky2od\"><img decoding=\"async\" class=\"xz74otr x168nmei x13lgxp2 x5pf9jr xo71vjh\" src=\"https:\/\/static.xx.fbcdn.net\/images\/emoji.php\/v9\/tb2\/2\/16\/1f308.png\" alt=\"\ud83c\udf08\" width=\"16\" height=\"16\" \/><\/span><\/div>\n<\/div>\n<div class=\"x11i5rnm xat24cr x1mh8g0r x1vvkbs xtlvy1s x126k92a\">\n<div dir=\"auto\">Una dintre direc\u021biile principale de dezvoltare a organiza\u021biei ADRA Moldova este protec\u021bia copilului, realizat\u0103 prin proiectul nostru dedicat &#8211; Centrul de Plasament Temporar \u201cCurcubeul Speran\u021bei\u201d din Vadul lui Vod\u0103.<\/div>\n<\/div>\n<div class=\"x11i5rnm xat24cr x1mh8g0r x1vvkbs xtlvy1s x126k92a\">\n<div dir=\"auto\">Aici, \u00een fiecare an, \u00een jur de 50 de copii ai str\u0103zii g\u0103sesc ad\u0103post, c\u0103ldur\u0103 \u0219i o \u0219ans\u0103 la o via\u021b\u0103 mai bun\u0103. La \u201cCurcubeul Speran\u021bei\u201d, micu\u021bii beneficiaz\u0103 de:<\/div>\n<\/div>\n<div class=\"x11i5rnm xat24cr x1mh8g0r x1vvkbs xtlvy1s x126k92a\">\n<div dir=\"auto\">\u2022 <span class=\"html-span xexx8yu x4uap5 x18d9i69 xkhd6sd x1hl2dhg x16tdsg8 x1vvkbs x3nfvp2 x1j61x8r x1fcty0u xdj266r xat24cr xgzva0m xhhsvwb xxymvpz xlup9mm x1kky2od\"><img decoding=\"async\" class=\"xz74otr x168nmei x13lgxp2 x5pf9jr xo71vjh\" src=\"https:\/\/static.xx.fbcdn.net\/images\/emoji.php\/v9\/t50\/2\/16\/1f6cf.png\" alt=\"\ud83d\udecf\ufe0f\" width=\"16\" height=\"16\" \/><\/span> Camere \u0219i paturi c\u0103lduroase<\/div>\n<div dir=\"auto\">\u2022 <span class=\"html-span xexx8yu x4uap5 x18d9i69 xkhd6sd x1hl2dhg x16tdsg8 x1vvkbs x3nfvp2 x1j61x8r x1fcty0u xdj266r xat24cr xgzva0m xhhsvwb xxymvpz xlup9mm x1kky2od\"><img decoding=\"async\" class=\"xz74otr x168nmei x13lgxp2 x5pf9jr xo71vjh\" src=\"https:\/\/static.xx.fbcdn.net\/images\/emoji.php\/v9\/t5\/2\/16\/1f372.png\" alt=\"\ud83c\udf72\" width=\"16\" height=\"16\" \/><\/span> Mese zilnice asigurate<\/div>\n<div dir=\"auto\">\u2022 <span class=\"html-span xexx8yu x4uap5 x18d9i69 xkhd6sd x1hl2dhg x16tdsg8 x1vvkbs x3nfvp2 x1j61x8r x1fcty0u xdj266r xat24cr xgzva0m xhhsvwb xxymvpz xlup9mm x1kky2od\"><img loading=\"lazy\" decoding=\"async\" class=\"xz74otr x168nmei x13lgxp2 x5pf9jr xo71vjh\" src=\"https:\/\/static.xx.fbcdn.net\/images\/emoji.php\/v9\/te8\/2\/16\/1f4da.png\" alt=\"\ud83d\udcda\" width=\"16\" height=\"16\" \/><\/span> Suport educa\u021bional formal \u0219i non-formal<\/div>\n<div dir=\"auto\">\u2022 <span class=\"html-span xexx8yu x4uap5 x18d9i69 xkhd6sd x1hl2dhg x16tdsg8 x1vvkbs x3nfvp2 x1j61x8r x1fcty0u xdj266r xat24cr xgzva0m xhhsvwb xxymvpz xlup9mm x1kky2od\"><img loading=\"lazy\" decoding=\"async\" class=\"xz74otr x168nmei x13lgxp2 x5pf9jr xo71vjh\" src=\"https:\/\/static.xx.fbcdn.net\/images\/emoji.php\/v9\/t94\/2\/16\/1f48a.png\" alt=\"\ud83d\udc8a\" width=\"16\" height=\"16\" \/><\/span> Asisten\u021b\u0103 medical\u0103<\/div>\n<div dir=\"auto\">\u2022 <span class=\"html-span xexx8yu x4uap5 x18d9i69 xkhd6sd x1hl2dhg x16tdsg8 x1vvkbs x3nfvp2 x1j61x8r x1fcty0u xdj266r xat24cr xgzva0m xhhsvwb xxymvpz xlup9mm x1kky2od\"><img loading=\"lazy\" decoding=\"async\" class=\"xz74otr x168nmei x13lgxp2 x5pf9jr xo71vjh\" src=\"https:\/\/static.xx.fbcdn.net\/images\/emoji.php\/v9\/t8b\/2\/16\/1f455.png\" alt=\"\ud83d\udc55\" width=\"16\" height=\"16\" \/><\/span> \u00cembr\u0103c\u0103minte, \u00eenc\u0103l\u021b\u0103minte \u0219i articole de igien\u0103<\/div>\n<div dir=\"auto\">\u2022 <span class=\"html-span xexx8yu x4uap5 x18d9i69 xkhd6sd x1hl2dhg x16tdsg8 x1vvkbs x3nfvp2 x1j61x8r x1fcty0u xdj266r xat24cr xgzva0m xhhsvwb xxymvpz xlup9mm x1kky2od\"><img loading=\"lazy\" decoding=\"async\" class=\"xz74otr x168nmei x13lgxp2 x5pf9jr xo71vjh\" src=\"https:\/\/static.xx.fbcdn.net\/images\/emoji.php\/v9\/t1b\/2\/16\/1f9e0.png\" alt=\"\ud83e\udde0\" width=\"16\" height=\"16\" \/><\/span> Suport psihologic \u0219i lec\u021bii de dezvoltare personal\u0103<\/div>\n<\/div>\n<div class=\"x11i5rnm xat24cr x1mh8g0r x1vvkbs xtlvy1s x126k92a\">\n<div dir=\"auto\">Scopul nostru principal este ca fiecare copil s\u0103 fie integrat sau re-integrat \u00een familie. De mai bine de 20 de ani, ADRA Moldova sus\u021bine activitatea acestui centru, iar noi credem c\u0103 fiecare copil merit\u0103 dragoste, educa\u021bie \u0219i sprijin pentru a construi un viitor mai luminos.<\/div>\n<\/div>\n<div class=\"x11i5rnm xat24cr x1mh8g0r x1vvkbs xtlvy1s x126k92a\">\n<div dir=\"auto\"><span class=\"html-span xexx8yu x4uap5 x18d9i69 xkhd6sd x1hl2dhg x16tdsg8 x1vvkbs x3nfvp2 x1j61x8r x1fcty0u xdj266r xat24cr xgzva0m xhhsvwb xxymvpz xlup9mm x1kky2od\"><img loading=\"lazy\" decoding=\"async\" class=\"xz74otr x168nmei x13lgxp2 x5pf9jr xo71vjh\" src=\"https:\/\/static.xx.fbcdn.net\/images\/emoji.php\/v9\/t7f\/2\/16\/1f31f.png\" alt=\"\ud83c\udf1f\" width=\"16\" height=\"16\" \/><\/span> V\u0103 invit\u0103m s\u0103 ne sprijini\u021bi!<\/div>\n<div dir=\"auto\">Suntem deschi\u0219i pentru dona\u021bii la fiecare dintre categoriile de mai sus, pentru a aduce \u00eempreun\u0103 o schimbare real\u0103. \u00cempreun\u0103 putem oferi speran\u021b\u0103!<\/div>\n<\/div>\n<div class=\"x11i5rnm xat24cr x1mh8g0r x1vvkbs xtlvy1s x126k92a\">\n<div dir=\"auto\">Fiecare contribu\u021bie conteaz\u0103!<\/div>\n<\/div>\n<div class=\"x11i5rnm xat24cr x1mh8g0r x1vvkbs xtlvy1s x126k92a\">\n<div dir=\"auto\"><span class=\"html-span xdj266r x11i5rnm xat24cr x1mh8g0r xexx8yu x4uap5 x18d9i69 xkhd6sd x1hl2dhg x16tdsg8 x1vvkbs\"><a class=\"x1i10hfl xjbqb8w x1ejq31n xd10rxx x1sy0etr x17r0tee x972fbf xcfux6l x1qhh985 xm0m39n x9f619 x1ypdohk xt0psk2 xe8uvvx xdj266r x11i5rnm xat24cr x1mh8g0r xexx8yu x4uap5 x18d9i69 xkhd6sd x16tdsg8 x1hl2dhg xggy1nq x1a2a7pz xkrqix3 x1sur9pj x1fey0fg x1s688f\" tabindex=\"0\" role=\"link\" href=\"https:\/\/www.facebook.com\/hashtag\/adra?__eep__=6&amp;__cft__[0]=AZVUaWY8LbVPF3ihjmsKIdCcgCAMDfR7obMOyhehCkDazhQ3g71tccEXVKNO_EsPtohwkV_JNZiodHft-rIXijo1Dz8f30pEvofFus656TVpDE7FvsdBPwlFGNsljGY-MpgZVjCFDX6Wr6y1OizE6loGDqiegNfF2epb6kBEoqCw4ugMNnSF-kmUo9rtLYgVDhY&amp;__tn__=*NK-R\">#adra<\/a><\/span> <span class=\"html-span xdj266r x11i5rnm xat24cr x1mh8g0r xexx8yu x4uap5 x18d9i69 xkhd6sd x1hl2dhg x16tdsg8 x1vvkbs\"><a class=\"x1i10hfl xjbqb8w x1ejq31n xd10rxx x1sy0etr x17r0tee x972fbf xcfux6l x1qhh985 xm0m39n x9f619 x1ypdohk xt0psk2 xe8uvvx xdj266r x11i5rnm xat24cr x1mh8g0r xexx8yu x4uap5 x18d9i69 xkhd6sd x16tdsg8 x1hl2dhg xggy1nq x1a2a7pz xkrqix3 x1sur9pj x1fey0fg x1s688f\" tabindex=\"0\" role=\"link\" href=\"https:\/\/www.facebook.com\/hashtag\/adramoldova?__eep__=6&amp;__cft__[0]=AZVUaWY8LbVPF3ihjmsKIdCcgCAMDfR7obMOyhehCkDazhQ3g71tccEXVKNO_EsPtohwkV_JNZiodHft-rIXijo1Dz8f30pEvofFus656TVpDE7FvsdBPwlFGNsljGY-MpgZVjCFDX6Wr6y1OizE6loGDqiegNfF2epb6kBEoqCw4ugMNnSF-kmUo9rtLYgVDhY&amp;__tn__=*NK-R\">#adramoldova<\/a><\/span> <span class=\"html-span xdj266r x11i5rnm xat24cr x1mh8g0r xexx8yu x4uap5 x18d9i69 xkhd6sd x1hl2dhg x16tdsg8 x1vvkbs\"><a class=\"x1i10hfl xjbqb8w x1ejq31n xd10rxx x1sy0etr x17r0tee x972fbf xcfux6l x1qhh985 xm0m39n x9f619 x1ypdohk xt0psk2 xe8uvvx xdj266r x11i5rnm xat24cr x1mh8g0r xexx8yu x4uap5 x18d9i69 xkhd6sd x16tdsg8 x1hl2dhg xggy1nq x1a2a7pz xkrqix3 x1sur9pj x1fey0fg x1s688f\" tabindex=\"0\" role=\"link\" href=\"https:\/\/www.facebook.com\/hashtag\/curcubeulsperantei?__eep__=6&amp;__cft__[0]=AZVUaWY8LbVPF3ihjmsKIdCcgCAMDfR7obMOyhehCkDazhQ3g71tccEXVKNO_EsPtohwkV_JNZiodHft-rIXijo1Dz8f30pEvofFus656TVpDE7FvsdBPwlFGNsljGY-MpgZVjCFDX6Wr6y1OizE6loGDqiegNfF2epb6kBEoqCw4ugMNnSF-kmUo9rtLYgVDhY&amp;__tn__=*NK-R\">#curcubeulsperantei<\/a><\/span><\/div>\n<\/div>\n<div dir=\"auto\"><img loading=\"lazy\" decoding=\"async\" class=\"alignnone size-large wp-image-22206\" src=\"https:\/\/adra.md\/wp-content\/uploads\/2025\/04\/464390098_17974480763795376_7168903152496057886_n-819x1024.jpg\" alt=\"\" width=\"800\" height=\"1000\" srcset=\"https:\/\/adra.md\/wp-content\/uploads\/2025\/04\/464390098_17974480763795376_7168903152496057886_n-819x1024.jpg 819w, https:\/\/adra.md\/wp-content\/uploads\/2025\/04\/464390098_17974480763795376_7168903152496057886_n-240x300.jpg 240w, https:\/\/adra.md\/wp-content\/uploads\/2025\/04\/464390098_17974480763795376_7168903152496057886_n-768x960.jpg 768w, https:\/\/adra.md\/wp-content\/uploads\/2025\/04\/464390098_17974480763795376_7168903152496057886_n-10x12.jpg 10w, https:\/\/adra.md\/wp-content\/uploads\/2025\/04\/464390098_17974480763795376_7168903152496057886_n.jpg 1060w\" sizes=\"(max-width: 800px) 100vw, 800px\" \/> <img loading=\"lazy\" decoding=\"async\" class=\"alignnone size-large wp-image-22207\" src=\"https:\/\/adra.md\/wp-content\/uploads\/2025\/04\/464477753_17974480772795376_3031903271298828753_n-819x1024.jpg\" alt=\"\" width=\"800\" height=\"1000\" srcset=\"https:\/\/adra.md\/wp-content\/uploads\/2025\/04\/464477753_17974480772795376_3031903271298828753_n-819x1024.jpg 819w, https:\/\/adra.md\/wp-content\/uploads\/2025\/04\/464477753_17974480772795376_3031903271298828753_n-240x300.jpg 240w, https:\/\/adra.md\/wp-content\/uploads\/2025\/04\/464477753_17974480772795376_3031903271298828753_n-768x960.jpg 768w, https:\/\/adra.md\/wp-content\/uploads\/2025\/04\/464477753_17974480772795376_3031903271298828753_n-1229x1536.jpg 1229w, https:\/\/adra.md\/wp-content\/uploads\/2025\/04\/464477753_17974480772795376_3031903271298828753_n-10x12.jpg 10w, https:\/\/adra.md\/wp-content\/uploads\/2025\/04\/464477753_17974480772795376_3031903271298828753_n.jpg 1440w\" sizes=\"(max-width: 800px) 100vw, 800px\" \/> <img loading=\"lazy\" decoding=\"async\" class=\"alignnone size-large wp-image-22208\" src=\"https:\/\/adra.md\/wp-content\/uploads\/2025\/04\/466701905_17974480754795376_8273372458711995190_n-820x1024.jpg\" alt=\"\" width=\"800\" height=\"999\" srcset=\"https:\/\/adra.md\/wp-content\/uploads\/2025\/04\/466701905_17974480754795376_8273372458711995190_n-820x1024.jpg 820w, https:\/\/adra.md\/wp-content\/uploads\/2025\/04\/466701905_17974480754795376_8273372458711995190_n-240x300.jpg 240w, https:\/\/adra.md\/wp-content\/uploads\/2025\/04\/466701905_17974480754795376_8273372458711995190_n-768x960.jpg 768w, https:\/\/adra.md\/wp-content\/uploads\/2025\/04\/466701905_17974480754795376_8273372458711995190_n-10x12.jpg 10w, https:\/\/adra.md\/wp-content\/uploads\/2025\/04\/466701905_17974480754795376_8273372458711995190_n.jpg 954w\" sizes=\"(max-width: 800px) 100vw, 800px\" \/><\/div>\n","protected":false},"excerpt":{"rendered":"<p>Centrul de Plasament Temporar \u201cCurcubeul Speran\u021bei\u201d Una dintre direc\u021biile principale de dezvoltare a organiza\u021biei ADRA Moldova este protec\u021bia copilului, realizat\u0103 prin proiectul nostru dedicat &#8211; Centrul de Plasament Temporar \u201cCurcubeul Speran\u021bei\u201d din Vadul lui Vod\u0103. Aici, \u00een fiecare an, \u00een jur de 50 de copii ai str\u0103zii g\u0103sesc ad\u0103post, c\u0103ldur\u0103 \u0219i o \u0219ans\u0103 la o [&hellip;]<\/p>\n","protected":false},"author":9,"featured_media":22207,"comment_status":"closed","ping_status":"closed","sticky":false,"template":"","format":"standard","meta":{"_acf_changed":false,"footnotes":""},"categories":[294],"tags":[],"class_list":["post-22205","post","type-post","status-publish","format-standard","has-post-thumbnail","hentry","category-news"],"acf":[],"yoast_head":"<!-- This site is optimized with the Yoast SEO plugin v27.4 - https:\/\/yoast.com\/product\/yoast-seo-wordpress\/ -->\n<title>Centrul de Plasament Temporar \u201cCurcubeul Speran\u021bei\u201d - ADRA Moldova<\/title>\n<meta name=\"robots\" content=\"index, follow, max-snippet:-1, max-image-preview:large, max-video-preview:-1\" \/>\n<link rel=\"canonical\" href=\"https:\/\/adra.md\/ru\/centrul-de-plasament-temporar-curcubeul-sperantei\/\" \/>\n<meta property=\"og:locale\" content=\"ru_RU\" \/>\n<meta property=\"og:type\" content=\"article\" \/>\n<meta property=\"og:title\" content=\"Centrul de Plasament Temporar \u201cCurcubeul Speran\u021bei\u201d - ADRA Moldova\" \/>\n<meta property=\"og:description\" content=\"Centrul de Plasament Temporar \u201cCurcubeul Speran\u021bei\u201d Una dintre direc\u021biile principale de dezvoltare a organiza\u021biei ADRA Moldova este protec\u021bia copilului, realizat\u0103 prin proiectul nostru dedicat &#8211; Centrul de Plasament Temporar \u201cCurcubeul Speran\u021bei\u201d din Vadul lui Vod\u0103. Aici, \u00een fiecare an, \u00een jur de 50 de copii ai str\u0103zii g\u0103sesc ad\u0103post, c\u0103ldur\u0103 \u0219i o \u0219ans\u0103 la o [&hellip;]\" \/>\n<meta property=\"og:url\" content=\"https:\/\/adra.md\/ru\/centrul-de-plasament-temporar-curcubeul-sperantei\/\" \/>\n<meta property=\"og:site_name\" content=\"ADRA Moldova\" \/>\n<meta property=\"article:published_time\" content=\"2025-04-06T20:39:17+00:00\" \/>\n<meta property=\"og:image\" content=\"https:\/\/adra.md\/wp-content\/uploads\/2025\/04\/464477753_17974480772795376_3031903271298828753_n.jpg\" \/>\n\t<meta property=\"og:image:width\" content=\"1440\" \/>\n\t<meta property=\"og:image:height\" content=\"1800\" \/>\n\t<meta property=\"og:image:type\" content=\"image\/jpeg\" \/>\n<meta name=\"author\" content=\"ADRA Moldova\" \/>\n<meta name=\"twitter:card\" content=\"summary_large_image\" \/>\n<meta name=\"twitter:label1\" content=\"\u041d\u0430\u043f\u0438\u0441\u0430\u043d\u043e \u0430\u0432\u0442\u043e\u0440\u043e\u043c\" \/>\n\t<meta name=\"twitter:data1\" content=\"ADRA Moldova\" \/>\n\t<meta name=\"twitter:label2\" content=\"\u041f\u0440\u0438\u043c\u0435\u0440\u043d\u043e\u0435 \u0432\u0440\u0435\u043c\u044f \u0434\u043b\u044f \u0447\u0442\u0435\u043d\u0438\u044f\" \/>\n\t<meta name=\"twitter:data2\" content=\"1 \u043c\u0438\u043d\u0443\u0442\u0430\" \/>\n<script type=\"application\/ld+json\" class=\"yoast-schema-graph\">{\"@context\":\"https:\\\/\\\/schema.org\",\"@graph\":[{\"@type\":\"Article\",\"@id\":\"https:\\\/\\\/adra.md\\\/centrul-de-plasament-temporar-curcubeul-sperantei\\\/#article\",\"isPartOf\":{\"@id\":\"https:\\\/\\\/adra.md\\\/centrul-de-plasament-temporar-curcubeul-sperantei\\\/\"},\"author\":{\"name\":\"ADRA Moldova\",\"@id\":\"https:\\\/\\\/adra.md\\\/#\\\/schema\\\/person\\\/b0181e611ee89738cefb7dc2db2bb8d1\"},\"headline\":\"Centrul de Plasament Temporar \u201cCurcubeul Speran\u021bei\u201d\",\"datePublished\":\"2025-04-06T20:39:17+00:00\",\"mainEntityOfPage\":{\"@id\":\"https:\\\/\\\/adra.md\\\/centrul-de-plasament-temporar-curcubeul-sperantei\\\/\"},\"wordCount\":199,\"publisher\":{\"@id\":\"https:\\\/\\\/adra.md\\\/#organization\"},\"image\":{\"@id\":\"https:\\\/\\\/adra.md\\\/centrul-de-plasament-temporar-curcubeul-sperantei\\\/#primaryimage\"},\"thumbnailUrl\":\"https:\\\/\\\/adra.md\\\/wp-content\\\/uploads\\\/2025\\\/04\\\/464477753_17974480772795376_3031903271298828753_n.jpg\",\"articleSection\":[\"News\"],\"inLanguage\":\"ru-RU\"},{\"@type\":\"WebPage\",\"@id\":\"https:\\\/\\\/adra.md\\\/centrul-de-plasament-temporar-curcubeul-sperantei\\\/\",\"url\":\"https:\\\/\\\/adra.md\\\/centrul-de-plasament-temporar-curcubeul-sperantei\\\/\",\"name\":\"Centrul de Plasament Temporar \u201cCurcubeul Speran\u021bei\u201d - ADRA Moldova\",\"isPartOf\":{\"@id\":\"https:\\\/\\\/adra.md\\\/#website\"},\"primaryImageOfPage\":{\"@id\":\"https:\\\/\\\/adra.md\\\/centrul-de-plasament-temporar-curcubeul-sperantei\\\/#primaryimage\"},\"image\":{\"@id\":\"https:\\\/\\\/adra.md\\\/centrul-de-plasament-temporar-curcubeul-sperantei\\\/#primaryimage\"},\"thumbnailUrl\":\"https:\\\/\\\/adra.md\\\/wp-content\\\/uploads\\\/2025\\\/04\\\/464477753_17974480772795376_3031903271298828753_n.jpg\",\"datePublished\":\"2025-04-06T20:39:17+00:00\",\"breadcrumb\":{\"@id\":\"https:\\\/\\\/adra.md\\\/centrul-de-plasament-temporar-curcubeul-sperantei\\\/#breadcrumb\"},\"inLanguage\":\"ru-RU\",\"potentialAction\":[{\"@type\":\"ReadAction\",\"target\":[\"https:\\\/\\\/adra.md\\\/centrul-de-plasament-temporar-curcubeul-sperantei\\\/\"]}]},{\"@type\":\"ImageObject\",\"inLanguage\":\"ru-RU\",\"@id\":\"https:\\\/\\\/adra.md\\\/centrul-de-plasament-temporar-curcubeul-sperantei\\\/#primaryimage\",\"url\":\"https:\\\/\\\/adra.md\\\/wp-content\\\/uploads\\\/2025\\\/04\\\/464477753_17974480772795376_3031903271298828753_n.jpg\",\"contentUrl\":\"https:\\\/\\\/adra.md\\\/wp-content\\\/uploads\\\/2025\\\/04\\\/464477753_17974480772795376_3031903271298828753_n.jpg\",\"width\":1440,\"height\":1800},{\"@type\":\"BreadcrumbList\",\"@id\":\"https:\\\/\\\/adra.md\\\/centrul-de-plasament-temporar-curcubeul-sperantei\\\/#breadcrumb\",\"itemListElement\":[{\"@type\":\"ListItem\",\"position\":1,\"name\":\"Home\",\"item\":\"https:\\\/\\\/adra.md\\\/\"},{\"@type\":\"ListItem\",\"position\":2,\"name\":\"Centrul de Plasament Temporar \u201cCurcubeul Speran\u021bei\u201d\"}]},{\"@type\":\"WebSite\",\"@id\":\"https:\\\/\\\/adra.md\\\/#website\",\"url\":\"https:\\\/\\\/adra.md\\\/\",\"name\":\"ADRA Moldova\",\"description\":\"Agen\u0163ia Adventist\u0103 pentru Dezvoltare, Refacere \u015fi Ajutor\",\"publisher\":{\"@id\":\"https:\\\/\\\/adra.md\\\/#organization\"},\"potentialAction\":[{\"@type\":\"SearchAction\",\"target\":{\"@type\":\"EntryPoint\",\"urlTemplate\":\"https:\\\/\\\/adra.md\\\/?s={search_term_string}\"},\"query-input\":{\"@type\":\"PropertyValueSpecification\",\"valueRequired\":true,\"valueName\":\"search_term_string\"}}],\"inLanguage\":\"ru-RU\"},{\"@type\":\"Organization\",\"@id\":\"https:\\\/\\\/adra.md\\\/#organization\",\"name\":\"ADRA Moldova\",\"url\":\"https:\\\/\\\/adra.md\\\/\",\"logo\":{\"@type\":\"ImageObject\",\"inLanguage\":\"ru-RU\",\"@id\":\"https:\\\/\\\/adra.md\\\/#\\\/schema\\\/logo\\\/image\\\/\",\"url\":\"https:\\\/\\\/adra.md\\\/wp-content\\\/uploads\\\/2019\\\/11\\\/group-435.png\",\"contentUrl\":\"https:\\\/\\\/adra.md\\\/wp-content\\\/uploads\\\/2019\\\/11\\\/group-435.png\",\"width\":500,\"height\":133,\"caption\":\"ADRA Moldova\"},\"image\":{\"@id\":\"https:\\\/\\\/adra.md\\\/#\\\/schema\\\/logo\\\/image\\\/\"}},{\"@type\":\"Person\",\"@id\":\"https:\\\/\\\/adra.md\\\/#\\\/schema\\\/person\\\/b0181e611ee89738cefb7dc2db2bb8d1\",\"name\":\"ADRA Moldova\",\"url\":\"https:\\\/\\\/adra.md\\\/ru\\\/author\\\/andrei-girleanu\\\/\"}]}<\/script>\n<!-- \/ Yoast SEO plugin. -->","yoast_head_json":{"title":"Centrul de Plasament Temporar \u201cCurcubeul Speran\u021bei\u201d - ADRA Moldova","robots":{"index":"index","follow":"follow","max-snippet":"max-snippet:-1","max-image-preview":"max-image-preview:large","max-video-preview":"max-video-preview:-1"},"canonical":"https:\/\/adra.md\/ru\/centrul-de-plasament-temporar-curcubeul-sperantei\/","og_locale":"ru_RU","og_type":"article","og_title":"Centrul de Plasament Temporar \u201cCurcubeul Speran\u021bei\u201d - ADRA Moldova","og_description":"Centrul de Plasament Temporar \u201cCurcubeul Speran\u021bei\u201d Una dintre direc\u021biile principale de dezvoltare a organiza\u021biei ADRA Moldova este protec\u021bia copilului, realizat\u0103 prin proiectul nostru dedicat &#8211; Centrul de Plasament Temporar \u201cCurcubeul Speran\u021bei\u201d din Vadul lui Vod\u0103. Aici, \u00een fiecare an, \u00een jur de 50 de copii ai str\u0103zii g\u0103sesc ad\u0103post, c\u0103ldur\u0103 \u0219i o \u0219ans\u0103 la o [&hellip;]","og_url":"https:\/\/adra.md\/ru\/centrul-de-plasament-temporar-curcubeul-sperantei\/","og_site_name":"ADRA Moldova","article_published_time":"2025-04-06T20:39:17+00:00","og_image":[{"width":1440,"height":1800,"url":"https:\/\/adra.md\/wp-content\/uploads\/2025\/04\/464477753_17974480772795376_3031903271298828753_n.jpg","type":"image\/jpeg"}],"author":"ADRA Moldova","twitter_card":"summary_large_image","twitter_misc":{"\u041d\u0430\u043f\u0438\u0441\u0430\u043d\u043e \u0430\u0432\u0442\u043e\u0440\u043e\u043c":"ADRA Moldova","\u041f\u0440\u0438\u043c\u0435\u0440\u043d\u043e\u0435 \u0432\u0440\u0435\u043c\u044f \u0434\u043b\u044f \u0447\u0442\u0435\u043d\u0438\u044f":"1 \u043c\u0438\u043d\u0443\u0442\u0430"},"schema":{"@context":"https:\/\/schema.org","@graph":[{"@type":"Article","@id":"https:\/\/adra.md\/centrul-de-plasament-temporar-curcubeul-sperantei\/#article","isPartOf":{"@id":"https:\/\/adra.md\/centrul-de-plasament-temporar-curcubeul-sperantei\/"},"author":{"name":"ADRA Moldova","@id":"https:\/\/adra.md\/#\/schema\/person\/b0181e611ee89738cefb7dc2db2bb8d1"},"headline":"Centrul de Plasament Temporar \u201cCurcubeul Speran\u021bei\u201d","datePublished":"2025-04-06T20:39:17+00:00","mainEntityOfPage":{"@id":"https:\/\/adra.md\/centrul-de-plasament-temporar-curcubeul-sperantei\/"},"wordCount":199,"publisher":{"@id":"https:\/\/adra.md\/#organization"},"image":{"@id":"https:\/\/adra.md\/centrul-de-plasament-temporar-curcubeul-sperantei\/#primaryimage"},"thumbnailUrl":"https:\/\/adra.md\/wp-content\/uploads\/2025\/04\/464477753_17974480772795376_3031903271298828753_n.jpg","articleSection":["News"],"inLanguage":"ru-RU"},{"@type":"WebPage","@id":"https:\/\/adra.md\/centrul-de-plasament-temporar-curcubeul-sperantei\/","url":"https:\/\/adra.md\/centrul-de-plasament-temporar-curcubeul-sperantei\/","name":"Centrul de Plasament Temporar \u201cCurcubeul Speran\u021bei\u201d - ADRA Moldova","isPartOf":{"@id":"https:\/\/adra.md\/#website"},"primaryImageOfPage":{"@id":"https:\/\/adra.md\/centrul-de-plasament-temporar-curcubeul-sperantei\/#primaryimage"},"image":{"@id":"https:\/\/adra.md\/centrul-de-plasament-temporar-curcubeul-sperantei\/#primaryimage"},"thumbnailUrl":"https:\/\/adra.md\/wp-content\/uploads\/2025\/04\/464477753_17974480772795376_3031903271298828753_n.jpg","datePublished":"2025-04-06T20:39:17+00:00","breadcrumb":{"@id":"https:\/\/adra.md\/centrul-de-plasament-temporar-curcubeul-sperantei\/#breadcrumb"},"inLanguage":"ru-RU","potentialAction":[{"@type":"ReadAction","target":["https:\/\/adra.md\/centrul-de-plasament-temporar-curcubeul-sperantei\/"]}]},{"@type":"ImageObject","inLanguage":"ru-RU","@id":"https:\/\/adra.md\/centrul-de-plasament-temporar-curcubeul-sperantei\/#primaryimage","url":"https:\/\/adra.md\/wp-content\/uploads\/2025\/04\/464477753_17974480772795376_3031903271298828753_n.jpg","contentUrl":"https:\/\/adra.md\/wp-content\/uploads\/2025\/04\/464477753_17974480772795376_3031903271298828753_n.jpg","width":1440,"height":1800},{"@type":"BreadcrumbList","@id":"https:\/\/adra.md\/centrul-de-plasament-temporar-curcubeul-sperantei\/#breadcrumb","itemListElement":[{"@type":"ListItem","position":1,"name":"Home","item":"https:\/\/adra.md\/"},{"@type":"ListItem","position":2,"name":"Centrul de Plasament Temporar \u201cCurcubeul Speran\u021bei\u201d"}]},{"@type":"WebSite","@id":"https:\/\/adra.md\/#website","url":"https:\/\/adra.md\/","name":"ADRA Moldova","description":"Agen\u0163ia Adventist\u0103 pentru Dezvoltare, Refacere \u015fi Ajutor","publisher":{"@id":"https:\/\/adra.md\/#organization"},"potentialAction":[{"@type":"SearchAction","target":{"@type":"EntryPoint","urlTemplate":"https:\/\/adra.md\/?s={search_term_string}"},"query-input":{"@type":"PropertyValueSpecification","valueRequired":true,"valueName":"search_term_string"}}],"inLanguage":"ru-RU"},{"@type":"Organization","@id":"https:\/\/adra.md\/#organization","name":"ADRA Moldova","url":"https:\/\/adra.md\/","logo":{"@type":"ImageObject","inLanguage":"ru-RU","@id":"https:\/\/adra.md\/#\/schema\/logo\/image\/","url":"https:\/\/adra.md\/wp-content\/uploads\/2019\/11\/group-435.png","contentUrl":"https:\/\/adra.md\/wp-content\/uploads\/2019\/11\/group-435.png","width":500,"height":133,"caption":"ADRA Moldova"},"image":{"@id":"https:\/\/adra.md\/#\/schema\/logo\/image\/"}},{"@type":"Person","@id":"https:\/\/adra.md\/#\/schema\/person\/b0181e611ee89738cefb7dc2db2bb8d1","name":"ADRA Moldova","url":"https:\/\/adra.md\/ru\/author\/andrei-girleanu\/"}]}},"_links":{"self":[{"href":"https:\/\/adra.md\/ru\/wp-json\/wp\/v2\/posts\/22205","targetHints":{"allow":["GET"]}}],"collection":[{"href":"https:\/\/adra.md\/ru\/wp-json\/wp\/v2\/posts"}],"about":[{"href":"https:\/\/adra.md\/ru\/wp-json\/wp\/v2\/types\/post"}],"author":[{"embeddable":true,"href":"https:\/\/adra.md\/ru\/wp-json\/wp\/v2\/users\/9"}],"replies":[{"embeddable":true,"href":"https:\/\/adra.md\/ru\/wp-json\/wp\/v2\/comments?post=22205"}],"version-history":[{"count":1,"href":"https:\/\/adra.md\/ru\/wp-json\/wp\/v2\/posts\/22205\/revisions"}],"predecessor-version":[{"id":22209,"href":"https:\/\/adra.md\/ru\/wp-json\/wp\/v2\/posts\/22205\/revisions\/22209"}],"wp:featuredmedia":[{"embeddable":true,"href":"https:\/\/adra.md\/ru\/wp-json\/wp\/v2\/media\/22207"}],"wp:attachment":[{"href":"https:\/\/adra.md\/ru\/wp-json\/wp\/v2\/media?parent=22205"}],"wp:term":[{"taxonomy":"category","embeddable":true,"href":"https:\/\/adra.md\/ru\/wp-json\/wp\/v2\/categories?post=22205"},{"taxonomy":"post_tag","embeddable":true,"href":"https:\/\/adra.md\/ru\/wp-json\/wp\/v2\/tags?post=22205"}],"curies":[{"name":"wp","href":"https:\/\/api.w.org\/{rel}","templated":true}]}}