{"id":22210,"date":"2025-04-06T20:43:23","date_gmt":"2025-04-06T20:43:23","guid":{"rendered":"https:\/\/adra.md\/?p=22210"},"modified":"2025-04-06T20:43:23","modified_gmt":"2025-04-06T20:43:23","slug":"nivelul-de-trai-pe-malul-stang","status":"publish","type":"post","link":"https:\/\/adra.md\/ru\/nivelul-de-trai-pe-malul-stang\/","title":{"rendered":"Nivelul de trai pe malul st\u00e2ng"},"content":{"rendered":"<div class=\"xdj266r x11i5rnm xat24cr x1mh8g0r x1vvkbs x126k92a\">\n<div dir=\"auto\">Pe 22 noiembrie, \u00een cadrul proiectului \u201cRelieving Emergency Basic Needs of Refugees and Third Country Nationals (TCNs) Fleeing Ukraine and residing on the Left Bank\u201d, oficiul de \u00eenregistrare ADRA din Tiraspol a fost gazda unei vizite de monitorizare realizat\u0103 de donator \u2013 Uniunea European\u0103 (DG ECHO) \u0219i echipa <span class=\"html-span xdj266r x11i5rnm xat24cr x1mh8g0r xexx8yu x4uap5 x18d9i69 xkhd6sd x1hl2dhg x16tdsg8 x1vvkbs\"><a class=\"x1i10hfl xjbqb8w x1ejq31n xd10rxx x1sy0etr x17r0tee x972fbf xcfux6l x1qhh985 xm0m39n x9f619 x1ypdohk xt0psk2 xe8uvvx xdj266r x11i5rnm xat24cr x1mh8g0r xexx8yu x4uap5 x18d9i69 xkhd6sd x16tdsg8 x1hl2dhg xggy1nq x1a2a7pz xkrqix3 x1sur9pj x1fey0fg x1s688f\" tabindex=\"0\" role=\"link\" href=\"https:\/\/www.facebook.com\/iom.moldova?__cft__[0]=AZWZHb30c-iWFwbWsikywbNRAbWmygdVmGZ7V922lHecrjnL06IV-hQu3XlM7Firo--UAhw9BXE6X5o37UhSNCztH0uVuWruhJc8cE6y3ahmD5bMovLgt6kFIT8JQNtzVTOpV880ABSG0hz3i7qmSTXpwrgTAb9LwIC_1SkYk_88juKQxDCtzG-_dycKmAMYVOc&amp;__tn__=-]K-R\"><span class=\"xt0psk2\"><span class=\"xjp7ctv\">IOM Moldova<\/span><\/span><\/a><\/span> .<\/div>\n<\/div>\n<div class=\"x11i5rnm xat24cr x1mh8g0r x1vvkbs xtlvy1s x126k92a\">\n<div dir=\"auto\"><span class=\"html-span xexx8yu x4uap5 x18d9i69 xkhd6sd x1hl2dhg x16tdsg8 x1vvkbs x3nfvp2 x1j61x8r x1fcty0u xdj266r xat24cr xgzva0m xhhsvwb xxymvpz xlup9mm x1kky2od\"><img decoding=\"async\" class=\"xz74otr x168nmei x13lgxp2 x5pf9jr xo71vjh\" src=\"https:\/\/static.xx.fbcdn.net\/images\/emoji.php\/v9\/t60\/2\/16\/1f50d.png\" alt=\"\ud83d\udd0d\" width=\"16\" height=\"16\" \/><\/span> Subiectele discutate au fost:<\/div>\n<div dir=\"auto\"><span class=\"html-span xexx8yu x4uap5 x18d9i69 xkhd6sd x1hl2dhg x16tdsg8 x1vvkbs x3nfvp2 x1j61x8r x1fcty0u xdj266r xat24cr xgzva0m xhhsvwb xxymvpz xlup9mm x1kky2od\"><img decoding=\"async\" class=\"xz74otr x168nmei x13lgxp2 x5pf9jr xo71vjh\" src=\"https:\/\/static.xx.fbcdn.net\/images\/emoji.php\/v9\/td2\/2\/16\/2714.png\" alt=\"\u2714\ufe0f\" width=\"16\" height=\"16\" \/><\/span> Situa\u021bia \u0219i profilul refugia\u021bilor \u0219i persoanelor din state ter\u021be din st\u00e2nga Nistrului;<\/div>\n<div dir=\"auto\"><span class=\"html-span xexx8yu x4uap5 x18d9i69 xkhd6sd x1hl2dhg x16tdsg8 x1vvkbs x3nfvp2 x1j61x8r x1fcty0u xdj266r xat24cr xgzva0m xhhsvwb xxymvpz xlup9mm x1kky2od\"><img decoding=\"async\" class=\"xz74otr x168nmei x13lgxp2 x5pf9jr xo71vjh\" src=\"https:\/\/static.xx.fbcdn.net\/images\/emoji.php\/v9\/td2\/2\/16\/2714.png\" alt=\"\u2714\ufe0f\" width=\"16\" height=\"16\" \/><\/span> Accesul acestora la servicii sociale, medicale \u0219i facilit\u0103\u021bi la pl\u0103\u021bile comunale;<\/div>\n<div dir=\"auto\"><span class=\"html-span xexx8yu x4uap5 x18d9i69 xkhd6sd x1hl2dhg x16tdsg8 x1vvkbs x3nfvp2 x1j61x8r x1fcty0u xdj266r xat24cr xgzva0m xhhsvwb xxymvpz xlup9mm x1kky2od\"><img decoding=\"async\" class=\"xz74otr x168nmei x13lgxp2 x5pf9jr xo71vjh\" src=\"https:\/\/static.xx.fbcdn.net\/images\/emoji.php\/v9\/td2\/2\/16\/2714.png\" alt=\"\u2714\ufe0f\" width=\"16\" height=\"16\" \/><\/span> Nivelul de trai \u00een regiune (costuri, necesit\u0103\u021bi urgente);<\/div>\n<div dir=\"auto\"><span class=\"html-span xexx8yu x4uap5 x18d9i69 xkhd6sd x1hl2dhg x16tdsg8 x1vvkbs x3nfvp2 x1j61x8r x1fcty0u xdj266r xat24cr xgzva0m xhhsvwb xxymvpz xlup9mm x1kky2od\"><img decoding=\"async\" class=\"xz74otr x168nmei x13lgxp2 x5pf9jr xo71vjh\" src=\"https:\/\/static.xx.fbcdn.net\/images\/emoji.php\/v9\/td2\/2\/16\/2714.png\" alt=\"\u2714\ufe0f\" width=\"16\" height=\"16\" \/><\/span> Criteriile de vulnerabilitate pentru eligibilitatea asisten\u021bei financiare multifunc\u021bionale;<\/div>\n<div dir=\"auto\"><span class=\"html-span xexx8yu x4uap5 x18d9i69 xkhd6sd x1hl2dhg x16tdsg8 x1vvkbs x3nfvp2 x1j61x8r x1fcty0u xdj266r xat24cr xgzva0m xhhsvwb xxymvpz xlup9mm x1kky2od\"><img decoding=\"async\" class=\"xz74otr x168nmei x13lgxp2 x5pf9jr xo71vjh\" src=\"https:\/\/static.xx.fbcdn.net\/images\/emoji.php\/v9\/td2\/2\/16\/2714.png\" alt=\"\u2714\ufe0f\" width=\"16\" height=\"16\" \/><\/span> Provoc\u0103rile \u0219i solu\u021biile planificate pentru selectarea celor mai vulnerabile persoane.<\/div>\n<\/div>\n<div class=\"x11i5rnm xat24cr x1mh8g0r x1vvkbs xtlvy1s x126k92a\">\n<div dir=\"auto\"><span class=\"html-span xexx8yu x4uap5 x18d9i69 xkhd6sd x1hl2dhg x16tdsg8 x1vvkbs x3nfvp2 x1j61x8r x1fcty0u xdj266r xat24cr xgzva0m xhhsvwb xxymvpz xlup9mm x1kky2od\"><img decoding=\"async\" class=\"xz74otr x168nmei x13lgxp2 x5pf9jr xo71vjh\" src=\"https:\/\/static.xx.fbcdn.net\/images\/emoji.php\/v9\/t2a\/2\/16\/1f465.png\" alt=\"\ud83d\udc65\" width=\"16\" height=\"16\" \/><\/span> Echipa ADRA a prezentat procesul de \u00eenregistrare a refugia\u021bilor din st\u00e2nga Nistrului pentru asisten\u021b\u0103 financiar\u0103 multifunc\u021bional\u0103, iar reprezentan\u021bii donatorului au asistat direct la \u00eenregistrarea unor beneficiari.<\/div>\n<\/div>\n<div class=\"x11i5rnm xat24cr x1mh8g0r x1vvkbs xtlvy1s x126k92a\">\n<div dir=\"auto\"><span class=\"html-span xexx8yu x4uap5 x18d9i69 xkhd6sd x1hl2dhg x16tdsg8 x1vvkbs x3nfvp2 x1j61x8r x1fcty0u xdj266r xat24cr xgzva0m xhhsvwb xxymvpz xlup9mm x1kky2od\"><img loading=\"lazy\" decoding=\"async\" class=\"xz74otr x168nmei x13lgxp2 x5pf9jr xo71vjh\" src=\"https:\/\/static.xx.fbcdn.net\/images\/emoji.php\/v9\/tdb\/2\/16\/1f4a1.png\" alt=\"\ud83d\udca1\" width=\"16\" height=\"16\" \/><\/span> Prin aceast\u0103 colaborare, ne propunem s\u0103 r\u0103spundem mai eficient nevoilor stringente ale comunit\u0103\u021bii \u0219i s\u0103 sprijinim pe cei mai vulnerabili.<\/div>\n<\/div>\n<div class=\"x11i5rnm xat24cr x1mh8g0r x1vvkbs xtlvy1s x126k92a\">\n<div dir=\"auto\"><span class=\"html-span xdj266r x11i5rnm xat24cr x1mh8g0r xexx8yu x4uap5 x18d9i69 xkhd6sd x1hl2dhg x16tdsg8 x1vvkbs\"><a class=\"x1i10hfl xjbqb8w x1ejq31n xd10rxx x1sy0etr x17r0tee x972fbf xcfux6l x1qhh985 xm0m39n x9f619 x1ypdohk xt0psk2 xe8uvvx xdj266r x11i5rnm xat24cr x1mh8g0r xexx8yu x4uap5 x18d9i69 xkhd6sd x16tdsg8 x1hl2dhg xggy1nq x1a2a7pz xkrqix3 x1sur9pj x1fey0fg x1s688f\" tabindex=\"0\" role=\"link\" href=\"https:\/\/www.facebook.com\/hashtag\/adra?__eep__=6&amp;__cft__[0]=AZWZHb30c-iWFwbWsikywbNRAbWmygdVmGZ7V922lHecrjnL06IV-hQu3XlM7Firo--UAhw9BXE6X5o37UhSNCztH0uVuWruhJc8cE6y3ahmD5bMovLgt6kFIT8JQNtzVTOpV880ABSG0hz3i7qmSTXpwrgTAb9LwIC_1SkYk_88juKQxDCtzG-_dycKmAMYVOc&amp;__tn__=*NK-R\">#ADRA<\/a><\/span> <span class=\"html-span xdj266r x11i5rnm xat24cr x1mh8g0r xexx8yu x4uap5 x18d9i69 xkhd6sd x1hl2dhg x16tdsg8 x1vvkbs\"><a class=\"x1i10hfl xjbqb8w x1ejq31n xd10rxx x1sy0etr x17r0tee x972fbf xcfux6l x1qhh985 xm0m39n x9f619 x1ypdohk xt0psk2 xe8uvvx xdj266r x11i5rnm xat24cr x1mh8g0r xexx8yu x4uap5 x18d9i69 xkhd6sd x16tdsg8 x1hl2dhg xggy1nq x1a2a7pz xkrqix3 x1sur9pj x1fey0fg x1s688f\" tabindex=\"0\" role=\"link\" href=\"https:\/\/www.facebook.com\/hashtag\/adramoldova?__eep__=6&amp;__cft__[0]=AZWZHb30c-iWFwbWsikywbNRAbWmygdVmGZ7V922lHecrjnL06IV-hQu3XlM7Firo--UAhw9BXE6X5o37UhSNCztH0uVuWruhJc8cE6y3ahmD5bMovLgt6kFIT8JQNtzVTOpV880ABSG0hz3i7qmSTXpwrgTAb9LwIC_1SkYk_88juKQxDCtzG-_dycKmAMYVOc&amp;__tn__=*NK-R\">#adramoldova<\/a><\/span> <span class=\"html-span xdj266r x11i5rnm xat24cr x1mh8g0r xexx8yu x4uap5 x18d9i69 xkhd6sd x1hl2dhg x16tdsg8 x1vvkbs\"><a class=\"x1i10hfl xjbqb8w x1ejq31n xd10rxx x1sy0etr x17r0tee x972fbf xcfux6l x1qhh985 xm0m39n x9f619 x1ypdohk xt0psk2 xe8uvvx xdj266r x11i5rnm xat24cr x1mh8g0r xexx8yu x4uap5 x18d9i69 xkhd6sd x16tdsg8 x1hl2dhg xggy1nq x1a2a7pz xkrqix3 x1sur9pj x1fey0fg x1s688f\" tabindex=\"0\" role=\"link\" href=\"https:\/\/www.facebook.com\/hashtag\/refugia%C8%9Bi?__eep__=6&amp;__cft__[0]=AZWZHb30c-iWFwbWsikywbNRAbWmygdVmGZ7V922lHecrjnL06IV-hQu3XlM7Firo--UAhw9BXE6X5o37UhSNCztH0uVuWruhJc8cE6y3ahmD5bMovLgt6kFIT8JQNtzVTOpV880ABSG0hz3i7qmSTXpwrgTAb9LwIC_1SkYk_88juKQxDCtzG-_dycKmAMYVOc&amp;__tn__=*NK-R\">#Refugia\u021bi<\/a><\/span> <span class=\"html-span xdj266r x11i5rnm xat24cr x1mh8g0r xexx8yu x4uap5 x18d9i69 xkhd6sd x1hl2dhg x16tdsg8 x1vvkbs\"><a class=\"x1i10hfl xjbqb8w x1ejq31n xd10rxx x1sy0etr x17r0tee x972fbf xcfux6l x1qhh985 xm0m39n x9f619 x1ypdohk xt0psk2 xe8uvvx xdj266r x11i5rnm xat24cr x1mh8g0r xexx8yu x4uap5 x18d9i69 xkhd6sd x16tdsg8 x1hl2dhg xggy1nq x1a2a7pz xkrqix3 x1sur9pj x1fey0fg x1s688f\" tabindex=\"0\" role=\"link\" href=\"https:\/\/www.facebook.com\/hashtag\/iommoldova?__eep__=6&amp;__cft__[0]=AZWZHb30c-iWFwbWsikywbNRAbWmygdVmGZ7V922lHecrjnL06IV-hQu3XlM7Firo--UAhw9BXE6X5o37UhSNCztH0uVuWruhJc8cE6y3ahmD5bMovLgt6kFIT8JQNtzVTOpV880ABSG0hz3i7qmSTXpwrgTAb9LwIC_1SkYk_88juKQxDCtzG-_dycKmAMYVOc&amp;__tn__=*NK-R\">#IOMMoldova<\/a><\/span> <span class=\"html-span xdj266r x11i5rnm xat24cr x1mh8g0r xexx8yu x4uap5 x18d9i69 xkhd6sd x1hl2dhg x16tdsg8 x1vvkbs\"><a class=\"x1i10hfl xjbqb8w x1ejq31n xd10rxx x1sy0etr x17r0tee x972fbf xcfux6l x1qhh985 xm0m39n x9f619 x1ypdohk xt0psk2 xe8uvvx xdj266r x11i5rnm xat24cr x1mh8g0r xexx8yu x4uap5 x18d9i69 xkhd6sd x16tdsg8 x1hl2dhg xggy1nq x1a2a7pz xkrqix3 x1sur9pj x1fey0fg x1s688f\" tabindex=\"0\" role=\"link\" href=\"https:\/\/www.facebook.com\/hashtag\/dgecho?__eep__=6&amp;__cft__[0]=AZWZHb30c-iWFwbWsikywbNRAbWmygdVmGZ7V922lHecrjnL06IV-hQu3XlM7Firo--UAhw9BXE6X5o37UhSNCztH0uVuWruhJc8cE6y3ahmD5bMovLgt6kFIT8JQNtzVTOpV880ABSG0hz3i7qmSTXpwrgTAb9LwIC_1SkYk_88juKQxDCtzG-_dycKmAMYVOc&amp;__tn__=*NK-R\">#DGECHO<\/a><\/span> <span class=\"html-span xdj266r x11i5rnm xat24cr x1mh8g0r xexx8yu x4uap5 x18d9i69 xkhd6sd x1hl2dhg x16tdsg8 x1vvkbs\"><a class=\"x1i10hfl xjbqb8w x1ejq31n xd10rxx x1sy0etr x17r0tee x972fbf xcfux6l x1qhh985 xm0m39n x9f619 x1ypdohk xt0psk2 xe8uvvx xdj266r x11i5rnm xat24cr x1mh8g0r xexx8yu x4uap5 x18d9i69 xkhd6sd x16tdsg8 x1hl2dhg xggy1nq x1a2a7pz xkrqix3 x1sur9pj x1fey0fg x1s688f\" tabindex=\"0\" role=\"link\" href=\"https:\/\/www.facebook.com\/hashtag\/asisten%C8%9B%C4%83umanitar%C4%83?__eep__=6&amp;__cft__[0]=AZWZHb30c-iWFwbWsikywbNRAbWmygdVmGZ7V922lHecrjnL06IV-hQu3XlM7Firo--UAhw9BXE6X5o37UhSNCztH0uVuWruhJc8cE6y3ahmD5bMovLgt6kFIT8JQNtzVTOpV880ABSG0hz3i7qmSTXpwrgTAb9LwIC_1SkYk_88juKQxDCtzG-_dycKmAMYVOc&amp;__tn__=*NK-R\">#Asisten\u021b\u0103Umanitar\u0103<\/a><\/span> <span class=\"html-span xdj266r x11i5rnm xat24cr x1mh8g0r xexx8yu x4uap5 x18d9i69 xkhd6sd x1hl2dhg x16tdsg8 x1vvkbs\"><a class=\"x1i10hfl xjbqb8w x1ejq31n xd10rxx x1sy0etr x17r0tee x972fbf xcfux6l x1qhh985 xm0m39n x9f619 x1ypdohk xt0psk2 xe8uvvx xdj266r x11i5rnm xat24cr x1mh8g0r xexx8yu x4uap5 x18d9i69 xkhd6sd x16tdsg8 x1hl2dhg xggy1nq x1a2a7pz xkrqix3 x1sur9pj x1fey0fg x1s688f\" tabindex=\"0\" role=\"link\" href=\"https:\/\/www.facebook.com\/hashtag\/st%C3%A2nganistrului?__eep__=6&amp;__cft__[0]=AZWZHb30c-iWFwbWsikywbNRAbWmygdVmGZ7V922lHecrjnL06IV-hQu3XlM7Firo--UAhw9BXE6X5o37UhSNCztH0uVuWruhJc8cE6y3ahmD5bMovLgt6kFIT8JQNtzVTOpV880ABSG0hz3i7qmSTXpwrgTAb9LwIC_1SkYk_88juKQxDCtzG-_dycKmAMYVOc&amp;__tn__=*NK-R\">#st\u00e2nganistrului<\/a><\/span><\/div>\n<\/div>\n<div dir=\"auto\"><img loading=\"lazy\" decoding=\"async\" class=\"alignnone size-large wp-image-22211\" src=\"https:\/\/adra.md\/wp-content\/uploads\/2025\/04\/468566718_17976458366795376_4486263890090435516_n-819x1024.jpg\" alt=\"\" width=\"800\" height=\"1000\" srcset=\"https:\/\/adra.md\/wp-content\/uploads\/2025\/04\/468566718_17976458366795376_4486263890090435516_n-819x1024.jpg 819w, https:\/\/adra.md\/wp-content\/uploads\/2025\/04\/468566718_17976458366795376_4486263890090435516_n-240x300.jpg 240w, https:\/\/adra.md\/wp-content\/uploads\/2025\/04\/468566718_17976458366795376_4486263890090435516_n-768x960.jpg 768w, https:\/\/adra.md\/wp-content\/uploads\/2025\/04\/468566718_17976458366795376_4486263890090435516_n-1229x1536.jpg 1229w, https:\/\/adra.md\/wp-content\/uploads\/2025\/04\/468566718_17976458366795376_4486263890090435516_n-10x12.jpg 10w, https:\/\/adra.md\/wp-content\/uploads\/2025\/04\/468566718_17976458366795376_4486263890090435516_n.jpg 1440w\" sizes=\"(max-width: 800px) 100vw, 800px\" \/> <img loading=\"lazy\" decoding=\"async\" class=\"alignnone size-large wp-image-22212\" src=\"https:\/\/adra.md\/wp-content\/uploads\/2025\/04\/468662645_17976458384795376_6734208077780650062_n-819x1024.jpg\" alt=\"\" width=\"800\" height=\"1000\" srcset=\"https:\/\/adra.md\/wp-content\/uploads\/2025\/04\/468662645_17976458384795376_6734208077780650062_n-819x1024.jpg 819w, https:\/\/adra.md\/wp-content\/uploads\/2025\/04\/468662645_17976458384795376_6734208077780650062_n-240x300.jpg 240w, https:\/\/adra.md\/wp-content\/uploads\/2025\/04\/468662645_17976458384795376_6734208077780650062_n-768x960.jpg 768w, https:\/\/adra.md\/wp-content\/uploads\/2025\/04\/468662645_17976458384795376_6734208077780650062_n-1229x1536.jpg 1229w, https:\/\/adra.md\/wp-content\/uploads\/2025\/04\/468662645_17976458384795376_6734208077780650062_n-10x12.jpg 10w, https:\/\/adra.md\/wp-content\/uploads\/2025\/04\/468662645_17976458384795376_6734208077780650062_n.jpg 1440w\" sizes=\"(max-width: 800px) 100vw, 800px\" \/> <img loading=\"lazy\" decoding=\"async\" class=\"alignnone size-large wp-image-22213\" src=\"https:\/\/adra.md\/wp-content\/uploads\/2025\/04\/468670249_17976458393795376_2704687157882740695_n-819x1024.jpg\" alt=\"\" width=\"800\" height=\"1000\" srcset=\"https:\/\/adra.md\/wp-content\/uploads\/2025\/04\/468670249_17976458393795376_2704687157882740695_n-819x1024.jpg 819w, https:\/\/adra.md\/wp-content\/uploads\/2025\/04\/468670249_17976458393795376_2704687157882740695_n-240x300.jpg 240w, https:\/\/adra.md\/wp-content\/uploads\/2025\/04\/468670249_17976458393795376_2704687157882740695_n-768x960.jpg 768w, https:\/\/adra.md\/wp-content\/uploads\/2025\/04\/468670249_17976458393795376_2704687157882740695_n-1229x1536.jpg 1229w, https:\/\/adra.md\/wp-content\/uploads\/2025\/04\/468670249_17976458393795376_2704687157882740695_n-10x12.jpg 10w, https:\/\/adra.md\/wp-content\/uploads\/2025\/04\/468670249_17976458393795376_2704687157882740695_n.jpg 1440w\" sizes=\"(max-width: 800px) 100vw, 800px\" \/> <img loading=\"lazy\" decoding=\"async\" class=\"alignnone size-large wp-image-22214\" src=\"https:\/\/adra.md\/wp-content\/uploads\/2025\/04\/468670474_17976458375795376_1073519471017353338_n-819x1024.jpg\" alt=\"\" width=\"800\" height=\"1000\" srcset=\"https:\/\/adra.md\/wp-content\/uploads\/2025\/04\/468670474_17976458375795376_1073519471017353338_n-819x1024.jpg 819w, https:\/\/adra.md\/wp-content\/uploads\/2025\/04\/468670474_17976458375795376_1073519471017353338_n-240x300.jpg 240w, https:\/\/adra.md\/wp-content\/uploads\/2025\/04\/468670474_17976458375795376_1073519471017353338_n-768x960.jpg 768w, https:\/\/adra.md\/wp-content\/uploads\/2025\/04\/468670474_17976458375795376_1073519471017353338_n-1229x1536.jpg 1229w, https:\/\/adra.md\/wp-content\/uploads\/2025\/04\/468670474_17976458375795376_1073519471017353338_n-10x12.jpg 10w, https:\/\/adra.md\/wp-content\/uploads\/2025\/04\/468670474_17976458375795376_1073519471017353338_n.jpg 1440w\" sizes=\"(max-width: 800px) 100vw, 800px\" \/><\/div>\n","protected":false},"excerpt":{"rendered":"<p>Pe 22 noiembrie, \u00een cadrul proiectului \u201cRelieving Emergency Basic Needs of Refugees and Third Country Nationals (TCNs) Fleeing Ukraine and residing on the Left Bank\u201d, oficiul de \u00eenregistrare ADRA din Tiraspol a fost gazda unei vizite de monitorizare realizat\u0103 de donator \u2013 Uniunea European\u0103 (DG ECHO) \u0219i echipa IOM Moldova . Subiectele discutate au fost: [&hellip;]<\/p>\n","protected":false},"author":9,"featured_media":22212,"comment_status":"closed","ping_status":"closed","sticky":false,"template":"","format":"standard","meta":{"_acf_changed":false,"footnotes":""},"categories":[294],"tags":[],"class_list":["post-22210","post","type-post","status-publish","format-standard","has-post-thumbnail","hentry","category-news"],"acf":[],"yoast_head":"<!-- This site is optimized with the Yoast SEO plugin v27.4 - https:\/\/yoast.com\/product\/yoast-seo-wordpress\/ -->\n<title>Nivelul de trai pe malul st\u00e2ng - ADRA Moldova<\/title>\n<meta name=\"robots\" content=\"index, follow, max-snippet:-1, max-image-preview:large, max-video-preview:-1\" \/>\n<link rel=\"canonical\" href=\"https:\/\/adra.md\/ru\/nivelul-de-trai-pe-malul-stang\/\" \/>\n<meta property=\"og:locale\" content=\"ru_RU\" \/>\n<meta property=\"og:type\" content=\"article\" \/>\n<meta property=\"og:title\" content=\"Nivelul de trai pe malul st\u00e2ng - ADRA Moldova\" \/>\n<meta property=\"og:description\" content=\"Pe 22 noiembrie, \u00een cadrul proiectului \u201cRelieving Emergency Basic Needs of Refugees and Third Country Nationals (TCNs) Fleeing Ukraine and residing on the Left Bank\u201d, oficiul de \u00eenregistrare ADRA din Tiraspol a fost gazda unei vizite de monitorizare realizat\u0103 de donator \u2013 Uniunea European\u0103 (DG ECHO) \u0219i echipa IOM Moldova . Subiectele discutate au fost: [&hellip;]\" \/>\n<meta property=\"og:url\" content=\"https:\/\/adra.md\/ru\/nivelul-de-trai-pe-malul-stang\/\" \/>\n<meta property=\"og:site_name\" content=\"ADRA Moldova\" \/>\n<meta property=\"article:published_time\" content=\"2025-04-06T20:43:23+00:00\" \/>\n<meta property=\"og:image\" content=\"https:\/\/adra.md\/wp-content\/uploads\/2025\/04\/468662645_17976458384795376_6734208077780650062_n.jpg\" \/>\n\t<meta property=\"og:image:width\" content=\"1440\" \/>\n\t<meta property=\"og:image:height\" content=\"1800\" \/>\n\t<meta property=\"og:image:type\" content=\"image\/jpeg\" \/>\n<meta name=\"author\" content=\"ADRA Moldova\" \/>\n<meta name=\"twitter:card\" content=\"summary_large_image\" \/>\n<meta name=\"twitter:label1\" content=\"\u041d\u0430\u043f\u0438\u0441\u0430\u043d\u043e \u0430\u0432\u0442\u043e\u0440\u043e\u043c\" \/>\n\t<meta name=\"twitter:data1\" content=\"ADRA Moldova\" \/>\n\t<meta name=\"twitter:label2\" content=\"\u041f\u0440\u0438\u043c\u0435\u0440\u043d\u043e\u0435 \u0432\u0440\u0435\u043c\u044f \u0434\u043b\u044f \u0447\u0442\u0435\u043d\u0438\u044f\" \/>\n\t<meta name=\"twitter:data2\" content=\"1 \u043c\u0438\u043d\u0443\u0442\u0430\" \/>\n<script type=\"application\/ld+json\" class=\"yoast-schema-graph\">{\"@context\":\"https:\\\/\\\/schema.org\",\"@graph\":[{\"@type\":\"Article\",\"@id\":\"https:\\\/\\\/adra.md\\\/nivelul-de-trai-pe-malul-stang\\\/#article\",\"isPartOf\":{\"@id\":\"https:\\\/\\\/adra.md\\\/nivelul-de-trai-pe-malul-stang\\\/\"},\"author\":{\"name\":\"ADRA Moldova\",\"@id\":\"https:\\\/\\\/adra.md\\\/#\\\/schema\\\/person\\\/b0181e611ee89738cefb7dc2db2bb8d1\"},\"headline\":\"Nivelul de trai pe malul st\u00e2ng\",\"datePublished\":\"2025-04-06T20:43:23+00:00\",\"mainEntityOfPage\":{\"@id\":\"https:\\\/\\\/adra.md\\\/nivelul-de-trai-pe-malul-stang\\\/\"},\"wordCount\":181,\"publisher\":{\"@id\":\"https:\\\/\\\/adra.md\\\/#organization\"},\"image\":{\"@id\":\"https:\\\/\\\/adra.md\\\/nivelul-de-trai-pe-malul-stang\\\/#primaryimage\"},\"thumbnailUrl\":\"https:\\\/\\\/adra.md\\\/wp-content\\\/uploads\\\/2025\\\/04\\\/468662645_17976458384795376_6734208077780650062_n.jpg\",\"articleSection\":[\"News\"],\"inLanguage\":\"ru-RU\"},{\"@type\":\"WebPage\",\"@id\":\"https:\\\/\\\/adra.md\\\/nivelul-de-trai-pe-malul-stang\\\/\",\"url\":\"https:\\\/\\\/adra.md\\\/nivelul-de-trai-pe-malul-stang\\\/\",\"name\":\"Nivelul de trai pe malul st\u00e2ng - ADRA Moldova\",\"isPartOf\":{\"@id\":\"https:\\\/\\\/adra.md\\\/#website\"},\"primaryImageOfPage\":{\"@id\":\"https:\\\/\\\/adra.md\\\/nivelul-de-trai-pe-malul-stang\\\/#primaryimage\"},\"image\":{\"@id\":\"https:\\\/\\\/adra.md\\\/nivelul-de-trai-pe-malul-stang\\\/#primaryimage\"},\"thumbnailUrl\":\"https:\\\/\\\/adra.md\\\/wp-content\\\/uploads\\\/2025\\\/04\\\/468662645_17976458384795376_6734208077780650062_n.jpg\",\"datePublished\":\"2025-04-06T20:43:23+00:00\",\"breadcrumb\":{\"@id\":\"https:\\\/\\\/adra.md\\\/nivelul-de-trai-pe-malul-stang\\\/#breadcrumb\"},\"inLanguage\":\"ru-RU\",\"potentialAction\":[{\"@type\":\"ReadAction\",\"target\":[\"https:\\\/\\\/adra.md\\\/nivelul-de-trai-pe-malul-stang\\\/\"]}]},{\"@type\":\"ImageObject\",\"inLanguage\":\"ru-RU\",\"@id\":\"https:\\\/\\\/adra.md\\\/nivelul-de-trai-pe-malul-stang\\\/#primaryimage\",\"url\":\"https:\\\/\\\/adra.md\\\/wp-content\\\/uploads\\\/2025\\\/04\\\/468662645_17976458384795376_6734208077780650062_n.jpg\",\"contentUrl\":\"https:\\\/\\\/adra.md\\\/wp-content\\\/uploads\\\/2025\\\/04\\\/468662645_17976458384795376_6734208077780650062_n.jpg\",\"width\":1440,\"height\":1800},{\"@type\":\"BreadcrumbList\",\"@id\":\"https:\\\/\\\/adra.md\\\/nivelul-de-trai-pe-malul-stang\\\/#breadcrumb\",\"itemListElement\":[{\"@type\":\"ListItem\",\"position\":1,\"name\":\"Home\",\"item\":\"https:\\\/\\\/adra.md\\\/\"},{\"@type\":\"ListItem\",\"position\":2,\"name\":\"Nivelul de trai pe malul st\u00e2ng\"}]},{\"@type\":\"WebSite\",\"@id\":\"https:\\\/\\\/adra.md\\\/#website\",\"url\":\"https:\\\/\\\/adra.md\\\/\",\"name\":\"ADRA Moldova\",\"description\":\"Agen\u0163ia Adventist\u0103 pentru Dezvoltare, Refacere \u015fi Ajutor\",\"publisher\":{\"@id\":\"https:\\\/\\\/adra.md\\\/#organization\"},\"potentialAction\":[{\"@type\":\"SearchAction\",\"target\":{\"@type\":\"EntryPoint\",\"urlTemplate\":\"https:\\\/\\\/adra.md\\\/?s={search_term_string}\"},\"query-input\":{\"@type\":\"PropertyValueSpecification\",\"valueRequired\":true,\"valueName\":\"search_term_string\"}}],\"inLanguage\":\"ru-RU\"},{\"@type\":\"Organization\",\"@id\":\"https:\\\/\\\/adra.md\\\/#organization\",\"name\":\"ADRA Moldova\",\"url\":\"https:\\\/\\\/adra.md\\\/\",\"logo\":{\"@type\":\"ImageObject\",\"inLanguage\":\"ru-RU\",\"@id\":\"https:\\\/\\\/adra.md\\\/#\\\/schema\\\/logo\\\/image\\\/\",\"url\":\"https:\\\/\\\/adra.md\\\/wp-content\\\/uploads\\\/2019\\\/11\\\/group-435.png\",\"contentUrl\":\"https:\\\/\\\/adra.md\\\/wp-content\\\/uploads\\\/2019\\\/11\\\/group-435.png\",\"width\":500,\"height\":133,\"caption\":\"ADRA Moldova\"},\"image\":{\"@id\":\"https:\\\/\\\/adra.md\\\/#\\\/schema\\\/logo\\\/image\\\/\"}},{\"@type\":\"Person\",\"@id\":\"https:\\\/\\\/adra.md\\\/#\\\/schema\\\/person\\\/b0181e611ee89738cefb7dc2db2bb8d1\",\"name\":\"ADRA Moldova\",\"url\":\"https:\\\/\\\/adra.md\\\/ru\\\/author\\\/andrei-girleanu\\\/\"}]}<\/script>\n<!-- \/ Yoast SEO plugin. -->","yoast_head_json":{"title":"Nivelul de trai pe malul st\u00e2ng - ADRA Moldova","robots":{"index":"index","follow":"follow","max-snippet":"max-snippet:-1","max-image-preview":"max-image-preview:large","max-video-preview":"max-video-preview:-1"},"canonical":"https:\/\/adra.md\/ru\/nivelul-de-trai-pe-malul-stang\/","og_locale":"ru_RU","og_type":"article","og_title":"Nivelul de trai pe malul st\u00e2ng - ADRA Moldova","og_description":"Pe 22 noiembrie, \u00een cadrul proiectului \u201cRelieving Emergency Basic Needs of Refugees and Third Country Nationals (TCNs) Fleeing Ukraine and residing on the Left Bank\u201d, oficiul de \u00eenregistrare ADRA din Tiraspol a fost gazda unei vizite de monitorizare realizat\u0103 de donator \u2013 Uniunea European\u0103 (DG ECHO) \u0219i echipa IOM Moldova . Subiectele discutate au fost: [&hellip;]","og_url":"https:\/\/adra.md\/ru\/nivelul-de-trai-pe-malul-stang\/","og_site_name":"ADRA Moldova","article_published_time":"2025-04-06T20:43:23+00:00","og_image":[{"width":1440,"height":1800,"url":"https:\/\/adra.md\/wp-content\/uploads\/2025\/04\/468662645_17976458384795376_6734208077780650062_n.jpg","type":"image\/jpeg"}],"author":"ADRA Moldova","twitter_card":"summary_large_image","twitter_misc":{"\u041d\u0430\u043f\u0438\u0441\u0430\u043d\u043e \u0430\u0432\u0442\u043e\u0440\u043e\u043c":"ADRA Moldova","\u041f\u0440\u0438\u043c\u0435\u0440\u043d\u043e\u0435 \u0432\u0440\u0435\u043c\u044f \u0434\u043b\u044f \u0447\u0442\u0435\u043d\u0438\u044f":"1 \u043c\u0438\u043d\u0443\u0442\u0430"},"schema":{"@context":"https:\/\/schema.org","@graph":[{"@type":"Article","@id":"https:\/\/adra.md\/nivelul-de-trai-pe-malul-stang\/#article","isPartOf":{"@id":"https:\/\/adra.md\/nivelul-de-trai-pe-malul-stang\/"},"author":{"name":"ADRA Moldova","@id":"https:\/\/adra.md\/#\/schema\/person\/b0181e611ee89738cefb7dc2db2bb8d1"},"headline":"Nivelul de trai pe malul st\u00e2ng","datePublished":"2025-04-06T20:43:23+00:00","mainEntityOfPage":{"@id":"https:\/\/adra.md\/nivelul-de-trai-pe-malul-stang\/"},"wordCount":181,"publisher":{"@id":"https:\/\/adra.md\/#organization"},"image":{"@id":"https:\/\/adra.md\/nivelul-de-trai-pe-malul-stang\/#primaryimage"},"thumbnailUrl":"https:\/\/adra.md\/wp-content\/uploads\/2025\/04\/468662645_17976458384795376_6734208077780650062_n.jpg","articleSection":["News"],"inLanguage":"ru-RU"},{"@type":"WebPage","@id":"https:\/\/adra.md\/nivelul-de-trai-pe-malul-stang\/","url":"https:\/\/adra.md\/nivelul-de-trai-pe-malul-stang\/","name":"Nivelul de trai pe malul st\u00e2ng - ADRA Moldova","isPartOf":{"@id":"https:\/\/adra.md\/#website"},"primaryImageOfPage":{"@id":"https:\/\/adra.md\/nivelul-de-trai-pe-malul-stang\/#primaryimage"},"image":{"@id":"https:\/\/adra.md\/nivelul-de-trai-pe-malul-stang\/#primaryimage"},"thumbnailUrl":"https:\/\/adra.md\/wp-content\/uploads\/2025\/04\/468662645_17976458384795376_6734208077780650062_n.jpg","datePublished":"2025-04-06T20:43:23+00:00","breadcrumb":{"@id":"https:\/\/adra.md\/nivelul-de-trai-pe-malul-stang\/#breadcrumb"},"inLanguage":"ru-RU","potentialAction":[{"@type":"ReadAction","target":["https:\/\/adra.md\/nivelul-de-trai-pe-malul-stang\/"]}]},{"@type":"ImageObject","inLanguage":"ru-RU","@id":"https:\/\/adra.md\/nivelul-de-trai-pe-malul-stang\/#primaryimage","url":"https:\/\/adra.md\/wp-content\/uploads\/2025\/04\/468662645_17976458384795376_6734208077780650062_n.jpg","contentUrl":"https:\/\/adra.md\/wp-content\/uploads\/2025\/04\/468662645_17976458384795376_6734208077780650062_n.jpg","width":1440,"height":1800},{"@type":"BreadcrumbList","@id":"https:\/\/adra.md\/nivelul-de-trai-pe-malul-stang\/#breadcrumb","itemListElement":[{"@type":"ListItem","position":1,"name":"Home","item":"https:\/\/adra.md\/"},{"@type":"ListItem","position":2,"name":"Nivelul de trai pe malul st\u00e2ng"}]},{"@type":"WebSite","@id":"https:\/\/adra.md\/#website","url":"https:\/\/adra.md\/","name":"ADRA Moldova","description":"Agen\u0163ia Adventist\u0103 pentru Dezvoltare, Refacere \u015fi Ajutor","publisher":{"@id":"https:\/\/adra.md\/#organization"},"potentialAction":[{"@type":"SearchAction","target":{"@type":"EntryPoint","urlTemplate":"https:\/\/adra.md\/?s={search_term_string}"},"query-input":{"@type":"PropertyValueSpecification","valueRequired":true,"valueName":"search_term_string"}}],"inLanguage":"ru-RU"},{"@type":"Organization","@id":"https:\/\/adra.md\/#organization","name":"ADRA Moldova","url":"https:\/\/adra.md\/","logo":{"@type":"ImageObject","inLanguage":"ru-RU","@id":"https:\/\/adra.md\/#\/schema\/logo\/image\/","url":"https:\/\/adra.md\/wp-content\/uploads\/2019\/11\/group-435.png","contentUrl":"https:\/\/adra.md\/wp-content\/uploads\/2019\/11\/group-435.png","width":500,"height":133,"caption":"ADRA Moldova"},"image":{"@id":"https:\/\/adra.md\/#\/schema\/logo\/image\/"}},{"@type":"Person","@id":"https:\/\/adra.md\/#\/schema\/person\/b0181e611ee89738cefb7dc2db2bb8d1","name":"ADRA Moldova","url":"https:\/\/adra.md\/ru\/author\/andrei-girleanu\/"}]}},"_links":{"self":[{"href":"https:\/\/adra.md\/ru\/wp-json\/wp\/v2\/posts\/22210","targetHints":{"allow":["GET"]}}],"collection":[{"href":"https:\/\/adra.md\/ru\/wp-json\/wp\/v2\/posts"}],"about":[{"href":"https:\/\/adra.md\/ru\/wp-json\/wp\/v2\/types\/post"}],"author":[{"embeddable":true,"href":"https:\/\/adra.md\/ru\/wp-json\/wp\/v2\/users\/9"}],"replies":[{"embeddable":true,"href":"https:\/\/adra.md\/ru\/wp-json\/wp\/v2\/comments?post=22210"}],"version-history":[{"count":1,"href":"https:\/\/adra.md\/ru\/wp-json\/wp\/v2\/posts\/22210\/revisions"}],"predecessor-version":[{"id":22215,"href":"https:\/\/adra.md\/ru\/wp-json\/wp\/v2\/posts\/22210\/revisions\/22215"}],"wp:featuredmedia":[{"embeddable":true,"href":"https:\/\/adra.md\/ru\/wp-json\/wp\/v2\/media\/22212"}],"wp:attachment":[{"href":"https:\/\/adra.md\/ru\/wp-json\/wp\/v2\/media?parent=22210"}],"wp:term":[{"taxonomy":"category","embeddable":true,"href":"https:\/\/adra.md\/ru\/wp-json\/wp\/v2\/categories?post=22210"},{"taxonomy":"post_tag","embeddable":true,"href":"https:\/\/adra.md\/ru\/wp-json\/wp\/v2\/tags?post=22210"}],"curies":[{"name":"wp","href":"https:\/\/api.w.org\/{rel}","templated":true}]}}