{"id":22226,"date":"2025-04-06T20:54:37","date_gmt":"2025-04-06T20:54:37","guid":{"rendered":"https:\/\/adra.md\/?p=22226"},"modified":"2025-04-06T20:54:37","modified_gmt":"2025-04-06T20:54:37","slug":"conferinta-dedicata-sprijinirii-copiilor-cu-tsa","status":"publish","type":"post","link":"https:\/\/adra.md\/ru\/conferinta-dedicata-sprijinirii-copiilor-cu-tsa\/","title":{"rendered":"Conferin\u021ba dedicat\u0103 sprijinirii copiilor cu TSA"},"content":{"rendered":"<div class=\"xdj266r x11i5rnm xat24cr x1mh8g0r x1vvkbs x126k92a\">\n<div dir=\"auto\">Participarea ADRA la <img fetchpriority=\"high\" decoding=\"async\" class=\"alignnone size-large wp-image-22227\" src=\"https:\/\/adra.md\/wp-content\/uploads\/2025\/04\/470901913_17979135296795376_5119636369965543369_n-820x1024.jpg\" alt=\"\" width=\"800\" height=\"999\" srcset=\"https:\/\/adra.md\/wp-content\/uploads\/2025\/04\/470901913_17979135296795376_5119636369965543369_n-820x1024.jpg 820w, https:\/\/adra.md\/wp-content\/uploads\/2025\/04\/470901913_17979135296795376_5119636369965543369_n-240x300.jpg 240w, https:\/\/adra.md\/wp-content\/uploads\/2025\/04\/470901913_17979135296795376_5119636369965543369_n-768x959.jpg 768w, https:\/\/adra.md\/wp-content\/uploads\/2025\/04\/470901913_17979135296795376_5119636369965543369_n-10x12.jpg 10w, https:\/\/adra.md\/wp-content\/uploads\/2025\/04\/470901913_17979135296795376_5119636369965543369_n.jpg 1063w\" sizes=\"(max-width: 800px) 100vw, 800px\" \/> <img decoding=\"async\" class=\"alignnone size-large wp-image-22228\" src=\"https:\/\/adra.md\/wp-content\/uploads\/2025\/04\/470910790_17979135314795376_2573902968112804315_n-819x1024.jpg\" alt=\"\" width=\"800\" height=\"1000\" srcset=\"https:\/\/adra.md\/wp-content\/uploads\/2025\/04\/470910790_17979135314795376_2573902968112804315_n-819x1024.jpg 819w, https:\/\/adra.md\/wp-content\/uploads\/2025\/04\/470910790_17979135314795376_2573902968112804315_n-240x300.jpg 240w, https:\/\/adra.md\/wp-content\/uploads\/2025\/04\/470910790_17979135314795376_2573902968112804315_n-768x960.jpg 768w, https:\/\/adra.md\/wp-content\/uploads\/2025\/04\/470910790_17979135314795376_2573902968112804315_n-10x12.jpg 10w, https:\/\/adra.md\/wp-content\/uploads\/2025\/04\/470910790_17979135314795376_2573902968112804315_n.jpg 1044w\" sizes=\"(max-width: 800px) 100vw, 800px\" \/> <img decoding=\"async\" class=\"alignnone size-large wp-image-22229\" src=\"https:\/\/adra.md\/wp-content\/uploads\/2025\/04\/470910821_17979135287795376_7963250540850141224_n-819x1024.jpg\" alt=\"\" width=\"800\" height=\"1000\" srcset=\"https:\/\/adra.md\/wp-content\/uploads\/2025\/04\/470910821_17979135287795376_7963250540850141224_n-819x1024.jpg 819w, https:\/\/adra.md\/wp-content\/uploads\/2025\/04\/470910821_17979135287795376_7963250540850141224_n-240x300.jpg 240w, https:\/\/adra.md\/wp-content\/uploads\/2025\/04\/470910821_17979135287795376_7963250540850141224_n-768x960.jpg 768w, https:\/\/adra.md\/wp-content\/uploads\/2025\/04\/470910821_17979135287795376_7963250540850141224_n-1229x1536.jpg 1229w, https:\/\/adra.md\/wp-content\/uploads\/2025\/04\/470910821_17979135287795376_7963250540850141224_n-10x12.jpg 10w, https:\/\/adra.md\/wp-content\/uploads\/2025\/04\/470910821_17979135287795376_7963250540850141224_n.jpg 1440w\" sizes=\"(max-width: 800px) 100vw, 800px\" \/> <img loading=\"lazy\" decoding=\"async\" class=\"alignnone size-large wp-image-22230\" src=\"https:\/\/adra.md\/wp-content\/uploads\/2025\/04\/470919711_17979135311795376_1778793482087131558_n-819x1024.jpg\" alt=\"\" width=\"800\" height=\"1000\" srcset=\"https:\/\/adra.md\/wp-content\/uploads\/2025\/04\/470919711_17979135311795376_1778793482087131558_n-819x1024.jpg 819w, https:\/\/adra.md\/wp-content\/uploads\/2025\/04\/470919711_17979135311795376_1778793482087131558_n-240x300.jpg 240w, https:\/\/adra.md\/wp-content\/uploads\/2025\/04\/470919711_17979135311795376_1778793482087131558_n-768x960.jpg 768w, https:\/\/adra.md\/wp-content\/uploads\/2025\/04\/470919711_17979135311795376_1778793482087131558_n-1229x1536.jpg 1229w, https:\/\/adra.md\/wp-content\/uploads\/2025\/04\/470919711_17979135311795376_1778793482087131558_n-10x12.jpg 10w, https:\/\/adra.md\/wp-content\/uploads\/2025\/04\/470919711_17979135311795376_1778793482087131558_n.jpg 1440w\" sizes=\"(max-width: 800px) 100vw, 800px\" \/> <img loading=\"lazy\" decoding=\"async\" class=\"alignnone size-large wp-image-22231\" src=\"https:\/\/adra.md\/wp-content\/uploads\/2025\/04\/470920726_17979135266795376_8393763972582862205_n-819x1024.jpg\" alt=\"\" width=\"800\" height=\"1000\" srcset=\"https:\/\/adra.md\/wp-content\/uploads\/2025\/04\/470920726_17979135266795376_8393763972582862205_n-819x1024.jpg 819w, https:\/\/adra.md\/wp-content\/uploads\/2025\/04\/470920726_17979135266795376_8393763972582862205_n-240x300.jpg 240w, https:\/\/adra.md\/wp-content\/uploads\/2025\/04\/470920726_17979135266795376_8393763972582862205_n-768x960.jpg 768w, https:\/\/adra.md\/wp-content\/uploads\/2025\/04\/470920726_17979135266795376_8393763972582862205_n-1229x1536.jpg 1229w, https:\/\/adra.md\/wp-content\/uploads\/2025\/04\/470920726_17979135266795376_8393763972582862205_n-10x12.jpg 10w, https:\/\/adra.md\/wp-content\/uploads\/2025\/04\/470920726_17979135266795376_8393763972582862205_n.jpg 1440w\" sizes=\"(max-width: 800px) 100vw, 800px\" \/> <img loading=\"lazy\" decoding=\"async\" class=\"alignnone size-large wp-image-22232\" src=\"https:\/\/adra.md\/wp-content\/uploads\/2025\/04\/470938491_17979135278795376_5129046547571243168_n-819x1024.jpg\" alt=\"\" width=\"800\" height=\"1000\" srcset=\"https:\/\/adra.md\/wp-content\/uploads\/2025\/04\/470938491_17979135278795376_5129046547571243168_n-819x1024.jpg 819w, https:\/\/adra.md\/wp-content\/uploads\/2025\/04\/470938491_17979135278795376_5129046547571243168_n-240x300.jpg 240w, https:\/\/adra.md\/wp-content\/uploads\/2025\/04\/470938491_17979135278795376_5129046547571243168_n-768x960.jpg 768w, https:\/\/adra.md\/wp-content\/uploads\/2025\/04\/470938491_17979135278795376_5129046547571243168_n-1229x1536.jpg 1229w, https:\/\/adra.md\/wp-content\/uploads\/2025\/04\/470938491_17979135278795376_5129046547571243168_n-10x12.jpg 10w, https:\/\/adra.md\/wp-content\/uploads\/2025\/04\/470938491_17979135278795376_5129046547571243168_n.jpg 1440w\" sizes=\"(max-width: 800px) 100vw, 800px\" \/> \u0219i alte tulbur\u0103ri genetice din Moldova<\/div>\n<\/div>\n<div class=\"x11i5rnm xat24cr x1mh8g0r x1vvkbs xtlvy1s x126k92a\">\n<div dir=\"auto\">Am avut onoarea s\u0103 particip\u0103m, \u00een calitate de reprezentan\u021bi ADRA, la o conferin\u021b\u0103 important\u0103 care sprijin\u0103 proiectul \u201cAjutor pentru copiii cu TSA \u0219i alte tulbur\u0103ri genetice din Moldova\u201d, implementat cu dedicare de c\u0103tre <span class=\"html-span xdj266r x11i5rnm xat24cr x1mh8g0r xexx8yu x4uap5 x18d9i69 xkhd6sd x1hl2dhg x16tdsg8 x1vvkbs\"><a class=\"x1i10hfl xjbqb8w x1ejq31n xd10rxx x1sy0etr x17r0tee x972fbf xcfux6l x1qhh985 xm0m39n x9f619 x1ypdohk xt0psk2 xe8uvvx xdj266r x11i5rnm xat24cr x1mh8g0r xexx8yu x4uap5 x18d9i69 xkhd6sd x16tdsg8 x1hl2dhg xggy1nq x1a2a7pz xkrqix3 x1sur9pj x1fey0fg x1s688f\" tabindex=\"0\" role=\"link\" href=\"https:\/\/www.facebook.com\/sosautismmoldova?__cft__[0]=AZUOQIQCAnSOZb9f5nDP5B0Y-zzuvqnTKYdk_shEk_wUVeQyP56swL6PYDVyHD4cBLeKDpDLvwWK4NLOgaOWUOHA42WQOikK_oOnaddAhGRdQj3QgLVpyXlbNAR_Lm9I0OTcJXQT-x0lPdVz5z5ZisYrBok61oUCHTYU7ey3QS1_yJ67lq_lZKA5vO4v8h2BJVU&amp;__tn__=-]K-R\"><span class=\"xt0psk2\"><span class=\"xjp7ctv\">AO &#8221;SOS Autism&#8221; Moldova<\/span><\/span><\/a><\/span><\/div>\n<\/div>\n<div class=\"x11i5rnm xat24cr x1mh8g0r x1vvkbs xtlvy1s x126k92a\">\n<div dir=\"auto\">Evenimentul a reunit personalit\u0103\u021bi marcante \u0219i sus\u021bin\u0103tori ai acestei cauze:<\/div>\n<div dir=\"auto\"><span class=\"html-span xexx8yu x4uap5 x18d9i69 xkhd6sd x1hl2dhg x16tdsg8 x1vvkbs x3nfvp2 x1j61x8r x1fcty0u xdj266r xat24cr xgzva0m xhhsvwb xxymvpz xlup9mm x1kky2od\"><img loading=\"lazy\" decoding=\"async\" class=\"xz74otr x168nmei x13lgxp2 x5pf9jr xo71vjh\" src=\"https:\/\/static.xx.fbcdn.net\/images\/emoji.php\/v9\/t1d\/2\/16\/1f3a4.png\" alt=\"\ud83c\udfa4\" width=\"16\" height=\"16\" \/><\/span> Ambasadorul Republicii Cehe \u00een Republica Moldova<\/div>\n<div dir=\"auto\"><span class=\"html-span xexx8yu x4uap5 x18d9i69 xkhd6sd x1hl2dhg x16tdsg8 x1vvkbs x3nfvp2 x1j61x8r x1fcty0u xdj266r xat24cr xgzva0m xhhsvwb xxymvpz xlup9mm x1kky2od\"><img loading=\"lazy\" decoding=\"async\" class=\"xz74otr x168nmei x13lgxp2 x5pf9jr xo71vjh\" src=\"https:\/\/static.xx.fbcdn.net\/images\/emoji.php\/v9\/t1d\/2\/16\/1f3a4.png\" alt=\"\ud83c\udfa4\" width=\"16\" height=\"16\" \/><\/span> Ministrul Educa\u021biei \u0219i Cercet\u0103rii al Republicii Moldova<\/div>\n<div dir=\"auto\"><span class=\"html-span xexx8yu x4uap5 x18d9i69 xkhd6sd x1hl2dhg x16tdsg8 x1vvkbs x3nfvp2 x1j61x8r x1fcty0u xdj266r xat24cr xgzva0m xhhsvwb xxymvpz xlup9mm x1kky2od\"><img loading=\"lazy\" decoding=\"async\" class=\"xz74otr x168nmei x13lgxp2 x5pf9jr xo71vjh\" src=\"https:\/\/static.xx.fbcdn.net\/images\/emoji.php\/v9\/t1d\/2\/16\/1f3a4.png\" alt=\"\ud83c\udfa4\" width=\"16\" height=\"16\" \/><\/span> Reprezentan\u021bi ai ADRA Cehia<\/div>\n<div dir=\"auto\"><span class=\"html-span xexx8yu x4uap5 x18d9i69 xkhd6sd x1hl2dhg x16tdsg8 x1vvkbs x3nfvp2 x1j61x8r x1fcty0u xdj266r xat24cr xgzva0m xhhsvwb xxymvpz xlup9mm x1kky2od\"><img loading=\"lazy\" decoding=\"async\" class=\"xz74otr x168nmei x13lgxp2 x5pf9jr xo71vjh\" src=\"https:\/\/static.xx.fbcdn.net\/images\/emoji.php\/v9\/t1d\/2\/16\/1f3a4.png\" alt=\"\ud83c\udfa4\" width=\"16\" height=\"16\" \/><\/span> Reprezentan\u021bi ai Preturii Botanica<\/div>\n<div dir=\"auto\"><span class=\"html-span xexx8yu x4uap5 x18d9i69 xkhd6sd x1hl2dhg x16tdsg8 x1vvkbs x3nfvp2 x1j61x8r x1fcty0u xdj266r xat24cr xgzva0m xhhsvwb xxymvpz xlup9mm x1kky2od\"><img loading=\"lazy\" decoding=\"async\" class=\"xz74otr x168nmei x13lgxp2 x5pf9jr xo71vjh\" src=\"https:\/\/static.xx.fbcdn.net\/images\/emoji.php\/v9\/t1d\/2\/16\/1f3a4.png\" alt=\"\ud83c\udfa4\" width=\"16\" height=\"16\" \/><\/span> Psihopedagogi \u0219i organiza\u021bii beneficiare ale minigranturilor oferite \u00een cadrul proiectului.<\/div>\n<\/div>\n<div class=\"x11i5rnm xat24cr x1mh8g0r x1vvkbs xtlvy1s x126k92a\">\n<div dir=\"auto\">Pe l\u00e2ng\u0103 interven\u021biile valoroase ale vorbitorilor, conferin\u021ba a subliniat un aspect esen\u021bial: sprijinul acordat familiilor prin crearea platformelor auxiliare, cum este \u201c\u0218coala Mamelor\u201d. Aceste platforme ofer\u0103 p\u0103rin\u021bilor at\u00e2t suport psihologic, c\u00e2t \u0219i educa\u021bional, ajut\u00e2ndu-i s\u0103 \u00een\u021beleag\u0103 mai bine nevoile \u0219i s\u0103 creasc\u0103 armonios copiii cu TSA \u0219i tulbur\u0103ri genetice.<\/div>\n<\/div>\n<div class=\"x11i5rnm xat24cr x1mh8g0r x1vvkbs xtlvy1s x126k92a\">\n<div dir=\"auto\">Un moment emo\u021bionant al evenimentului a fost acompaniamentul muzical oferit de unul dintre absolven\u021bii SOS Autism, care a interpretat la pian compozi\u021bii proprii, demonstr\u00e2nd cum sprijinul potrivit poate transforma vie\u021bi. <span class=\"html-span xexx8yu x4uap5 x18d9i69 xkhd6sd x1hl2dhg x16tdsg8 x1vvkbs x3nfvp2 x1j61x8r x1fcty0u xdj266r xat24cr xgzva0m xhhsvwb xxymvpz xlup9mm x1kky2od\"><img loading=\"lazy\" decoding=\"async\" class=\"xz74otr x168nmei x13lgxp2 x5pf9jr xo71vjh\" src=\"https:\/\/static.xx.fbcdn.net\/images\/emoji.php\/v9\/tbe\/2\/16\/1f3b6.png\" alt=\"\ud83c\udfb6\" width=\"16\" height=\"16\" \/><\/span><\/div>\n<\/div>\n<div class=\"x11i5rnm xat24cr x1mh8g0r x1vvkbs xtlvy1s x126k92a\">\n<div dir=\"auto\">ADRA \u00ee\u0219i reafirm\u0103 angajamentul de a sprijini ini\u021biativele care aduc schimb\u0103ri reale \u00een via\u021ba celor afla\u021bi \u00een nevoie. \u00cempreun\u0103, putem construi un viitor mai bun pentru copiii cu nevoi speciale! <span class=\"html-span xexx8yu x4uap5 x18d9i69 xkhd6sd x1hl2dhg x16tdsg8 x1vvkbs x3nfvp2 x1j61x8r x1fcty0u xdj266r xat24cr xgzva0m xhhsvwb xxymvpz xlup9mm x1kky2od\"><img loading=\"lazy\" decoding=\"async\" class=\"xz74otr x168nmei x13lgxp2 x5pf9jr xo71vjh\" src=\"https:\/\/static.xx.fbcdn.net\/images\/emoji.php\/v9\/tee\/2\/16\/2600.png\" alt=\"\u2600\ufe0f\" width=\"16\" height=\"16\" \/><\/span><\/div>\n<\/div>\n<div class=\"x11i5rnm xat24cr x1mh8g0r x1vvkbs xtlvy1s x126k92a\">\n<div dir=\"auto\"><span class=\"html-span xdj266r x11i5rnm xat24cr x1mh8g0r xexx8yu x4uap5 x18d9i69 xkhd6sd x1hl2dhg x16tdsg8 x1vvkbs\"><a class=\"x1i10hfl xjbqb8w x1ejq31n xd10rxx x1sy0etr x17r0tee x972fbf xcfux6l x1qhh985 xm0m39n x9f619 x1ypdohk xt0psk2 xe8uvvx xdj266r x11i5rnm xat24cr x1mh8g0r xexx8yu x4uap5 x18d9i69 xkhd6sd x16tdsg8 x1hl2dhg xggy1nq x1a2a7pz xkrqix3 x1sur9pj x1fey0fg x1s688f\" tabindex=\"0\" role=\"link\" href=\"https:\/\/www.facebook.com\/hashtag\/adra?__eep__=6&amp;__cft__[0]=AZUOQIQCAnSOZb9f5nDP5B0Y-zzuvqnTKYdk_shEk_wUVeQyP56swL6PYDVyHD4cBLeKDpDLvwWK4NLOgaOWUOHA42WQOikK_oOnaddAhGRdQj3QgLVpyXlbNAR_Lm9I0OTcJXQT-x0lPdVz5z5ZisYrBok61oUCHTYU7ey3QS1_yJ67lq_lZKA5vO4v8h2BJVU&amp;__tn__=*NK-R\">#ADRA<\/a><\/span> <span class=\"html-span xdj266r x11i5rnm xat24cr x1mh8g0r xexx8yu x4uap5 x18d9i69 xkhd6sd x1hl2dhg x16tdsg8 x1vvkbs\"><a class=\"x1i10hfl xjbqb8w x1ejq31n xd10rxx x1sy0etr x17r0tee x972fbf xcfux6l x1qhh985 xm0m39n x9f619 x1ypdohk xt0psk2 xe8uvvx xdj266r x11i5rnm xat24cr x1mh8g0r xexx8yu x4uap5 x18d9i69 xkhd6sd x16tdsg8 x1hl2dhg xggy1nq x1a2a7pz xkrqix3 x1sur9pj x1fey0fg x1s688f\" tabindex=\"0\" role=\"link\" href=\"https:\/\/www.facebook.com\/hashtag\/sosautism?__eep__=6&amp;__cft__[0]=AZUOQIQCAnSOZb9f5nDP5B0Y-zzuvqnTKYdk_shEk_wUVeQyP56swL6PYDVyHD4cBLeKDpDLvwWK4NLOgaOWUOHA42WQOikK_oOnaddAhGRdQj3QgLVpyXlbNAR_Lm9I0OTcJXQT-x0lPdVz5z5ZisYrBok61oUCHTYU7ey3QS1_yJ67lq_lZKA5vO4v8h2BJVU&amp;__tn__=*NK-R\">#SosAutism<\/a><\/span> <span class=\"html-span xdj266r x11i5rnm xat24cr x1mh8g0r xexx8yu x4uap5 x18d9i69 xkhd6sd x1hl2dhg x16tdsg8 x1vvkbs\"><a class=\"x1i10hfl xjbqb8w x1ejq31n xd10rxx x1sy0etr x17r0tee x972fbf xcfux6l x1qhh985 xm0m39n x9f619 x1ypdohk xt0psk2 xe8uvvx xdj266r x11i5rnm xat24cr x1mh8g0r xexx8yu x4uap5 x18d9i69 xkhd6sd x16tdsg8 x1hl2dhg xggy1nq x1a2a7pz xkrqix3 x1sur9pj x1fey0fg x1s688f\" tabindex=\"0\" role=\"link\" href=\"https:\/\/www.facebook.com\/hashtag\/copiicutsa?__eep__=6&amp;__cft__[0]=AZUOQIQCAnSOZb9f5nDP5B0Y-zzuvqnTKYdk_shEk_wUVeQyP56swL6PYDVyHD4cBLeKDpDLvwWK4NLOgaOWUOHA42WQOikK_oOnaddAhGRdQj3QgLVpyXlbNAR_Lm9I0OTcJXQT-x0lPdVz5z5ZisYrBok61oUCHTYU7ey3QS1_yJ67lq_lZKA5vO4v8h2BJVU&amp;__tn__=*NK-R\">#CopiiCuTSA<\/a><\/span> <span class=\"html-span xdj266r x11i5rnm xat24cr x1mh8g0r xexx8yu x4uap5 x18d9i69 xkhd6sd x1hl2dhg x16tdsg8 x1vvkbs\"><a class=\"x1i10hfl xjbqb8w x1ejq31n xd10rxx x1sy0etr x17r0tee x972fbf xcfux6l x1qhh985 xm0m39n x9f619 x1ypdohk xt0psk2 xe8uvvx xdj266r x11i5rnm xat24cr x1mh8g0r xexx8yu x4uap5 x18d9i69 xkhd6sd x16tdsg8 x1hl2dhg xggy1nq x1a2a7pz xkrqix3 x1sur9pj x1fey0fg x1s688f\" tabindex=\"0\" role=\"link\" href=\"https:\/\/www.facebook.com\/hashtag\/sprijinpentruviitor?__eep__=6&amp;__cft__[0]=AZUOQIQCAnSOZb9f5nDP5B0Y-zzuvqnTKYdk_shEk_wUVeQyP56swL6PYDVyHD4cBLeKDpDLvwWK4NLOgaOWUOHA42WQOikK_oOnaddAhGRdQj3QgLVpyXlbNAR_Lm9I0OTcJXQT-x0lPdVz5z5ZisYrBok61oUCHTYU7ey3QS1_yJ67lq_lZKA5vO4v8h2BJVU&amp;__tn__=*NK-R\">#SprijinPentruViitor<\/a><\/span> <span class=\"html-span xdj266r x11i5rnm xat24cr x1mh8g0r xexx8yu x4uap5 x18d9i69 xkhd6sd x1hl2dhg x16tdsg8 x1vvkbs\"><a class=\"x1i10hfl xjbqb8w x1ejq31n xd10rxx x1sy0etr x17r0tee x972fbf xcfux6l x1qhh985 xm0m39n x9f619 x1ypdohk xt0psk2 xe8uvvx xdj266r x11i5rnm xat24cr x1mh8g0r xexx8yu x4uap5 x18d9i69 xkhd6sd x16tdsg8 x1hl2dhg xggy1nq x1a2a7pz xkrqix3 x1sur9pj x1fey0fg x1s688f\" tabindex=\"0\" role=\"link\" href=\"https:\/\/www.facebook.com\/hashtag\/educa%C8%9Bieincluziv%C4%83?__eep__=6&amp;__cft__[0]=AZUOQIQCAnSOZb9f5nDP5B0Y-zzuvqnTKYdk_shEk_wUVeQyP56swL6PYDVyHD4cBLeKDpDLvwWK4NLOgaOWUOHA42WQOikK_oOnaddAhGRdQj3QgLVpyXlbNAR_Lm9I0OTcJXQT-x0lPdVz5z5ZisYrBok61oUCHTYU7ey3QS1_yJ67lq_lZKA5vO4v8h2BJVU&amp;__tn__=*NK-R\">#educa\u021bieincluziv\u0103<\/a><\/span><\/div>\n<\/div>\n","protected":false},"excerpt":{"rendered":"<p>Participarea ADRA la \u0219i alte tulbur\u0103ri genetice din Moldova Am avut onoarea s\u0103 particip\u0103m, \u00een calitate de reprezentan\u021bi ADRA, la o conferin\u021b\u0103 important\u0103 care sprijin\u0103 proiectul \u201cAjutor pentru copiii cu TSA \u0219i alte tulbur\u0103ri genetice din Moldova\u201d, implementat cu dedicare de c\u0103tre AO &#8221;SOS Autism&#8221; Moldova Evenimentul a reunit personalit\u0103\u021bi marcante \u0219i sus\u021bin\u0103tori ai acestei [&hellip;]<\/p>\n","protected":false},"author":9,"featured_media":22229,"comment_status":"closed","ping_status":"closed","sticky":false,"template":"","format":"standard","meta":{"_acf_changed":false,"footnotes":""},"categories":[294],"tags":[],"class_list":["post-22226","post","type-post","status-publish","format-standard","has-post-thumbnail","hentry","category-news"],"acf":[],"yoast_head":"<!-- This site is optimized with the Yoast SEO plugin v27.4 - https:\/\/yoast.com\/product\/yoast-seo-wordpress\/ -->\n<title>Conferin\u021ba dedicat\u0103 sprijinirii copiilor cu TSA - ADRA Moldova<\/title>\n<meta name=\"robots\" content=\"index, follow, max-snippet:-1, max-image-preview:large, max-video-preview:-1\" \/>\n<link rel=\"canonical\" href=\"https:\/\/adra.md\/ru\/conferinta-dedicata-sprijinirii-copiilor-cu-tsa\/\" \/>\n<meta property=\"og:locale\" content=\"ru_RU\" \/>\n<meta property=\"og:type\" content=\"article\" \/>\n<meta property=\"og:title\" content=\"Conferin\u021ba dedicat\u0103 sprijinirii copiilor cu TSA - ADRA Moldova\" \/>\n<meta property=\"og:description\" content=\"Participarea ADRA la \u0219i alte tulbur\u0103ri genetice din Moldova Am avut onoarea s\u0103 particip\u0103m, \u00een calitate de reprezentan\u021bi ADRA, la o conferin\u021b\u0103 important\u0103 care sprijin\u0103 proiectul \u201cAjutor pentru copiii cu TSA \u0219i alte tulbur\u0103ri genetice din Moldova\u201d, implementat cu dedicare de c\u0103tre AO &#8221;SOS Autism&#8221; Moldova Evenimentul a reunit personalit\u0103\u021bi marcante \u0219i sus\u021bin\u0103tori ai acestei [&hellip;]\" \/>\n<meta property=\"og:url\" content=\"https:\/\/adra.md\/ru\/conferinta-dedicata-sprijinirii-copiilor-cu-tsa\/\" \/>\n<meta property=\"og:site_name\" content=\"ADRA Moldova\" \/>\n<meta property=\"article:published_time\" content=\"2025-04-06T20:54:37+00:00\" \/>\n<meta property=\"og:image\" content=\"https:\/\/adra.md\/wp-content\/uploads\/2025\/04\/470910821_17979135287795376_7963250540850141224_n.jpg\" \/>\n\t<meta property=\"og:image:width\" content=\"1440\" \/>\n\t<meta property=\"og:image:height\" content=\"1800\" \/>\n\t<meta property=\"og:image:type\" content=\"image\/jpeg\" \/>\n<meta name=\"author\" content=\"ADRA Moldova\" \/>\n<meta name=\"twitter:card\" content=\"summary_large_image\" \/>\n<meta name=\"twitter:label1\" content=\"\u041d\u0430\u043f\u0438\u0441\u0430\u043d\u043e \u0430\u0432\u0442\u043e\u0440\u043e\u043c\" \/>\n\t<meta name=\"twitter:data1\" content=\"ADRA Moldova\" \/>\n\t<meta name=\"twitter:label2\" content=\"\u041f\u0440\u0438\u043c\u0435\u0440\u043d\u043e\u0435 \u0432\u0440\u0435\u043c\u044f \u0434\u043b\u044f \u0447\u0442\u0435\u043d\u0438\u044f\" \/>\n\t<meta name=\"twitter:data2\" content=\"1 \u043c\u0438\u043d\u0443\u0442\u0430\" \/>\n<script type=\"application\/ld+json\" class=\"yoast-schema-graph\">{\"@context\":\"https:\\\/\\\/schema.org\",\"@graph\":[{\"@type\":\"Article\",\"@id\":\"https:\\\/\\\/adra.md\\\/conferinta-dedicata-sprijinirii-copiilor-cu-tsa\\\/#article\",\"isPartOf\":{\"@id\":\"https:\\\/\\\/adra.md\\\/conferinta-dedicata-sprijinirii-copiilor-cu-tsa\\\/\"},\"author\":{\"name\":\"ADRA Moldova\",\"@id\":\"https:\\\/\\\/adra.md\\\/#\\\/schema\\\/person\\\/b0181e611ee89738cefb7dc2db2bb8d1\"},\"headline\":\"Conferin\u021ba dedicat\u0103 sprijinirii copiilor cu TSA\",\"datePublished\":\"2025-04-06T20:54:37+00:00\",\"mainEntityOfPage\":{\"@id\":\"https:\\\/\\\/adra.md\\\/conferinta-dedicata-sprijinirii-copiilor-cu-tsa\\\/\"},\"wordCount\":243,\"publisher\":{\"@id\":\"https:\\\/\\\/adra.md\\\/#organization\"},\"image\":{\"@id\":\"https:\\\/\\\/adra.md\\\/conferinta-dedicata-sprijinirii-copiilor-cu-tsa\\\/#primaryimage\"},\"thumbnailUrl\":\"https:\\\/\\\/adra.md\\\/wp-content\\\/uploads\\\/2025\\\/04\\\/470910821_17979135287795376_7963250540850141224_n.jpg\",\"articleSection\":[\"News\"],\"inLanguage\":\"ru-RU\"},{\"@type\":\"WebPage\",\"@id\":\"https:\\\/\\\/adra.md\\\/conferinta-dedicata-sprijinirii-copiilor-cu-tsa\\\/\",\"url\":\"https:\\\/\\\/adra.md\\\/conferinta-dedicata-sprijinirii-copiilor-cu-tsa\\\/\",\"name\":\"Conferin\u021ba dedicat\u0103 sprijinirii copiilor cu TSA - ADRA Moldova\",\"isPartOf\":{\"@id\":\"https:\\\/\\\/adra.md\\\/#website\"},\"primaryImageOfPage\":{\"@id\":\"https:\\\/\\\/adra.md\\\/conferinta-dedicata-sprijinirii-copiilor-cu-tsa\\\/#primaryimage\"},\"image\":{\"@id\":\"https:\\\/\\\/adra.md\\\/conferinta-dedicata-sprijinirii-copiilor-cu-tsa\\\/#primaryimage\"},\"thumbnailUrl\":\"https:\\\/\\\/adra.md\\\/wp-content\\\/uploads\\\/2025\\\/04\\\/470910821_17979135287795376_7963250540850141224_n.jpg\",\"datePublished\":\"2025-04-06T20:54:37+00:00\",\"breadcrumb\":{\"@id\":\"https:\\\/\\\/adra.md\\\/conferinta-dedicata-sprijinirii-copiilor-cu-tsa\\\/#breadcrumb\"},\"inLanguage\":\"ru-RU\",\"potentialAction\":[{\"@type\":\"ReadAction\",\"target\":[\"https:\\\/\\\/adra.md\\\/conferinta-dedicata-sprijinirii-copiilor-cu-tsa\\\/\"]}]},{\"@type\":\"ImageObject\",\"inLanguage\":\"ru-RU\",\"@id\":\"https:\\\/\\\/adra.md\\\/conferinta-dedicata-sprijinirii-copiilor-cu-tsa\\\/#primaryimage\",\"url\":\"https:\\\/\\\/adra.md\\\/wp-content\\\/uploads\\\/2025\\\/04\\\/470910821_17979135287795376_7963250540850141224_n.jpg\",\"contentUrl\":\"https:\\\/\\\/adra.md\\\/wp-content\\\/uploads\\\/2025\\\/04\\\/470910821_17979135287795376_7963250540850141224_n.jpg\",\"width\":1440,\"height\":1800},{\"@type\":\"BreadcrumbList\",\"@id\":\"https:\\\/\\\/adra.md\\\/conferinta-dedicata-sprijinirii-copiilor-cu-tsa\\\/#breadcrumb\",\"itemListElement\":[{\"@type\":\"ListItem\",\"position\":1,\"name\":\"Home\",\"item\":\"https:\\\/\\\/adra.md\\\/\"},{\"@type\":\"ListItem\",\"position\":2,\"name\":\"Conferin\u021ba dedicat\u0103 sprijinirii copiilor cu TSA\"}]},{\"@type\":\"WebSite\",\"@id\":\"https:\\\/\\\/adra.md\\\/#website\",\"url\":\"https:\\\/\\\/adra.md\\\/\",\"name\":\"ADRA Moldova\",\"description\":\"Agen\u0163ia Adventist\u0103 pentru Dezvoltare, Refacere \u015fi Ajutor\",\"publisher\":{\"@id\":\"https:\\\/\\\/adra.md\\\/#organization\"},\"potentialAction\":[{\"@type\":\"SearchAction\",\"target\":{\"@type\":\"EntryPoint\",\"urlTemplate\":\"https:\\\/\\\/adra.md\\\/?s={search_term_string}\"},\"query-input\":{\"@type\":\"PropertyValueSpecification\",\"valueRequired\":true,\"valueName\":\"search_term_string\"}}],\"inLanguage\":\"ru-RU\"},{\"@type\":\"Organization\",\"@id\":\"https:\\\/\\\/adra.md\\\/#organization\",\"name\":\"ADRA Moldova\",\"url\":\"https:\\\/\\\/adra.md\\\/\",\"logo\":{\"@type\":\"ImageObject\",\"inLanguage\":\"ru-RU\",\"@id\":\"https:\\\/\\\/adra.md\\\/#\\\/schema\\\/logo\\\/image\\\/\",\"url\":\"https:\\\/\\\/adra.md\\\/wp-content\\\/uploads\\\/2019\\\/11\\\/group-435.png\",\"contentUrl\":\"https:\\\/\\\/adra.md\\\/wp-content\\\/uploads\\\/2019\\\/11\\\/group-435.png\",\"width\":500,\"height\":133,\"caption\":\"ADRA Moldova\"},\"image\":{\"@id\":\"https:\\\/\\\/adra.md\\\/#\\\/schema\\\/logo\\\/image\\\/\"}},{\"@type\":\"Person\",\"@id\":\"https:\\\/\\\/adra.md\\\/#\\\/schema\\\/person\\\/b0181e611ee89738cefb7dc2db2bb8d1\",\"name\":\"ADRA Moldova\",\"url\":\"https:\\\/\\\/adra.md\\\/ru\\\/author\\\/andrei-girleanu\\\/\"}]}<\/script>\n<!-- \/ Yoast SEO plugin. -->","yoast_head_json":{"title":"Conferin\u021ba dedicat\u0103 sprijinirii copiilor cu TSA - ADRA Moldova","robots":{"index":"index","follow":"follow","max-snippet":"max-snippet:-1","max-image-preview":"max-image-preview:large","max-video-preview":"max-video-preview:-1"},"canonical":"https:\/\/adra.md\/ru\/conferinta-dedicata-sprijinirii-copiilor-cu-tsa\/","og_locale":"ru_RU","og_type":"article","og_title":"Conferin\u021ba dedicat\u0103 sprijinirii copiilor cu TSA - ADRA Moldova","og_description":"Participarea ADRA la \u0219i alte tulbur\u0103ri genetice din Moldova Am avut onoarea s\u0103 particip\u0103m, \u00een calitate de reprezentan\u021bi ADRA, la o conferin\u021b\u0103 important\u0103 care sprijin\u0103 proiectul \u201cAjutor pentru copiii cu TSA \u0219i alte tulbur\u0103ri genetice din Moldova\u201d, implementat cu dedicare de c\u0103tre AO &#8221;SOS Autism&#8221; Moldova Evenimentul a reunit personalit\u0103\u021bi marcante \u0219i sus\u021bin\u0103tori ai acestei [&hellip;]","og_url":"https:\/\/adra.md\/ru\/conferinta-dedicata-sprijinirii-copiilor-cu-tsa\/","og_site_name":"ADRA Moldova","article_published_time":"2025-04-06T20:54:37+00:00","og_image":[{"width":1440,"height":1800,"url":"https:\/\/adra.md\/wp-content\/uploads\/2025\/04\/470910821_17979135287795376_7963250540850141224_n.jpg","type":"image\/jpeg"}],"author":"ADRA Moldova","twitter_card":"summary_large_image","twitter_misc":{"\u041d\u0430\u043f\u0438\u0441\u0430\u043d\u043e \u0430\u0432\u0442\u043e\u0440\u043e\u043c":"ADRA Moldova","\u041f\u0440\u0438\u043c\u0435\u0440\u043d\u043e\u0435 \u0432\u0440\u0435\u043c\u044f \u0434\u043b\u044f \u0447\u0442\u0435\u043d\u0438\u044f":"1 \u043c\u0438\u043d\u0443\u0442\u0430"},"schema":{"@context":"https:\/\/schema.org","@graph":[{"@type":"Article","@id":"https:\/\/adra.md\/conferinta-dedicata-sprijinirii-copiilor-cu-tsa\/#article","isPartOf":{"@id":"https:\/\/adra.md\/conferinta-dedicata-sprijinirii-copiilor-cu-tsa\/"},"author":{"name":"ADRA Moldova","@id":"https:\/\/adra.md\/#\/schema\/person\/b0181e611ee89738cefb7dc2db2bb8d1"},"headline":"Conferin\u021ba dedicat\u0103 sprijinirii copiilor cu TSA","datePublished":"2025-04-06T20:54:37+00:00","mainEntityOfPage":{"@id":"https:\/\/adra.md\/conferinta-dedicata-sprijinirii-copiilor-cu-tsa\/"},"wordCount":243,"publisher":{"@id":"https:\/\/adra.md\/#organization"},"image":{"@id":"https:\/\/adra.md\/conferinta-dedicata-sprijinirii-copiilor-cu-tsa\/#primaryimage"},"thumbnailUrl":"https:\/\/adra.md\/wp-content\/uploads\/2025\/04\/470910821_17979135287795376_7963250540850141224_n.jpg","articleSection":["News"],"inLanguage":"ru-RU"},{"@type":"WebPage","@id":"https:\/\/adra.md\/conferinta-dedicata-sprijinirii-copiilor-cu-tsa\/","url":"https:\/\/adra.md\/conferinta-dedicata-sprijinirii-copiilor-cu-tsa\/","name":"Conferin\u021ba dedicat\u0103 sprijinirii copiilor cu TSA - ADRA Moldova","isPartOf":{"@id":"https:\/\/adra.md\/#website"},"primaryImageOfPage":{"@id":"https:\/\/adra.md\/conferinta-dedicata-sprijinirii-copiilor-cu-tsa\/#primaryimage"},"image":{"@id":"https:\/\/adra.md\/conferinta-dedicata-sprijinirii-copiilor-cu-tsa\/#primaryimage"},"thumbnailUrl":"https:\/\/adra.md\/wp-content\/uploads\/2025\/04\/470910821_17979135287795376_7963250540850141224_n.jpg","datePublished":"2025-04-06T20:54:37+00:00","breadcrumb":{"@id":"https:\/\/adra.md\/conferinta-dedicata-sprijinirii-copiilor-cu-tsa\/#breadcrumb"},"inLanguage":"ru-RU","potentialAction":[{"@type":"ReadAction","target":["https:\/\/adra.md\/conferinta-dedicata-sprijinirii-copiilor-cu-tsa\/"]}]},{"@type":"ImageObject","inLanguage":"ru-RU","@id":"https:\/\/adra.md\/conferinta-dedicata-sprijinirii-copiilor-cu-tsa\/#primaryimage","url":"https:\/\/adra.md\/wp-content\/uploads\/2025\/04\/470910821_17979135287795376_7963250540850141224_n.jpg","contentUrl":"https:\/\/adra.md\/wp-content\/uploads\/2025\/04\/470910821_17979135287795376_7963250540850141224_n.jpg","width":1440,"height":1800},{"@type":"BreadcrumbList","@id":"https:\/\/adra.md\/conferinta-dedicata-sprijinirii-copiilor-cu-tsa\/#breadcrumb","itemListElement":[{"@type":"ListItem","position":1,"name":"Home","item":"https:\/\/adra.md\/"},{"@type":"ListItem","position":2,"name":"Conferin\u021ba dedicat\u0103 sprijinirii copiilor cu TSA"}]},{"@type":"WebSite","@id":"https:\/\/adra.md\/#website","url":"https:\/\/adra.md\/","name":"ADRA Moldova","description":"Agen\u0163ia Adventist\u0103 pentru Dezvoltare, Refacere \u015fi Ajutor","publisher":{"@id":"https:\/\/adra.md\/#organization"},"potentialAction":[{"@type":"SearchAction","target":{"@type":"EntryPoint","urlTemplate":"https:\/\/adra.md\/?s={search_term_string}"},"query-input":{"@type":"PropertyValueSpecification","valueRequired":true,"valueName":"search_term_string"}}],"inLanguage":"ru-RU"},{"@type":"Organization","@id":"https:\/\/adra.md\/#organization","name":"ADRA Moldova","url":"https:\/\/adra.md\/","logo":{"@type":"ImageObject","inLanguage":"ru-RU","@id":"https:\/\/adra.md\/#\/schema\/logo\/image\/","url":"https:\/\/adra.md\/wp-content\/uploads\/2019\/11\/group-435.png","contentUrl":"https:\/\/adra.md\/wp-content\/uploads\/2019\/11\/group-435.png","width":500,"height":133,"caption":"ADRA Moldova"},"image":{"@id":"https:\/\/adra.md\/#\/schema\/logo\/image\/"}},{"@type":"Person","@id":"https:\/\/adra.md\/#\/schema\/person\/b0181e611ee89738cefb7dc2db2bb8d1","name":"ADRA Moldova","url":"https:\/\/adra.md\/ru\/author\/andrei-girleanu\/"}]}},"_links":{"self":[{"href":"https:\/\/adra.md\/ru\/wp-json\/wp\/v2\/posts\/22226","targetHints":{"allow":["GET"]}}],"collection":[{"href":"https:\/\/adra.md\/ru\/wp-json\/wp\/v2\/posts"}],"about":[{"href":"https:\/\/adra.md\/ru\/wp-json\/wp\/v2\/types\/post"}],"author":[{"embeddable":true,"href":"https:\/\/adra.md\/ru\/wp-json\/wp\/v2\/users\/9"}],"replies":[{"embeddable":true,"href":"https:\/\/adra.md\/ru\/wp-json\/wp\/v2\/comments?post=22226"}],"version-history":[{"count":1,"href":"https:\/\/adra.md\/ru\/wp-json\/wp\/v2\/posts\/22226\/revisions"}],"predecessor-version":[{"id":22233,"href":"https:\/\/adra.md\/ru\/wp-json\/wp\/v2\/posts\/22226\/revisions\/22233"}],"wp:featuredmedia":[{"embeddable":true,"href":"https:\/\/adra.md\/ru\/wp-json\/wp\/v2\/media\/22229"}],"wp:attachment":[{"href":"https:\/\/adra.md\/ru\/wp-json\/wp\/v2\/media?parent=22226"}],"wp:term":[{"taxonomy":"category","embeddable":true,"href":"https:\/\/adra.md\/ru\/wp-json\/wp\/v2\/categories?post=22226"},{"taxonomy":"post_tag","embeddable":true,"href":"https:\/\/adra.md\/ru\/wp-json\/wp\/v2\/tags?post=22226"}],"curies":[{"name":"wp","href":"https:\/\/api.w.org\/{rel}","templated":true}]}}