{"id":22256,"date":"2025-04-06T21:03:57","date_gmt":"2025-04-06T21:03:57","guid":{"rendered":"https:\/\/adra.md\/?p=22256"},"modified":"2025-04-06T21:03:57","modified_gmt":"2025-04-06T21:03:57","slug":"prevenirea-exploatarii-si-abuzului-sexual","status":"publish","type":"post","link":"https:\/\/adra.md\/ru\/prevenirea-exploatarii-si-abuzului-sexual\/","title":{"rendered":"Prevenirea exploat\u0103rii \u0219i abuzului sexual"},"content":{"rendered":"<div class=\"xdj266r x11i5rnm xat24cr x1mh8g0r x1vvkbs x126k92a\">\n<div dir=\"auto\">Recent, OIM Moldova a desf\u0103\u0219urat o sesiune de perfec\u021bionare privind prevenirea exploat\u0103rii \u0219i abuzului sexual (PSEA) pentru personalul ONG-ului ADRA, care activeaz\u0103 pe malul st\u00e2ng.<\/div>\n<\/div>\n<div class=\"x11i5rnm xat24cr x1mh8g0r x1vvkbs xtlvy1s x126k92a\">\n<div dir=\"auto\"><span class=\"html-span xexx8yu x4uap5 x18d9i69 xkhd6sd x1hl2dhg x16tdsg8 x1vvkbs x3nfvp2 x1j61x8r x1fcty0u xdj266r xat24cr xgzva0m xhhsvwb xxymvpz xlup9mm x1kky2od\"><img decoding=\"async\" class=\"xz74otr x168nmei x13lgxp2 x5pf9jr xo71vjh\" src=\"https:\/\/static.xx.fbcdn.net\/images\/emoji.php\/v9\/te8\/2\/16\/1f4da.png\" alt=\"\ud83d\udcda\" width=\"16\" height=\"16\" \/><\/span> Instruirea a oferit celor 10 participan\u021bi cuno\u0219tin\u021be \u0219i instrumente actualizate pentru a identifica, aborda \u0219i preveni \u00een mod eficient cazurile de exploatare \u0219i abuz sexual. Subiectele cheie au inclus recunoa\u0219terea riscurilor, \u00een\u021belegerea mecanismelor de raportare, referin\u021be \u0219i valorificarea rolului re\u021belelor PSEA din Moldova pentru a consolida eforturile de prevenire \u0219i r\u0103spuns. Sesiunea a pus accentul pe o abordare centrat\u0103 pe victim\u0103, \u00eencuraj\u00e2nd practicile etice \u0219i r\u0103spunsurile empatice la incidente.<\/div>\n<\/div>\n<div class=\"x11i5rnm xat24cr x1mh8g0r x1vvkbs xtlvy1s x126k92a\">\n<div dir=\"auto\"><span class=\"html-span xexx8yu x4uap5 x18d9i69 xkhd6sd x1hl2dhg x16tdsg8 x1vvkbs x3nfvp2 x1j61x8r x1fcty0u xdj266r xat24cr xgzva0m xhhsvwb xxymvpz xlup9mm x1kky2od\"><img decoding=\"async\" class=\"xz74otr x168nmei x13lgxp2 x5pf9jr xo71vjh\" src=\"https:\/\/static.xx.fbcdn.net\/images\/emoji.php\/v9\/t3c\/2\/16\/1f1ea_1f1fa.png\" alt=\"\ud83c\uddea\ud83c\uddfa\" width=\"16\" height=\"16\" \/><\/span> Trainingul, posibil datorit\u0103 sprijinului generos al Uniunii Europene, reflect\u0103 eforturile continue ale OIM de a proteja comunit\u0103\u021bile vulnerabile \u0219i de a promova practicile etice \u00een r\u0103spunsul umanitar.<\/div>\n<\/div>\n<div dir=\"auto\"><img fetchpriority=\"high\" decoding=\"async\" class=\"alignnone size-large wp-image-22257\" src=\"https:\/\/adra.md\/wp-content\/uploads\/2025\/04\/487175420_1092130639621937_2188459055668647832_n-1024x628.jpg\" alt=\"\" width=\"800\" height=\"491\" srcset=\"https:\/\/adra.md\/wp-content\/uploads\/2025\/04\/487175420_1092130639621937_2188459055668647832_n-1024x628.jpg 1024w, https:\/\/adra.md\/wp-content\/uploads\/2025\/04\/487175420_1092130639621937_2188459055668647832_n-300x184.jpg 300w, https:\/\/adra.md\/wp-content\/uploads\/2025\/04\/487175420_1092130639621937_2188459055668647832_n-768x471.jpg 768w, https:\/\/adra.md\/wp-content\/uploads\/2025\/04\/487175420_1092130639621937_2188459055668647832_n-1536x941.jpg 1536w, https:\/\/adra.md\/wp-content\/uploads\/2025\/04\/487175420_1092130639621937_2188459055668647832_n-18x12.jpg 18w, https:\/\/adra.md\/wp-content\/uploads\/2025\/04\/487175420_1092130639621937_2188459055668647832_n-2000x1226.jpg 2000w, https:\/\/adra.md\/wp-content\/uploads\/2025\/04\/487175420_1092130639621937_2188459055668647832_n.jpg 2048w\" sizes=\"(max-width: 800px) 100vw, 800px\" \/> <img loading=\"lazy\" decoding=\"async\" class=\"alignnone size-large wp-image-22258\" src=\"https:\/\/adra.md\/wp-content\/uploads\/2025\/04\/487273685_1092130892955245_8714841165945702057_n-1024x683.jpg\" alt=\"\" width=\"800\" height=\"534\" srcset=\"https:\/\/adra.md\/wp-content\/uploads\/2025\/04\/487273685_1092130892955245_8714841165945702057_n-1024x683.jpg 1024w, https:\/\/adra.md\/wp-content\/uploads\/2025\/04\/487273685_1092130892955245_8714841165945702057_n-300x200.jpg 300w, https:\/\/adra.md\/wp-content\/uploads\/2025\/04\/487273685_1092130892955245_8714841165945702057_n-768x512.jpg 768w, https:\/\/adra.md\/wp-content\/uploads\/2025\/04\/487273685_1092130892955245_8714841165945702057_n-1536x1024.jpg 1536w, https:\/\/adra.md\/wp-content\/uploads\/2025\/04\/487273685_1092130892955245_8714841165945702057_n-18x12.jpg 18w, https:\/\/adra.md\/wp-content\/uploads\/2025\/04\/487273685_1092130892955245_8714841165945702057_n-2000x1333.jpg 2000w, https:\/\/adra.md\/wp-content\/uploads\/2025\/04\/487273685_1092130892955245_8714841165945702057_n.jpg 2048w\" sizes=\"(max-width: 800px) 100vw, 800px\" \/> <img loading=\"lazy\" decoding=\"async\" class=\"alignnone size-large wp-image-22259\" src=\"https:\/\/adra.md\/wp-content\/uploads\/2025\/04\/487857130_1092130829621918_4380661132920431139_n-1024x683.jpg\" alt=\"\" width=\"800\" height=\"534\" srcset=\"https:\/\/adra.md\/wp-content\/uploads\/2025\/04\/487857130_1092130829621918_4380661132920431139_n-1024x683.jpg 1024w, https:\/\/adra.md\/wp-content\/uploads\/2025\/04\/487857130_1092130829621918_4380661132920431139_n-300x200.jpg 300w, https:\/\/adra.md\/wp-content\/uploads\/2025\/04\/487857130_1092130829621918_4380661132920431139_n-768x512.jpg 768w, https:\/\/adra.md\/wp-content\/uploads\/2025\/04\/487857130_1092130829621918_4380661132920431139_n-1536x1024.jpg 1536w, https:\/\/adra.md\/wp-content\/uploads\/2025\/04\/487857130_1092130829621918_4380661132920431139_n-18x12.jpg 18w, https:\/\/adra.md\/wp-content\/uploads\/2025\/04\/487857130_1092130829621918_4380661132920431139_n-2000x1333.jpg 2000w, https:\/\/adra.md\/wp-content\/uploads\/2025\/04\/487857130_1092130829621918_4380661132920431139_n.jpg 2048w\" sizes=\"(max-width: 800px) 100vw, 800px\" \/> <img loading=\"lazy\" decoding=\"async\" class=\"alignnone size-large wp-image-22260\" src=\"https:\/\/adra.md\/wp-content\/uploads\/2025\/04\/488260672_1092130896288578_4206355756043469163_n-1024x712.jpg\" alt=\"\" width=\"800\" height=\"556\" srcset=\"https:\/\/adra.md\/wp-content\/uploads\/2025\/04\/488260672_1092130896288578_4206355756043469163_n-1024x712.jpg 1024w, https:\/\/adra.md\/wp-content\/uploads\/2025\/04\/488260672_1092130896288578_4206355756043469163_n-300x208.jpg 300w, https:\/\/adra.md\/wp-content\/uploads\/2025\/04\/488260672_1092130896288578_4206355756043469163_n-768x534.jpg 768w, https:\/\/adra.md\/wp-content\/uploads\/2025\/04\/488260672_1092130896288578_4206355756043469163_n-1536x1067.jpg 1536w, https:\/\/adra.md\/wp-content\/uploads\/2025\/04\/488260672_1092130896288578_4206355756043469163_n-18x12.jpg 18w, https:\/\/adra.md\/wp-content\/uploads\/2025\/04\/488260672_1092130896288578_4206355756043469163_n-2000x1390.jpg 2000w, https:\/\/adra.md\/wp-content\/uploads\/2025\/04\/488260672_1092130896288578_4206355756043469163_n.jpg 2048w\" sizes=\"(max-width: 800px) 100vw, 800px\" \/> <img loading=\"lazy\" decoding=\"async\" class=\"alignnone size-large wp-image-22261\" src=\"https:\/\/adra.md\/wp-content\/uploads\/2025\/04\/488405481_1092131059621895_5130782119352328518_n-1024x683.jpg\" alt=\"\" width=\"800\" height=\"534\" srcset=\"https:\/\/adra.md\/wp-content\/uploads\/2025\/04\/488405481_1092131059621895_5130782119352328518_n-1024x683.jpg 1024w, https:\/\/adra.md\/wp-content\/uploads\/2025\/04\/488405481_1092131059621895_5130782119352328518_n-300x200.jpg 300w, https:\/\/adra.md\/wp-content\/uploads\/2025\/04\/488405481_1092131059621895_5130782119352328518_n-768x512.jpg 768w, https:\/\/adra.md\/wp-content\/uploads\/2025\/04\/488405481_1092131059621895_5130782119352328518_n-1536x1024.jpg 1536w, https:\/\/adra.md\/wp-content\/uploads\/2025\/04\/488405481_1092131059621895_5130782119352328518_n-18x12.jpg 18w, https:\/\/adra.md\/wp-content\/uploads\/2025\/04\/488405481_1092131059621895_5130782119352328518_n-2000x1333.jpg 2000w, https:\/\/adra.md\/wp-content\/uploads\/2025\/04\/488405481_1092131059621895_5130782119352328518_n.jpg 2048w\" sizes=\"(max-width: 800px) 100vw, 800px\" \/><\/div>","protected":false},"excerpt":{"rendered":"<p>Recent, OIM Moldova a desf\u0103\u0219urat o sesiune de perfec\u021bionare privind prevenirea exploat\u0103rii \u0219i abuzului sexual (PSEA) pentru personalul ONG-ului ADRA, care activeaz\u0103 pe malul st\u00e2ng. Instruirea a oferit celor 10 participan\u021bi cuno\u0219tin\u021be \u0219i instrumente actualizate pentru a identifica, aborda \u0219i preveni \u00een mod eficient cazurile de exploatare \u0219i abuz sexual. Subiectele cheie au inclus recunoa\u0219terea [&hellip;]<\/p>\n","protected":false},"author":9,"featured_media":22261,"comment_status":"closed","ping_status":"closed","sticky":false,"template":"","format":"standard","meta":{"_acf_changed":false,"footnotes":""},"categories":[294],"tags":[],"class_list":["post-22256","post","type-post","status-publish","format-standard","has-post-thumbnail","hentry","category-news"],"acf":[],"yoast_head":"<!-- This site is optimized with the Yoast SEO plugin v27.4 - https:\/\/yoast.com\/product\/yoast-seo-wordpress\/ -->\n<title>Prevenirea exploat\u0103rii \u0219i abuzului sexual - ADRA Moldova<\/title>\n<meta name=\"robots\" content=\"index, follow, max-snippet:-1, max-image-preview:large, max-video-preview:-1\" \/>\n<link rel=\"canonical\" href=\"https:\/\/adra.md\/ru\/prevenirea-exploatarii-si-abuzului-sexual\/\" \/>\n<meta property=\"og:locale\" content=\"ru_RU\" \/>\n<meta property=\"og:type\" content=\"article\" \/>\n<meta property=\"og:title\" content=\"Prevenirea exploat\u0103rii \u0219i abuzului sexual - ADRA Moldova\" \/>\n<meta property=\"og:description\" content=\"Recent, OIM Moldova a desf\u0103\u0219urat o sesiune de perfec\u021bionare privind prevenirea exploat\u0103rii \u0219i abuzului sexual (PSEA) pentru personalul ONG-ului ADRA, care activeaz\u0103 pe malul st\u00e2ng. Instruirea a oferit celor 10 participan\u021bi cuno\u0219tin\u021be \u0219i instrumente actualizate pentru a identifica, aborda \u0219i preveni \u00een mod eficient cazurile de exploatare \u0219i abuz sexual. Subiectele cheie au inclus recunoa\u0219terea [&hellip;]\" \/>\n<meta property=\"og:url\" content=\"https:\/\/adra.md\/ru\/prevenirea-exploatarii-si-abuzului-sexual\/\" \/>\n<meta property=\"og:site_name\" content=\"ADRA Moldova\" \/>\n<meta property=\"article:published_time\" content=\"2025-04-06T21:03:57+00:00\" \/>\n<meta property=\"og:image\" content=\"https:\/\/adra.md\/wp-content\/uploads\/2025\/04\/488405481_1092131059621895_5130782119352328518_n.jpg\" \/>\n\t<meta property=\"og:image:width\" content=\"2048\" \/>\n\t<meta property=\"og:image:height\" content=\"1365\" \/>\n\t<meta property=\"og:image:type\" content=\"image\/jpeg\" \/>\n<meta name=\"author\" content=\"ADRA Moldova\" \/>\n<meta name=\"twitter:card\" content=\"summary_large_image\" \/>\n<meta name=\"twitter:label1\" content=\"\u041d\u0430\u043f\u0438\u0441\u0430\u043d\u043e \u0430\u0432\u0442\u043e\u0440\u043e\u043c\" \/>\n\t<meta name=\"twitter:data1\" content=\"ADRA Moldova\" \/>\n\t<meta name=\"twitter:label2\" content=\"\u041f\u0440\u0438\u043c\u0435\u0440\u043d\u043e\u0435 \u0432\u0440\u0435\u043c\u044f \u0434\u043b\u044f \u0447\u0442\u0435\u043d\u0438\u044f\" \/>\n\t<meta name=\"twitter:data2\" content=\"1 \u043c\u0438\u043d\u0443\u0442\u0430\" \/>\n<script type=\"application\/ld+json\" class=\"yoast-schema-graph\">{\"@context\":\"https:\\\/\\\/schema.org\",\"@graph\":[{\"@type\":\"Article\",\"@id\":\"https:\\\/\\\/adra.md\\\/prevenirea-exploatarii-si-abuzului-sexual\\\/#article\",\"isPartOf\":{\"@id\":\"https:\\\/\\\/adra.md\\\/prevenirea-exploatarii-si-abuzului-sexual\\\/\"},\"author\":{\"name\":\"ADRA Moldova\",\"@id\":\"https:\\\/\\\/adra.md\\\/#\\\/schema\\\/person\\\/b0181e611ee89738cefb7dc2db2bb8d1\"},\"headline\":\"Prevenirea exploat\u0103rii \u0219i abuzului sexual\",\"datePublished\":\"2025-04-06T21:03:57+00:00\",\"mainEntityOfPage\":{\"@id\":\"https:\\\/\\\/adra.md\\\/prevenirea-exploatarii-si-abuzului-sexual\\\/\"},\"wordCount\":142,\"publisher\":{\"@id\":\"https:\\\/\\\/adra.md\\\/#organization\"},\"image\":{\"@id\":\"https:\\\/\\\/adra.md\\\/prevenirea-exploatarii-si-abuzului-sexual\\\/#primaryimage\"},\"thumbnailUrl\":\"https:\\\/\\\/adra.md\\\/wp-content\\\/uploads\\\/2025\\\/04\\\/488405481_1092131059621895_5130782119352328518_n.jpg\",\"articleSection\":[\"News\"],\"inLanguage\":\"ru-RU\"},{\"@type\":\"WebPage\",\"@id\":\"https:\\\/\\\/adra.md\\\/prevenirea-exploatarii-si-abuzului-sexual\\\/\",\"url\":\"https:\\\/\\\/adra.md\\\/prevenirea-exploatarii-si-abuzului-sexual\\\/\",\"name\":\"Prevenirea exploat\u0103rii \u0219i abuzului sexual - ADRA Moldova\",\"isPartOf\":{\"@id\":\"https:\\\/\\\/adra.md\\\/#website\"},\"primaryImageOfPage\":{\"@id\":\"https:\\\/\\\/adra.md\\\/prevenirea-exploatarii-si-abuzului-sexual\\\/#primaryimage\"},\"image\":{\"@id\":\"https:\\\/\\\/adra.md\\\/prevenirea-exploatarii-si-abuzului-sexual\\\/#primaryimage\"},\"thumbnailUrl\":\"https:\\\/\\\/adra.md\\\/wp-content\\\/uploads\\\/2025\\\/04\\\/488405481_1092131059621895_5130782119352328518_n.jpg\",\"datePublished\":\"2025-04-06T21:03:57+00:00\",\"breadcrumb\":{\"@id\":\"https:\\\/\\\/adra.md\\\/prevenirea-exploatarii-si-abuzului-sexual\\\/#breadcrumb\"},\"inLanguage\":\"ru-RU\",\"potentialAction\":[{\"@type\":\"ReadAction\",\"target\":[\"https:\\\/\\\/adra.md\\\/prevenirea-exploatarii-si-abuzului-sexual\\\/\"]}]},{\"@type\":\"ImageObject\",\"inLanguage\":\"ru-RU\",\"@id\":\"https:\\\/\\\/adra.md\\\/prevenirea-exploatarii-si-abuzului-sexual\\\/#primaryimage\",\"url\":\"https:\\\/\\\/adra.md\\\/wp-content\\\/uploads\\\/2025\\\/04\\\/488405481_1092131059621895_5130782119352328518_n.jpg\",\"contentUrl\":\"https:\\\/\\\/adra.md\\\/wp-content\\\/uploads\\\/2025\\\/04\\\/488405481_1092131059621895_5130782119352328518_n.jpg\",\"width\":2048,\"height\":1365},{\"@type\":\"BreadcrumbList\",\"@id\":\"https:\\\/\\\/adra.md\\\/prevenirea-exploatarii-si-abuzului-sexual\\\/#breadcrumb\",\"itemListElement\":[{\"@type\":\"ListItem\",\"position\":1,\"name\":\"Home\",\"item\":\"https:\\\/\\\/adra.md\\\/\"},{\"@type\":\"ListItem\",\"position\":2,\"name\":\"Prevenirea exploat\u0103rii \u0219i abuzului sexual\"}]},{\"@type\":\"WebSite\",\"@id\":\"https:\\\/\\\/adra.md\\\/#website\",\"url\":\"https:\\\/\\\/adra.md\\\/\",\"name\":\"ADRA Moldova\",\"description\":\"Agen\u0163ia Adventist\u0103 pentru Dezvoltare, Refacere \u015fi Ajutor\",\"publisher\":{\"@id\":\"https:\\\/\\\/adra.md\\\/#organization\"},\"potentialAction\":[{\"@type\":\"SearchAction\",\"target\":{\"@type\":\"EntryPoint\",\"urlTemplate\":\"https:\\\/\\\/adra.md\\\/?s={search_term_string}\"},\"query-input\":{\"@type\":\"PropertyValueSpecification\",\"valueRequired\":true,\"valueName\":\"search_term_string\"}}],\"inLanguage\":\"ru-RU\"},{\"@type\":\"Organization\",\"@id\":\"https:\\\/\\\/adra.md\\\/#organization\",\"name\":\"ADRA Moldova\",\"url\":\"https:\\\/\\\/adra.md\\\/\",\"logo\":{\"@type\":\"ImageObject\",\"inLanguage\":\"ru-RU\",\"@id\":\"https:\\\/\\\/adra.md\\\/#\\\/schema\\\/logo\\\/image\\\/\",\"url\":\"https:\\\/\\\/adra.md\\\/wp-content\\\/uploads\\\/2019\\\/11\\\/group-435.png\",\"contentUrl\":\"https:\\\/\\\/adra.md\\\/wp-content\\\/uploads\\\/2019\\\/11\\\/group-435.png\",\"width\":500,\"height\":133,\"caption\":\"ADRA Moldova\"},\"image\":{\"@id\":\"https:\\\/\\\/adra.md\\\/#\\\/schema\\\/logo\\\/image\\\/\"}},{\"@type\":\"Person\",\"@id\":\"https:\\\/\\\/adra.md\\\/#\\\/schema\\\/person\\\/b0181e611ee89738cefb7dc2db2bb8d1\",\"name\":\"ADRA Moldova\",\"url\":\"https:\\\/\\\/adra.md\\\/ru\\\/author\\\/andrei-girleanu\\\/\"}]}<\/script>\n<!-- \/ Yoast SEO plugin. -->","yoast_head_json":{"title":"Prevenirea exploat\u0103rii \u0219i abuzului sexual - ADRA Moldova","robots":{"index":"index","follow":"follow","max-snippet":"max-snippet:-1","max-image-preview":"max-image-preview:large","max-video-preview":"max-video-preview:-1"},"canonical":"https:\/\/adra.md\/ru\/prevenirea-exploatarii-si-abuzului-sexual\/","og_locale":"ru_RU","og_type":"article","og_title":"Prevenirea exploat\u0103rii \u0219i abuzului sexual - ADRA Moldova","og_description":"Recent, OIM Moldova a desf\u0103\u0219urat o sesiune de perfec\u021bionare privind prevenirea exploat\u0103rii \u0219i abuzului sexual (PSEA) pentru personalul ONG-ului ADRA, care activeaz\u0103 pe malul st\u00e2ng. Instruirea a oferit celor 10 participan\u021bi cuno\u0219tin\u021be \u0219i instrumente actualizate pentru a identifica, aborda \u0219i preveni \u00een mod eficient cazurile de exploatare \u0219i abuz sexual. Subiectele cheie au inclus recunoa\u0219terea [&hellip;]","og_url":"https:\/\/adra.md\/ru\/prevenirea-exploatarii-si-abuzului-sexual\/","og_site_name":"ADRA Moldova","article_published_time":"2025-04-06T21:03:57+00:00","og_image":[{"width":2048,"height":1365,"url":"https:\/\/adra.md\/wp-content\/uploads\/2025\/04\/488405481_1092131059621895_5130782119352328518_n.jpg","type":"image\/jpeg"}],"author":"ADRA Moldova","twitter_card":"summary_large_image","twitter_misc":{"\u041d\u0430\u043f\u0438\u0441\u0430\u043d\u043e \u0430\u0432\u0442\u043e\u0440\u043e\u043c":"ADRA Moldova","\u041f\u0440\u0438\u043c\u0435\u0440\u043d\u043e\u0435 \u0432\u0440\u0435\u043c\u044f \u0434\u043b\u044f \u0447\u0442\u0435\u043d\u0438\u044f":"1 \u043c\u0438\u043d\u0443\u0442\u0430"},"schema":{"@context":"https:\/\/schema.org","@graph":[{"@type":"Article","@id":"https:\/\/adra.md\/prevenirea-exploatarii-si-abuzului-sexual\/#article","isPartOf":{"@id":"https:\/\/adra.md\/prevenirea-exploatarii-si-abuzului-sexual\/"},"author":{"name":"ADRA Moldova","@id":"https:\/\/adra.md\/#\/schema\/person\/b0181e611ee89738cefb7dc2db2bb8d1"},"headline":"Prevenirea exploat\u0103rii \u0219i abuzului sexual","datePublished":"2025-04-06T21:03:57+00:00","mainEntityOfPage":{"@id":"https:\/\/adra.md\/prevenirea-exploatarii-si-abuzului-sexual\/"},"wordCount":142,"publisher":{"@id":"https:\/\/adra.md\/#organization"},"image":{"@id":"https:\/\/adra.md\/prevenirea-exploatarii-si-abuzului-sexual\/#primaryimage"},"thumbnailUrl":"https:\/\/adra.md\/wp-content\/uploads\/2025\/04\/488405481_1092131059621895_5130782119352328518_n.jpg","articleSection":["News"],"inLanguage":"ru-RU"},{"@type":"WebPage","@id":"https:\/\/adra.md\/prevenirea-exploatarii-si-abuzului-sexual\/","url":"https:\/\/adra.md\/prevenirea-exploatarii-si-abuzului-sexual\/","name":"Prevenirea exploat\u0103rii \u0219i abuzului sexual - ADRA Moldova","isPartOf":{"@id":"https:\/\/adra.md\/#website"},"primaryImageOfPage":{"@id":"https:\/\/adra.md\/prevenirea-exploatarii-si-abuzului-sexual\/#primaryimage"},"image":{"@id":"https:\/\/adra.md\/prevenirea-exploatarii-si-abuzului-sexual\/#primaryimage"},"thumbnailUrl":"https:\/\/adra.md\/wp-content\/uploads\/2025\/04\/488405481_1092131059621895_5130782119352328518_n.jpg","datePublished":"2025-04-06T21:03:57+00:00","breadcrumb":{"@id":"https:\/\/adra.md\/prevenirea-exploatarii-si-abuzului-sexual\/#breadcrumb"},"inLanguage":"ru-RU","potentialAction":[{"@type":"ReadAction","target":["https:\/\/adra.md\/prevenirea-exploatarii-si-abuzului-sexual\/"]}]},{"@type":"ImageObject","inLanguage":"ru-RU","@id":"https:\/\/adra.md\/prevenirea-exploatarii-si-abuzului-sexual\/#primaryimage","url":"https:\/\/adra.md\/wp-content\/uploads\/2025\/04\/488405481_1092131059621895_5130782119352328518_n.jpg","contentUrl":"https:\/\/adra.md\/wp-content\/uploads\/2025\/04\/488405481_1092131059621895_5130782119352328518_n.jpg","width":2048,"height":1365},{"@type":"BreadcrumbList","@id":"https:\/\/adra.md\/prevenirea-exploatarii-si-abuzului-sexual\/#breadcrumb","itemListElement":[{"@type":"ListItem","position":1,"name":"Home","item":"https:\/\/adra.md\/"},{"@type":"ListItem","position":2,"name":"Prevenirea exploat\u0103rii \u0219i abuzului sexual"}]},{"@type":"WebSite","@id":"https:\/\/adra.md\/#website","url":"https:\/\/adra.md\/","name":"ADRA Moldova","description":"Agen\u0163ia Adventist\u0103 pentru Dezvoltare, Refacere \u015fi Ajutor","publisher":{"@id":"https:\/\/adra.md\/#organization"},"potentialAction":[{"@type":"SearchAction","target":{"@type":"EntryPoint","urlTemplate":"https:\/\/adra.md\/?s={search_term_string}"},"query-input":{"@type":"PropertyValueSpecification","valueRequired":true,"valueName":"search_term_string"}}],"inLanguage":"ru-RU"},{"@type":"Organization","@id":"https:\/\/adra.md\/#organization","name":"ADRA Moldova","url":"https:\/\/adra.md\/","logo":{"@type":"ImageObject","inLanguage":"ru-RU","@id":"https:\/\/adra.md\/#\/schema\/logo\/image\/","url":"https:\/\/adra.md\/wp-content\/uploads\/2019\/11\/group-435.png","contentUrl":"https:\/\/adra.md\/wp-content\/uploads\/2019\/11\/group-435.png","width":500,"height":133,"caption":"ADRA Moldova"},"image":{"@id":"https:\/\/adra.md\/#\/schema\/logo\/image\/"}},{"@type":"Person","@id":"https:\/\/adra.md\/#\/schema\/person\/b0181e611ee89738cefb7dc2db2bb8d1","name":"ADRA Moldova","url":"https:\/\/adra.md\/ru\/author\/andrei-girleanu\/"}]}},"_links":{"self":[{"href":"https:\/\/adra.md\/ru\/wp-json\/wp\/v2\/posts\/22256","targetHints":{"allow":["GET"]}}],"collection":[{"href":"https:\/\/adra.md\/ru\/wp-json\/wp\/v2\/posts"}],"about":[{"href":"https:\/\/adra.md\/ru\/wp-json\/wp\/v2\/types\/post"}],"author":[{"embeddable":true,"href":"https:\/\/adra.md\/ru\/wp-json\/wp\/v2\/users\/9"}],"replies":[{"embeddable":true,"href":"https:\/\/adra.md\/ru\/wp-json\/wp\/v2\/comments?post=22256"}],"version-history":[{"count":1,"href":"https:\/\/adra.md\/ru\/wp-json\/wp\/v2\/posts\/22256\/revisions"}],"predecessor-version":[{"id":22262,"href":"https:\/\/adra.md\/ru\/wp-json\/wp\/v2\/posts\/22256\/revisions\/22262"}],"wp:featuredmedia":[{"embeddable":true,"href":"https:\/\/adra.md\/ru\/wp-json\/wp\/v2\/media\/22261"}],"wp:attachment":[{"href":"https:\/\/adra.md\/ru\/wp-json\/wp\/v2\/media?parent=22256"}],"wp:term":[{"taxonomy":"category","embeddable":true,"href":"https:\/\/adra.md\/ru\/wp-json\/wp\/v2\/categories?post=22256"},{"taxonomy":"post_tag","embeddable":true,"href":"https:\/\/adra.md\/ru\/wp-json\/wp\/v2\/tags?post=22256"}],"curies":[{"name":"wp","href":"https:\/\/api.w.org\/{rel}","templated":true}]}}