{"id":22276,"date":"2025-04-07T04:05:09","date_gmt":"2025-04-07T04:05:09","guid":{"rendered":"https:\/\/adra.md\/?p=22276"},"modified":"2025-04-07T04:05:09","modified_gmt":"2025-04-07T04:05:09","slug":"sprijin-pentru-cei-mai-vulnerabili","status":"publish","type":"post","link":"https:\/\/adra.md\/ru\/sprijin-pentru-cei-mai-vulnerabili\/","title":{"rendered":"Sprijin pentru cei mai vulnerabili"},"content":{"rendered":"<div class=\"xdj266r x11i5rnm xat24cr x1mh8g0r x1vvkbs x126k92a\">\n<div dir=\"auto\">Sprijin pentru cei mai vulnerabili: ADRA Moldova continu\u0103 s\u0103 fie al\u0103turi de comunitate<\/div>\n<\/div>\n<div class=\"x11i5rnm xat24cr x1mh8g0r x1vvkbs xtlvy1s x126k92a\">\n<div dir=\"auto\">\u00cen cadrul proiectului \u201cEnsuring the needs of the most vulnerable local population and refugees in Moldova II\u201d, realizat cu sprijinul generos al Guvernului Republicii Cehe, ADRA Moldova a oferit vouchere pentru medicamente, valabile timp de un an.<\/div>\n<\/div>\n<div class=\"x11i5rnm xat24cr x1mh8g0r x1vvkbs xtlvy1s x126k92a\">\n<div dir=\"auto\">Fiecare familie eligibil\u0103 a primit 4 vouchere, \u00een valoare total\u0103 de 1000 lei, pe care le pot folosi pentru achizi\u021bionarea medicamentelor necesare din farmacie.<\/div>\n<\/div>\n<div class=\"x11i5rnm xat24cr x1mh8g0r x1vvkbs xtlvy1s x126k92a\">\n<div dir=\"auto\">Ne bucur\u0103m c\u0103, mai ales \u00een sezonul rece, c\u00e2nd afec\u021biunile sunt mai frecvente, am reu\u0219it s\u0103 venim \u00een sprijinul celor care au cea mai mare nevoie.<\/div>\n<\/div>\n<div class=\"x11i5rnm xat24cr x1mh8g0r x1vvkbs xtlvy1s x126k92a\">\n<div dir=\"auto\">P\u00e2n\u0103 \u00een prezent, 1262 familii au beneficiat de acest ajutor oferit de echipa noastr\u0103. Mul\u021bumim tuturor partenerilor \u0219i sus\u021bin\u0103torilor care ne ajut\u0103 s\u0103 transform\u0103m solidaritatea \u00een fapte concrete!<\/div>\n<\/div>\n<div class=\"x11i5rnm xat24cr x1mh8g0r x1vvkbs xtlvy1s x126k92a\">\n<div dir=\"auto\"><span class=\"html-span xdj266r x11i5rnm xat24cr x1mh8g0r xexx8yu x4uap5 x18d9i69 xkhd6sd x1hl2dhg x16tdsg8 x1vvkbs\"><a class=\"x1i10hfl xjbqb8w x1ejq31n xd10rxx x1sy0etr x17r0tee x972fbf xcfux6l x1qhh985 xm0m39n x9f619 x1ypdohk xt0psk2 xe8uvvx xdj266r x11i5rnm xat24cr x1mh8g0r xexx8yu x4uap5 x18d9i69 xkhd6sd x16tdsg8 x1hl2dhg xggy1nq x1a2a7pz xkrqix3 x1sur9pj x1fey0fg x1s688f\" tabindex=\"0\" role=\"link\" href=\"https:\/\/www.facebook.com\/hashtag\/adramoldova?__eep__=6&amp;__cft__[0]=AZVkn2hoAx0LvGUdpkYuRsLwnv2jEcxisjhBKZ0iLwnpW74qA1MBZvvJqesG2bVXS7lgUVwWwIJ_teA_6fKogWdtLKUnr68BMvhC7xgKkJAgbba3HqIH-0d_x7-tmKojiLqck6VW5TWDW1gVS8dl8XtrWk7b1AzPV-LaSHELrKcvZgKbnS4cBxSobkU2_5725gc&amp;__tn__=*NK-R\">#ADRAMoldova<\/a><\/span> <span class=\"html-span xdj266r x11i5rnm xat24cr x1mh8g0r xexx8yu x4uap5 x18d9i69 xkhd6sd x1hl2dhg x16tdsg8 x1vvkbs\"><a class=\"x1i10hfl xjbqb8w x1ejq31n xd10rxx x1sy0etr x17r0tee x972fbf xcfux6l x1qhh985 xm0m39n x9f619 x1ypdohk xt0psk2 xe8uvvx xdj266r x11i5rnm xat24cr x1mh8g0r xexx8yu x4uap5 x18d9i69 xkhd6sd x16tdsg8 x1hl2dhg xggy1nq x1a2a7pz xkrqix3 x1sur9pj x1fey0fg x1s688f\" tabindex=\"0\" role=\"link\" href=\"https:\/\/www.facebook.com\/hashtag\/sprijinpentrucomunitate?__eep__=6&amp;__cft__[0]=AZVkn2hoAx0LvGUdpkYuRsLwnv2jEcxisjhBKZ0iLwnpW74qA1MBZvvJqesG2bVXS7lgUVwWwIJ_teA_6fKogWdtLKUnr68BMvhC7xgKkJAgbba3HqIH-0d_x7-tmKojiLqck6VW5TWDW1gVS8dl8XtrWk7b1AzPV-LaSHELrKcvZgKbnS4cBxSobkU2_5725gc&amp;__tn__=*NK-R\">#SprijinPentruComunitate<\/a><\/span> <span class=\"html-span xdj266r x11i5rnm xat24cr x1mh8g0r xexx8yu x4uap5 x18d9i69 xkhd6sd x1hl2dhg x16tdsg8 x1vvkbs\"><a class=\"x1i10hfl xjbqb8w x1ejq31n xd10rxx x1sy0etr x17r0tee x972fbf xcfux6l x1qhh985 xm0m39n x9f619 x1ypdohk xt0psk2 xe8uvvx xdj266r x11i5rnm xat24cr x1mh8g0r xexx8yu x4uap5 x18d9i69 xkhd6sd x16tdsg8 x1hl2dhg xggy1nq x1a2a7pz xkrqix3 x1sur9pj x1fey0fg x1s688f\" tabindex=\"0\" role=\"link\" href=\"https:\/\/www.facebook.com\/hashtag\/ajutorpentruto%C8%9Bi?__eep__=6&amp;__cft__[0]=AZVkn2hoAx0LvGUdpkYuRsLwnv2jEcxisjhBKZ0iLwnpW74qA1MBZvvJqesG2bVXS7lgUVwWwIJ_teA_6fKogWdtLKUnr68BMvhC7xgKkJAgbba3HqIH-0d_x7-tmKojiLqck6VW5TWDW1gVS8dl8XtrWk7b1AzPV-LaSHELrKcvZgKbnS4cBxSobkU2_5725gc&amp;__tn__=*NK-R\">#ajutorpentruto\u021bi<\/a><\/span><\/div>\n<\/div>\n<div dir=\"auto\"><\/div>\n<div dir=\"auto\"><img fetchpriority=\"high\" decoding=\"async\" class=\"alignnone size-large wp-image-22277\" src=\"https:\/\/adra.md\/wp-content\/uploads\/2025\/04\/473692338_17982667163795376_1024376353598217869_n-819x1024.jpg\" alt=\"\" width=\"800\" height=\"1000\" srcset=\"https:\/\/adra.md\/wp-content\/uploads\/2025\/04\/473692338_17982667163795376_1024376353598217869_n-819x1024.jpg 819w, https:\/\/adra.md\/wp-content\/uploads\/2025\/04\/473692338_17982667163795376_1024376353598217869_n-240x300.jpg 240w, https:\/\/adra.md\/wp-content\/uploads\/2025\/04\/473692338_17982667163795376_1024376353598217869_n-768x960.jpg 768w, https:\/\/adra.md\/wp-content\/uploads\/2025\/04\/473692338_17982667163795376_1024376353598217869_n-1229x1536.jpg 1229w, https:\/\/adra.md\/wp-content\/uploads\/2025\/04\/473692338_17982667163795376_1024376353598217869_n-10x12.jpg 10w, https:\/\/adra.md\/wp-content\/uploads\/2025\/04\/473692338_17982667163795376_1024376353598217869_n.jpg 1290w\" sizes=\"(max-width: 800px) 100vw, 800px\" \/> <img decoding=\"async\" class=\"alignnone size-large wp-image-22278\" src=\"https:\/\/adra.md\/wp-content\/uploads\/2025\/04\/473719732_17982667148795376_3858189558477264969_n-819x1024.jpg\" alt=\"\" width=\"800\" height=\"1000\" srcset=\"https:\/\/adra.md\/wp-content\/uploads\/2025\/04\/473719732_17982667148795376_3858189558477264969_n-819x1024.jpg 819w, https:\/\/adra.md\/wp-content\/uploads\/2025\/04\/473719732_17982667148795376_3858189558477264969_n-240x300.jpg 240w, https:\/\/adra.md\/wp-content\/uploads\/2025\/04\/473719732_17982667148795376_3858189558477264969_n-768x960.jpg 768w, https:\/\/adra.md\/wp-content\/uploads\/2025\/04\/473719732_17982667148795376_3858189558477264969_n-1229x1536.jpg 1229w, https:\/\/adra.md\/wp-content\/uploads\/2025\/04\/473719732_17982667148795376_3858189558477264969_n-10x12.jpg 10w, https:\/\/adra.md\/wp-content\/uploads\/2025\/04\/473719732_17982667148795376_3858189558477264969_n.jpg 1290w\" sizes=\"(max-width: 800px) 100vw, 800px\" \/> <img decoding=\"async\" class=\"alignnone size-large wp-image-22279\" src=\"https:\/\/adra.md\/wp-content\/uploads\/2025\/04\/473742224_17982667154795376_5227994723223131332_n-819x1024.jpg\" alt=\"\" width=\"800\" height=\"1000\" srcset=\"https:\/\/adra.md\/wp-content\/uploads\/2025\/04\/473742224_17982667154795376_5227994723223131332_n-819x1024.jpg 819w, https:\/\/adra.md\/wp-content\/uploads\/2025\/04\/473742224_17982667154795376_5227994723223131332_n-240x300.jpg 240w, https:\/\/adra.md\/wp-content\/uploads\/2025\/04\/473742224_17982667154795376_5227994723223131332_n-768x960.jpg 768w, https:\/\/adra.md\/wp-content\/uploads\/2025\/04\/473742224_17982667154795376_5227994723223131332_n-10x12.jpg 10w, https:\/\/adra.md\/wp-content\/uploads\/2025\/04\/473742224_17982667154795376_5227994723223131332_n.jpg 1048w\" sizes=\"(max-width: 800px) 100vw, 800px\" \/><\/div>\n","protected":false},"excerpt":{"rendered":"<p>Sprijin pentru cei mai vulnerabili: ADRA Moldova continu\u0103 s\u0103 fie al\u0103turi de comunitate \u00cen cadrul proiectului \u201cEnsuring the needs of the most vulnerable local population and refugees in Moldova II\u201d, realizat cu sprijinul generos al Guvernului Republicii Cehe, ADRA Moldova a oferit vouchere pentru medicamente, valabile timp de un an. Fiecare familie eligibil\u0103 a primit [&hellip;]<\/p>\n","protected":false},"author":9,"featured_media":22278,"comment_status":"closed","ping_status":"closed","sticky":false,"template":"","format":"standard","meta":{"_acf_changed":false,"footnotes":""},"categories":[294],"tags":[],"class_list":["post-22276","post","type-post","status-publish","format-standard","has-post-thumbnail","hentry","category-news"],"acf":[],"yoast_head":"<!-- This site is optimized with the Yoast SEO plugin v27.4 - https:\/\/yoast.com\/product\/yoast-seo-wordpress\/ -->\n<title>Sprijin pentru cei mai vulnerabili - ADRA Moldova<\/title>\n<meta name=\"robots\" content=\"index, follow, max-snippet:-1, max-image-preview:large, max-video-preview:-1\" \/>\n<link rel=\"canonical\" href=\"https:\/\/adra.md\/ru\/sprijin-pentru-cei-mai-vulnerabili\/\" \/>\n<meta property=\"og:locale\" content=\"ru_RU\" \/>\n<meta property=\"og:type\" content=\"article\" \/>\n<meta property=\"og:title\" content=\"Sprijin pentru cei mai vulnerabili - ADRA Moldova\" \/>\n<meta property=\"og:description\" content=\"Sprijin pentru cei mai vulnerabili: ADRA Moldova continu\u0103 s\u0103 fie al\u0103turi de comunitate \u00cen cadrul proiectului \u201cEnsuring the needs of the most vulnerable local population and refugees in Moldova II\u201d, realizat cu sprijinul generos al Guvernului Republicii Cehe, ADRA Moldova a oferit vouchere pentru medicamente, valabile timp de un an. Fiecare familie eligibil\u0103 a primit [&hellip;]\" \/>\n<meta property=\"og:url\" content=\"https:\/\/adra.md\/ru\/sprijin-pentru-cei-mai-vulnerabili\/\" \/>\n<meta property=\"og:site_name\" content=\"ADRA Moldova\" \/>\n<meta property=\"article:published_time\" content=\"2025-04-07T04:05:09+00:00\" \/>\n<meta property=\"og:image\" content=\"https:\/\/adra.md\/wp-content\/uploads\/2025\/04\/473719732_17982667148795376_3858189558477264969_n.jpg\" \/>\n\t<meta property=\"og:image:width\" content=\"1290\" \/>\n\t<meta property=\"og:image:height\" content=\"1612\" \/>\n\t<meta property=\"og:image:type\" content=\"image\/jpeg\" \/>\n<meta name=\"author\" content=\"ADRA Moldova\" \/>\n<meta name=\"twitter:card\" content=\"summary_large_image\" \/>\n<meta name=\"twitter:label1\" content=\"\u041d\u0430\u043f\u0438\u0441\u0430\u043d\u043e \u0430\u0432\u0442\u043e\u0440\u043e\u043c\" \/>\n\t<meta name=\"twitter:data1\" content=\"ADRA Moldova\" \/>\n\t<meta name=\"twitter:label2\" content=\"\u041f\u0440\u0438\u043c\u0435\u0440\u043d\u043e\u0435 \u0432\u0440\u0435\u043c\u044f \u0434\u043b\u044f \u0447\u0442\u0435\u043d\u0438\u044f\" \/>\n\t<meta name=\"twitter:data2\" content=\"1 \u043c\u0438\u043d\u0443\u0442\u0430\" \/>\n<script type=\"application\/ld+json\" class=\"yoast-schema-graph\">{\"@context\":\"https:\\\/\\\/schema.org\",\"@graph\":[{\"@type\":\"Article\",\"@id\":\"https:\\\/\\\/adra.md\\\/sprijin-pentru-cei-mai-vulnerabili\\\/#article\",\"isPartOf\":{\"@id\":\"https:\\\/\\\/adra.md\\\/sprijin-pentru-cei-mai-vulnerabili\\\/\"},\"author\":{\"name\":\"ADRA Moldova\",\"@id\":\"https:\\\/\\\/adra.md\\\/#\\\/schema\\\/person\\\/b0181e611ee89738cefb7dc2db2bb8d1\"},\"headline\":\"Sprijin pentru cei mai vulnerabili\",\"datePublished\":\"2025-04-07T04:05:09+00:00\",\"mainEntityOfPage\":{\"@id\":\"https:\\\/\\\/adra.md\\\/sprijin-pentru-cei-mai-vulnerabili\\\/\"},\"wordCount\":145,\"publisher\":{\"@id\":\"https:\\\/\\\/adra.md\\\/#organization\"},\"image\":{\"@id\":\"https:\\\/\\\/adra.md\\\/sprijin-pentru-cei-mai-vulnerabili\\\/#primaryimage\"},\"thumbnailUrl\":\"https:\\\/\\\/adra.md\\\/wp-content\\\/uploads\\\/2025\\\/04\\\/473719732_17982667148795376_3858189558477264969_n.jpg\",\"articleSection\":[\"News\"],\"inLanguage\":\"ru-RU\"},{\"@type\":\"WebPage\",\"@id\":\"https:\\\/\\\/adra.md\\\/sprijin-pentru-cei-mai-vulnerabili\\\/\",\"url\":\"https:\\\/\\\/adra.md\\\/sprijin-pentru-cei-mai-vulnerabili\\\/\",\"name\":\"Sprijin pentru cei mai vulnerabili - ADRA Moldova\",\"isPartOf\":{\"@id\":\"https:\\\/\\\/adra.md\\\/#website\"},\"primaryImageOfPage\":{\"@id\":\"https:\\\/\\\/adra.md\\\/sprijin-pentru-cei-mai-vulnerabili\\\/#primaryimage\"},\"image\":{\"@id\":\"https:\\\/\\\/adra.md\\\/sprijin-pentru-cei-mai-vulnerabili\\\/#primaryimage\"},\"thumbnailUrl\":\"https:\\\/\\\/adra.md\\\/wp-content\\\/uploads\\\/2025\\\/04\\\/473719732_17982667148795376_3858189558477264969_n.jpg\",\"datePublished\":\"2025-04-07T04:05:09+00:00\",\"breadcrumb\":{\"@id\":\"https:\\\/\\\/adra.md\\\/sprijin-pentru-cei-mai-vulnerabili\\\/#breadcrumb\"},\"inLanguage\":\"ru-RU\",\"potentialAction\":[{\"@type\":\"ReadAction\",\"target\":[\"https:\\\/\\\/adra.md\\\/sprijin-pentru-cei-mai-vulnerabili\\\/\"]}]},{\"@type\":\"ImageObject\",\"inLanguage\":\"ru-RU\",\"@id\":\"https:\\\/\\\/adra.md\\\/sprijin-pentru-cei-mai-vulnerabili\\\/#primaryimage\",\"url\":\"https:\\\/\\\/adra.md\\\/wp-content\\\/uploads\\\/2025\\\/04\\\/473719732_17982667148795376_3858189558477264969_n.jpg\",\"contentUrl\":\"https:\\\/\\\/adra.md\\\/wp-content\\\/uploads\\\/2025\\\/04\\\/473719732_17982667148795376_3858189558477264969_n.jpg\",\"width\":1290,\"height\":1612},{\"@type\":\"BreadcrumbList\",\"@id\":\"https:\\\/\\\/adra.md\\\/sprijin-pentru-cei-mai-vulnerabili\\\/#breadcrumb\",\"itemListElement\":[{\"@type\":\"ListItem\",\"position\":1,\"name\":\"Home\",\"item\":\"https:\\\/\\\/adra.md\\\/\"},{\"@type\":\"ListItem\",\"position\":2,\"name\":\"Sprijin pentru cei mai vulnerabili\"}]},{\"@type\":\"WebSite\",\"@id\":\"https:\\\/\\\/adra.md\\\/#website\",\"url\":\"https:\\\/\\\/adra.md\\\/\",\"name\":\"ADRA Moldova\",\"description\":\"Agen\u0163ia Adventist\u0103 pentru Dezvoltare, Refacere \u015fi Ajutor\",\"publisher\":{\"@id\":\"https:\\\/\\\/adra.md\\\/#organization\"},\"potentialAction\":[{\"@type\":\"SearchAction\",\"target\":{\"@type\":\"EntryPoint\",\"urlTemplate\":\"https:\\\/\\\/adra.md\\\/?s={search_term_string}\"},\"query-input\":{\"@type\":\"PropertyValueSpecification\",\"valueRequired\":true,\"valueName\":\"search_term_string\"}}],\"inLanguage\":\"ru-RU\"},{\"@type\":\"Organization\",\"@id\":\"https:\\\/\\\/adra.md\\\/#organization\",\"name\":\"ADRA Moldova\",\"url\":\"https:\\\/\\\/adra.md\\\/\",\"logo\":{\"@type\":\"ImageObject\",\"inLanguage\":\"ru-RU\",\"@id\":\"https:\\\/\\\/adra.md\\\/#\\\/schema\\\/logo\\\/image\\\/\",\"url\":\"https:\\\/\\\/adra.md\\\/wp-content\\\/uploads\\\/2019\\\/11\\\/group-435.png\",\"contentUrl\":\"https:\\\/\\\/adra.md\\\/wp-content\\\/uploads\\\/2019\\\/11\\\/group-435.png\",\"width\":500,\"height\":133,\"caption\":\"ADRA Moldova\"},\"image\":{\"@id\":\"https:\\\/\\\/adra.md\\\/#\\\/schema\\\/logo\\\/image\\\/\"}},{\"@type\":\"Person\",\"@id\":\"https:\\\/\\\/adra.md\\\/#\\\/schema\\\/person\\\/b0181e611ee89738cefb7dc2db2bb8d1\",\"name\":\"ADRA Moldova\",\"url\":\"https:\\\/\\\/adra.md\\\/ru\\\/author\\\/andrei-girleanu\\\/\"}]}<\/script>\n<!-- \/ Yoast SEO plugin. -->","yoast_head_json":{"title":"Sprijin pentru cei mai vulnerabili - ADRA Moldova","robots":{"index":"index","follow":"follow","max-snippet":"max-snippet:-1","max-image-preview":"max-image-preview:large","max-video-preview":"max-video-preview:-1"},"canonical":"https:\/\/adra.md\/ru\/sprijin-pentru-cei-mai-vulnerabili\/","og_locale":"ru_RU","og_type":"article","og_title":"Sprijin pentru cei mai vulnerabili - ADRA Moldova","og_description":"Sprijin pentru cei mai vulnerabili: ADRA Moldova continu\u0103 s\u0103 fie al\u0103turi de comunitate \u00cen cadrul proiectului \u201cEnsuring the needs of the most vulnerable local population and refugees in Moldova II\u201d, realizat cu sprijinul generos al Guvernului Republicii Cehe, ADRA Moldova a oferit vouchere pentru medicamente, valabile timp de un an. Fiecare familie eligibil\u0103 a primit [&hellip;]","og_url":"https:\/\/adra.md\/ru\/sprijin-pentru-cei-mai-vulnerabili\/","og_site_name":"ADRA Moldova","article_published_time":"2025-04-07T04:05:09+00:00","og_image":[{"width":1290,"height":1612,"url":"https:\/\/adra.md\/wp-content\/uploads\/2025\/04\/473719732_17982667148795376_3858189558477264969_n.jpg","type":"image\/jpeg"}],"author":"ADRA Moldova","twitter_card":"summary_large_image","twitter_misc":{"\u041d\u0430\u043f\u0438\u0441\u0430\u043d\u043e \u0430\u0432\u0442\u043e\u0440\u043e\u043c":"ADRA Moldova","\u041f\u0440\u0438\u043c\u0435\u0440\u043d\u043e\u0435 \u0432\u0440\u0435\u043c\u044f \u0434\u043b\u044f \u0447\u0442\u0435\u043d\u0438\u044f":"1 \u043c\u0438\u043d\u0443\u0442\u0430"},"schema":{"@context":"https:\/\/schema.org","@graph":[{"@type":"Article","@id":"https:\/\/adra.md\/sprijin-pentru-cei-mai-vulnerabili\/#article","isPartOf":{"@id":"https:\/\/adra.md\/sprijin-pentru-cei-mai-vulnerabili\/"},"author":{"name":"ADRA Moldova","@id":"https:\/\/adra.md\/#\/schema\/person\/b0181e611ee89738cefb7dc2db2bb8d1"},"headline":"Sprijin pentru cei mai vulnerabili","datePublished":"2025-04-07T04:05:09+00:00","mainEntityOfPage":{"@id":"https:\/\/adra.md\/sprijin-pentru-cei-mai-vulnerabili\/"},"wordCount":145,"publisher":{"@id":"https:\/\/adra.md\/#organization"},"image":{"@id":"https:\/\/adra.md\/sprijin-pentru-cei-mai-vulnerabili\/#primaryimage"},"thumbnailUrl":"https:\/\/adra.md\/wp-content\/uploads\/2025\/04\/473719732_17982667148795376_3858189558477264969_n.jpg","articleSection":["News"],"inLanguage":"ru-RU"},{"@type":"WebPage","@id":"https:\/\/adra.md\/sprijin-pentru-cei-mai-vulnerabili\/","url":"https:\/\/adra.md\/sprijin-pentru-cei-mai-vulnerabili\/","name":"Sprijin pentru cei mai vulnerabili - ADRA Moldova","isPartOf":{"@id":"https:\/\/adra.md\/#website"},"primaryImageOfPage":{"@id":"https:\/\/adra.md\/sprijin-pentru-cei-mai-vulnerabili\/#primaryimage"},"image":{"@id":"https:\/\/adra.md\/sprijin-pentru-cei-mai-vulnerabili\/#primaryimage"},"thumbnailUrl":"https:\/\/adra.md\/wp-content\/uploads\/2025\/04\/473719732_17982667148795376_3858189558477264969_n.jpg","datePublished":"2025-04-07T04:05:09+00:00","breadcrumb":{"@id":"https:\/\/adra.md\/sprijin-pentru-cei-mai-vulnerabili\/#breadcrumb"},"inLanguage":"ru-RU","potentialAction":[{"@type":"ReadAction","target":["https:\/\/adra.md\/sprijin-pentru-cei-mai-vulnerabili\/"]}]},{"@type":"ImageObject","inLanguage":"ru-RU","@id":"https:\/\/adra.md\/sprijin-pentru-cei-mai-vulnerabili\/#primaryimage","url":"https:\/\/adra.md\/wp-content\/uploads\/2025\/04\/473719732_17982667148795376_3858189558477264969_n.jpg","contentUrl":"https:\/\/adra.md\/wp-content\/uploads\/2025\/04\/473719732_17982667148795376_3858189558477264969_n.jpg","width":1290,"height":1612},{"@type":"BreadcrumbList","@id":"https:\/\/adra.md\/sprijin-pentru-cei-mai-vulnerabili\/#breadcrumb","itemListElement":[{"@type":"ListItem","position":1,"name":"Home","item":"https:\/\/adra.md\/"},{"@type":"ListItem","position":2,"name":"Sprijin pentru cei mai vulnerabili"}]},{"@type":"WebSite","@id":"https:\/\/adra.md\/#website","url":"https:\/\/adra.md\/","name":"ADRA Moldova","description":"Agen\u0163ia Adventist\u0103 pentru Dezvoltare, Refacere \u015fi Ajutor","publisher":{"@id":"https:\/\/adra.md\/#organization"},"potentialAction":[{"@type":"SearchAction","target":{"@type":"EntryPoint","urlTemplate":"https:\/\/adra.md\/?s={search_term_string}"},"query-input":{"@type":"PropertyValueSpecification","valueRequired":true,"valueName":"search_term_string"}}],"inLanguage":"ru-RU"},{"@type":"Organization","@id":"https:\/\/adra.md\/#organization","name":"ADRA Moldova","url":"https:\/\/adra.md\/","logo":{"@type":"ImageObject","inLanguage":"ru-RU","@id":"https:\/\/adra.md\/#\/schema\/logo\/image\/","url":"https:\/\/adra.md\/wp-content\/uploads\/2019\/11\/group-435.png","contentUrl":"https:\/\/adra.md\/wp-content\/uploads\/2019\/11\/group-435.png","width":500,"height":133,"caption":"ADRA Moldova"},"image":{"@id":"https:\/\/adra.md\/#\/schema\/logo\/image\/"}},{"@type":"Person","@id":"https:\/\/adra.md\/#\/schema\/person\/b0181e611ee89738cefb7dc2db2bb8d1","name":"ADRA Moldova","url":"https:\/\/adra.md\/ru\/author\/andrei-girleanu\/"}]}},"_links":{"self":[{"href":"https:\/\/adra.md\/ru\/wp-json\/wp\/v2\/posts\/22276","targetHints":{"allow":["GET"]}}],"collection":[{"href":"https:\/\/adra.md\/ru\/wp-json\/wp\/v2\/posts"}],"about":[{"href":"https:\/\/adra.md\/ru\/wp-json\/wp\/v2\/types\/post"}],"author":[{"embeddable":true,"href":"https:\/\/adra.md\/ru\/wp-json\/wp\/v2\/users\/9"}],"replies":[{"embeddable":true,"href":"https:\/\/adra.md\/ru\/wp-json\/wp\/v2\/comments?post=22276"}],"version-history":[{"count":1,"href":"https:\/\/adra.md\/ru\/wp-json\/wp\/v2\/posts\/22276\/revisions"}],"predecessor-version":[{"id":22280,"href":"https:\/\/adra.md\/ru\/wp-json\/wp\/v2\/posts\/22276\/revisions\/22280"}],"wp:featuredmedia":[{"embeddable":true,"href":"https:\/\/adra.md\/ru\/wp-json\/wp\/v2\/media\/22278"}],"wp:attachment":[{"href":"https:\/\/adra.md\/ru\/wp-json\/wp\/v2\/media?parent=22276"}],"wp:term":[{"taxonomy":"category","embeddable":true,"href":"https:\/\/adra.md\/ru\/wp-json\/wp\/v2\/categories?post=22276"},{"taxonomy":"post_tag","embeddable":true,"href":"https:\/\/adra.md\/ru\/wp-json\/wp\/v2\/tags?post=22276"}],"curies":[{"name":"wp","href":"https:\/\/api.w.org\/{rel}","templated":true}]}}