{"id":22361,"date":"2025-04-07T04:43:49","date_gmt":"2025-04-07T04:43:49","guid":{"rendered":"https:\/\/adra.md\/?p=22361"},"modified":"2025-04-07T04:43:49","modified_gmt":"2025-04-07T04:43:49","slug":"sprijin-pentru-refugiati-si-migranti-in-ribnita-si-tiraspol","status":"publish","type":"post","link":"https:\/\/adra.md\/ru\/sprijin-pentru-refugiati-si-migranti-in-ribnita-si-tiraspol\/","title":{"rendered":"Sprijin pentru refugia\u021bi \u0219i migran\u021bi \u00een R\u00eebni\u021ba \u0219i Tiraspol"},"content":{"rendered":"<div class=\"xdj266r x11i5rnm xat24cr x1mh8g0r x1vvkbs x126k92a\">\n<div dir=\"auto\">Sprijin pentru refugia\u021bi \u0219i migran\u021bi \u00een R\u00eebni\u021ba \u0219i Tiraspol<\/div>\n<\/div>\n<div class=\"x11i5rnm xat24cr x1mh8g0r x1vvkbs xtlvy1s x126k92a\">\n<div dir=\"auto\">ADRA Moldova \u00een parteneriate cu IOM Moldova, a deschis dou\u0103 centre de \u00eenregistrare pe malul st\u00e2ng, oferind suport esen\u021bial refugia\u021bilor \u0219i migran\u021bilor. Aceste centre ajut\u0103 persoanele vulnerabile s\u0103 acceseze asisten\u021b\u0103 financiar\u0103 pentru nevoi de baz\u0103, precum hran\u0103, ad\u0103post \u0219i \u00eengrijire medical\u0103.<\/div>\n<\/div>\n<div class=\"x11i5rnm xat24cr x1mh8g0r x1vvkbs xtlvy1s x126k92a\">\n<div dir=\"auto\"><span class=\"html-span xexx8yu x4uap5 x18d9i69 xkhd6sd x1hl2dhg x16tdsg8 x1vvkbs x3nfvp2 x1j61x8r x1fcty0u xdj266r xat24cr xgzva0m xhhsvwb xxymvpz xlup9mm x1kky2od\"><img decoding=\"async\" class=\"xz74otr x168nmei x13lgxp2 x5pf9jr xo71vjh\" src=\"https:\/\/static.xx.fbcdn.net\/images\/emoji.php\/v9\/tb\/2\/16\/1f499.png\" alt=\"\ud83d\udc99\" width=\"16\" height=\"16\" \/><\/span> Datorit\u0103 finan\u021b\u0103rii Uniunii Europene, din mai 2024, peste 1000 de persoane, au beneficiat lunar de acest sprijin vital.<\/div>\n<\/div>\n<div class=\"x11i5rnm xat24cr x1mh8g0r x1vvkbs xtlvy1s x126k92a\">\n<div dir=\"auto\"><span class=\"html-span xexx8yu x4uap5 x18d9i69 xkhd6sd x1hl2dhg x16tdsg8 x1vvkbs x3nfvp2 x1j61x8r x1fcty0u xdj266r xat24cr xgzva0m xhhsvwb xxymvpz xlup9mm x1kky2od\"><img decoding=\"async\" class=\"xz74otr x168nmei x13lgxp2 x5pf9jr xo71vjh\" src=\"https:\/\/static.xx.fbcdn.net\/images\/emoji.php\/v9\/t1f\/2\/16\/1f64f.png\" alt=\"\ud83d\ude4f\" width=\"16\" height=\"16\" \/><\/span> Proiect sus\u021binut de <span class=\"html-span xdj266r x11i5rnm xat24cr x1mh8g0r xexx8yu x4uap5 x18d9i69 xkhd6sd x1hl2dhg x16tdsg8 x1vvkbs\"><a class=\"x1i10hfl xjbqb8w x1ejq31n xd10rxx x1sy0etr x17r0tee x972fbf xcfux6l x1qhh985 xm0m39n x9f619 x1ypdohk xt0psk2 xe8uvvx xdj266r x11i5rnm xat24cr x1mh8g0r xexx8yu x4uap5 x18d9i69 xkhd6sd x16tdsg8 x1hl2dhg xggy1nq x1a2a7pz xkrqix3 x1sur9pj x1fey0fg x1s688f\" tabindex=\"0\" role=\"link\" href=\"https:\/\/www.facebook.com\/iom.moldova?__cft__[0]=AZXMPZbsT2QNkTuHFJ8zOXPzXRSaS3viRnVEynqJNEvrOvczJI9Cathof4RWcNTT6pWwFznS4a_wvWjKv21vQi7ilXxxUoWOezJhf__LPNExh8v-Co4dnvFyAcYnV2x_Xew9rFOYa2ShDUf5vhUy_o7abdV63hnXEFpRlnPSLgNPIZGEMvBDErJFV1xXXHdfMqo&amp;__tn__=-]K-R\"><span class=\"xt0psk2\"><span class=\"xjp7ctv\">IOM Moldova<\/span><\/span><\/a><\/span><\/div>\n<\/div>\n<div class=\"x11i5rnm xat24cr x1mh8g0r x1vvkbs xtlvy1s x126k92a\">\n<div dir=\"auto\"><span class=\"html-span xdj266r x11i5rnm xat24cr x1mh8g0r xexx8yu x4uap5 x18d9i69 xkhd6sd x1hl2dhg x16tdsg8 x1vvkbs\"><a class=\"x1i10hfl xjbqb8w x1ejq31n xd10rxx x1sy0etr x17r0tee x972fbf xcfux6l x1qhh985 xm0m39n x9f619 x1ypdohk xt0psk2 xe8uvvx xdj266r x11i5rnm xat24cr x1mh8g0r xexx8yu x4uap5 x18d9i69 xkhd6sd x16tdsg8 x1hl2dhg xggy1nq x1a2a7pz xkrqix3 x1sur9pj x1fey0fg x1s688f\" tabindex=\"0\" role=\"link\" href=\"https:\/\/www.facebook.com\/hashtag\/solidaritate?__eep__=6&amp;__cft__[0]=AZXMPZbsT2QNkTuHFJ8zOXPzXRSaS3viRnVEynqJNEvrOvczJI9Cathof4RWcNTT6pWwFznS4a_wvWjKv21vQi7ilXxxUoWOezJhf__LPNExh8v-Co4dnvFyAcYnV2x_Xew9rFOYa2ShDUf5vhUy_o7abdV63hnXEFpRlnPSLgNPIZGEMvBDErJFV1xXXHdfMqo&amp;__tn__=*NK-R\">#Solidaritate<\/a><\/span> <span class=\"html-span xdj266r x11i5rnm xat24cr x1mh8g0r xexx8yu x4uap5 x18d9i69 xkhd6sd x1hl2dhg x16tdsg8 x1vvkbs\"><a class=\"x1i10hfl xjbqb8w x1ejq31n xd10rxx x1sy0etr x17r0tee x972fbf xcfux6l x1qhh985 xm0m39n x9f619 x1ypdohk xt0psk2 xe8uvvx xdj266r x11i5rnm xat24cr x1mh8g0r xexx8yu x4uap5 x18d9i69 xkhd6sd x16tdsg8 x1hl2dhg xggy1nq x1a2a7pz xkrqix3 x1sur9pj x1fey0fg x1s688f\" tabindex=\"0\" role=\"link\" href=\"https:\/\/www.facebook.com\/hashtag\/ajutorumanitar?__eep__=6&amp;__cft__[0]=AZXMPZbsT2QNkTuHFJ8zOXPzXRSaS3viRnVEynqJNEvrOvczJI9Cathof4RWcNTT6pWwFznS4a_wvWjKv21vQi7ilXxxUoWOezJhf__LPNExh8v-Co4dnvFyAcYnV2x_Xew9rFOYa2ShDUf5vhUy_o7abdV63hnXEFpRlnPSLgNPIZGEMvBDErJFV1xXXHdfMqo&amp;__tn__=*NK-R\">#AjutorUmanitar<\/a><\/span> <span class=\"html-span xdj266r x11i5rnm xat24cr x1mh8g0r xexx8yu x4uap5 x18d9i69 xkhd6sd x1hl2dhg x16tdsg8 x1vvkbs\"><a class=\"x1i10hfl xjbqb8w x1ejq31n xd10rxx x1sy0etr x17r0tee x972fbf xcfux6l x1qhh985 xm0m39n x9f619 x1ypdohk xt0psk2 xe8uvvx xdj266r x11i5rnm xat24cr x1mh8g0r xexx8yu x4uap5 x18d9i69 xkhd6sd x16tdsg8 x1hl2dhg xggy1nq x1a2a7pz xkrqix3 x1sur9pj x1fey0fg x1s688f\" tabindex=\"0\" role=\"link\" href=\"https:\/\/www.facebook.com\/hashtag\/oimmoldova?__eep__=6&amp;__cft__[0]=AZXMPZbsT2QNkTuHFJ8zOXPzXRSaS3viRnVEynqJNEvrOvczJI9Cathof4RWcNTT6pWwFznS4a_wvWjKv21vQi7ilXxxUoWOezJhf__LPNExh8v-Co4dnvFyAcYnV2x_Xew9rFOYa2ShDUf5vhUy_o7abdV63hnXEFpRlnPSLgNPIZGEMvBDErJFV1xXXHdfMqo&amp;__tn__=*NK-R\">#OIMMoldova<\/a><\/span> <span class=\"html-span xdj266r x11i5rnm xat24cr x1mh8g0r xexx8yu x4uap5 x18d9i69 xkhd6sd x1hl2dhg x16tdsg8 x1vvkbs\"><a class=\"x1i10hfl xjbqb8w x1ejq31n xd10rxx x1sy0etr x17r0tee x972fbf xcfux6l x1qhh985 xm0m39n x9f619 x1ypdohk xt0psk2 xe8uvvx xdj266r x11i5rnm xat24cr x1mh8g0r xexx8yu x4uap5 x18d9i69 xkhd6sd x16tdsg8 x1hl2dhg xggy1nq x1a2a7pz xkrqix3 x1sur9pj x1fey0fg x1s688f\" tabindex=\"0\" role=\"link\" href=\"https:\/\/www.facebook.com\/hashtag\/adra?__eep__=6&amp;__cft__[0]=AZXMPZbsT2QNkTuHFJ8zOXPzXRSaS3viRnVEynqJNEvrOvczJI9Cathof4RWcNTT6pWwFznS4a_wvWjKv21vQi7ilXxxUoWOezJhf__LPNExh8v-Co4dnvFyAcYnV2x_Xew9rFOYa2ShDUf5vhUy_o7abdV63hnXEFpRlnPSLgNPIZGEMvBDErJFV1xXXHdfMqo&amp;__tn__=*NK-R\">#ADRA<\/a><\/span> <span class=\"html-span xdj266r x11i5rnm xat24cr x1mh8g0r xexx8yu x4uap5 x18d9i69 xkhd6sd x1hl2dhg x16tdsg8 x1vvkbs\"><a class=\"x1i10hfl xjbqb8w x1ejq31n xd10rxx x1sy0etr x17r0tee x972fbf xcfux6l x1qhh985 xm0m39n x9f619 x1ypdohk xt0psk2 xe8uvvx xdj266r x11i5rnm xat24cr x1mh8g0r xexx8yu x4uap5 x18d9i69 xkhd6sd x16tdsg8 x1hl2dhg xggy1nq x1a2a7pz xkrqix3 x1sur9pj x1fey0fg x1s688f\" tabindex=\"0\" role=\"link\" href=\"https:\/\/www.facebook.com\/hashtag\/uniuneaeuropeana?__eep__=6&amp;__cft__[0]=AZXMPZbsT2QNkTuHFJ8zOXPzXRSaS3viRnVEynqJNEvrOvczJI9Cathof4RWcNTT6pWwFznS4a_wvWjKv21vQi7ilXxxUoWOezJhf__LPNExh8v-Co4dnvFyAcYnV2x_Xew9rFOYa2ShDUf5vhUy_o7abdV63hnXEFpRlnPSLgNPIZGEMvBDErJFV1xXXHdfMqo&amp;__tn__=*NK-R\">#uniuneaeuropeana<\/a><\/span><\/div>\n<\/div>\n<div dir=\"auto\"><img fetchpriority=\"high\" decoding=\"async\" class=\"alignnone size-large wp-image-22362\" src=\"https:\/\/adra.md\/wp-content\/uploads\/2025\/04\/486192184_17990877449795376_7284805737463289717_n-819x1024.jpg\" alt=\"\" width=\"800\" height=\"1000\" srcset=\"https:\/\/adra.md\/wp-content\/uploads\/2025\/04\/486192184_17990877449795376_7284805737463289717_n-819x1024.jpg 819w, https:\/\/adra.md\/wp-content\/uploads\/2025\/04\/486192184_17990877449795376_7284805737463289717_n-240x300.jpg 240w, https:\/\/adra.md\/wp-content\/uploads\/2025\/04\/486192184_17990877449795376_7284805737463289717_n-768x960.jpg 768w, https:\/\/adra.md\/wp-content\/uploads\/2025\/04\/486192184_17990877449795376_7284805737463289717_n-10x12.jpg 10w, https:\/\/adra.md\/wp-content\/uploads\/2025\/04\/486192184_17990877449795376_7284805737463289717_n.jpg 1200w\" sizes=\"(max-width: 800px) 100vw, 800px\" \/> <img loading=\"lazy\" decoding=\"async\" class=\"alignnone size-large wp-image-22363\" src=\"https:\/\/adra.md\/wp-content\/uploads\/2025\/04\/486268354_17990877446795376_4256748023939105026_n-819x1024.jpg\" alt=\"\" width=\"800\" height=\"1000\" srcset=\"https:\/\/adra.md\/wp-content\/uploads\/2025\/04\/486268354_17990877446795376_4256748023939105026_n-819x1024.jpg 819w, https:\/\/adra.md\/wp-content\/uploads\/2025\/04\/486268354_17990877446795376_4256748023939105026_n-240x300.jpg 240w, https:\/\/adra.md\/wp-content\/uploads\/2025\/04\/486268354_17990877446795376_4256748023939105026_n-768x960.jpg 768w, https:\/\/adra.md\/wp-content\/uploads\/2025\/04\/486268354_17990877446795376_4256748023939105026_n-10x12.jpg 10w, https:\/\/adra.md\/wp-content\/uploads\/2025\/04\/486268354_17990877446795376_4256748023939105026_n.jpg 1200w\" sizes=\"(max-width: 800px) 100vw, 800px\" \/> <img loading=\"lazy\" decoding=\"async\" class=\"alignnone size-large wp-image-22364\" src=\"https:\/\/adra.md\/wp-content\/uploads\/2025\/04\/486680116_17990877467795376_2463149007190109641_n-819x1024.jpg\" alt=\"\" width=\"800\" height=\"1000\" srcset=\"https:\/\/adra.md\/wp-content\/uploads\/2025\/04\/486680116_17990877467795376_2463149007190109641_n-819x1024.jpg 819w, https:\/\/adra.md\/wp-content\/uploads\/2025\/04\/486680116_17990877467795376_2463149007190109641_n-240x300.jpg 240w, https:\/\/adra.md\/wp-content\/uploads\/2025\/04\/486680116_17990877467795376_2463149007190109641_n-768x960.jpg 768w, https:\/\/adra.md\/wp-content\/uploads\/2025\/04\/486680116_17990877467795376_2463149007190109641_n-1229x1536.jpg 1229w, https:\/\/adra.md\/wp-content\/uploads\/2025\/04\/486680116_17990877467795376_2463149007190109641_n-10x12.jpg 10w, https:\/\/adra.md\/wp-content\/uploads\/2025\/04\/486680116_17990877467795376_2463149007190109641_n.jpg 1440w\" sizes=\"(max-width: 800px) 100vw, 800px\" \/><\/div>\n","protected":false},"excerpt":{"rendered":"<p>Sprijin pentru refugia\u021bi \u0219i migran\u021bi \u00een R\u00eebni\u021ba \u0219i Tiraspol ADRA Moldova \u00een parteneriate cu IOM Moldova, a deschis dou\u0103 centre de \u00eenregistrare pe malul st\u00e2ng, oferind suport esen\u021bial refugia\u021bilor \u0219i migran\u021bilor. Aceste centre ajut\u0103 persoanele vulnerabile s\u0103 acceseze asisten\u021b\u0103 financiar\u0103 pentru nevoi de baz\u0103, precum hran\u0103, ad\u0103post \u0219i \u00eengrijire medical\u0103. Datorit\u0103 finan\u021b\u0103rii Uniunii Europene, din [&hellip;]<\/p>\n","protected":false},"author":9,"featured_media":22362,"comment_status":"closed","ping_status":"closed","sticky":false,"template":"","format":"standard","meta":{"_acf_changed":false,"footnotes":""},"categories":[294],"tags":[],"class_list":["post-22361","post","type-post","status-publish","format-standard","has-post-thumbnail","hentry","category-news"],"acf":[],"yoast_head":"<!-- This site is optimized with the Yoast SEO plugin v27.4 - https:\/\/yoast.com\/product\/yoast-seo-wordpress\/ -->\n<title>Sprijin pentru refugia\u021bi \u0219i migran\u021bi \u00een R\u00eebni\u021ba \u0219i Tiraspol - ADRA Moldova<\/title>\n<meta name=\"robots\" content=\"index, follow, max-snippet:-1, max-image-preview:large, max-video-preview:-1\" \/>\n<link rel=\"canonical\" href=\"https:\/\/adra.md\/ru\/sprijin-pentru-refugiati-si-migranti-in-ribnita-si-tiraspol\/\" \/>\n<meta property=\"og:locale\" content=\"ru_RU\" \/>\n<meta property=\"og:type\" content=\"article\" \/>\n<meta property=\"og:title\" content=\"Sprijin pentru refugia\u021bi \u0219i migran\u021bi \u00een R\u00eebni\u021ba \u0219i Tiraspol - ADRA Moldova\" \/>\n<meta property=\"og:description\" content=\"Sprijin pentru refugia\u021bi \u0219i migran\u021bi \u00een R\u00eebni\u021ba \u0219i Tiraspol ADRA Moldova \u00een parteneriate cu IOM Moldova, a deschis dou\u0103 centre de \u00eenregistrare pe malul st\u00e2ng, oferind suport esen\u021bial refugia\u021bilor \u0219i migran\u021bilor. Aceste centre ajut\u0103 persoanele vulnerabile s\u0103 acceseze asisten\u021b\u0103 financiar\u0103 pentru nevoi de baz\u0103, precum hran\u0103, ad\u0103post \u0219i \u00eengrijire medical\u0103. Datorit\u0103 finan\u021b\u0103rii Uniunii Europene, din [&hellip;]\" \/>\n<meta property=\"og:url\" content=\"https:\/\/adra.md\/ru\/sprijin-pentru-refugiati-si-migranti-in-ribnita-si-tiraspol\/\" \/>\n<meta property=\"og:site_name\" content=\"ADRA Moldova\" \/>\n<meta property=\"article:published_time\" content=\"2025-04-07T04:43:49+00:00\" \/>\n<meta property=\"og:image\" content=\"https:\/\/adra.md\/wp-content\/uploads\/2025\/04\/486192184_17990877449795376_7284805737463289717_n.jpg\" \/>\n\t<meta property=\"og:image:width\" content=\"1200\" \/>\n\t<meta property=\"og:image:height\" content=\"1500\" \/>\n\t<meta property=\"og:image:type\" content=\"image\/jpeg\" \/>\n<meta name=\"author\" content=\"ADRA Moldova\" \/>\n<meta name=\"twitter:card\" content=\"summary_large_image\" \/>\n<meta name=\"twitter:label1\" content=\"\u041d\u0430\u043f\u0438\u0441\u0430\u043d\u043e \u0430\u0432\u0442\u043e\u0440\u043e\u043c\" \/>\n\t<meta name=\"twitter:data1\" content=\"ADRA Moldova\" \/>\n<script type=\"application\/ld+json\" class=\"yoast-schema-graph\">{\"@context\":\"https:\\\/\\\/schema.org\",\"@graph\":[{\"@type\":\"Article\",\"@id\":\"https:\\\/\\\/adra.md\\\/sprijin-pentru-refugiati-si-migranti-in-ribnita-si-tiraspol\\\/#article\",\"isPartOf\":{\"@id\":\"https:\\\/\\\/adra.md\\\/sprijin-pentru-refugiati-si-migranti-in-ribnita-si-tiraspol\\\/\"},\"author\":{\"name\":\"ADRA Moldova\",\"@id\":\"https:\\\/\\\/adra.md\\\/#\\\/schema\\\/person\\\/b0181e611ee89738cefb7dc2db2bb8d1\"},\"headline\":\"Sprijin pentru refugia\u021bi \u0219i migran\u021bi \u00een R\u00eebni\u021ba \u0219i Tiraspol\",\"datePublished\":\"2025-04-07T04:43:49+00:00\",\"mainEntityOfPage\":{\"@id\":\"https:\\\/\\\/adra.md\\\/sprijin-pentru-refugiati-si-migranti-in-ribnita-si-tiraspol\\\/\"},\"wordCount\":100,\"publisher\":{\"@id\":\"https:\\\/\\\/adra.md\\\/#organization\"},\"image\":{\"@id\":\"https:\\\/\\\/adra.md\\\/sprijin-pentru-refugiati-si-migranti-in-ribnita-si-tiraspol\\\/#primaryimage\"},\"thumbnailUrl\":\"https:\\\/\\\/adra.md\\\/wp-content\\\/uploads\\\/2025\\\/04\\\/486192184_17990877449795376_7284805737463289717_n.jpg\",\"articleSection\":[\"News\"],\"inLanguage\":\"ru-RU\"},{\"@type\":\"WebPage\",\"@id\":\"https:\\\/\\\/adra.md\\\/sprijin-pentru-refugiati-si-migranti-in-ribnita-si-tiraspol\\\/\",\"url\":\"https:\\\/\\\/adra.md\\\/sprijin-pentru-refugiati-si-migranti-in-ribnita-si-tiraspol\\\/\",\"name\":\"Sprijin pentru refugia\u021bi \u0219i migran\u021bi \u00een R\u00eebni\u021ba \u0219i Tiraspol - ADRA Moldova\",\"isPartOf\":{\"@id\":\"https:\\\/\\\/adra.md\\\/#website\"},\"primaryImageOfPage\":{\"@id\":\"https:\\\/\\\/adra.md\\\/sprijin-pentru-refugiati-si-migranti-in-ribnita-si-tiraspol\\\/#primaryimage\"},\"image\":{\"@id\":\"https:\\\/\\\/adra.md\\\/sprijin-pentru-refugiati-si-migranti-in-ribnita-si-tiraspol\\\/#primaryimage\"},\"thumbnailUrl\":\"https:\\\/\\\/adra.md\\\/wp-content\\\/uploads\\\/2025\\\/04\\\/486192184_17990877449795376_7284805737463289717_n.jpg\",\"datePublished\":\"2025-04-07T04:43:49+00:00\",\"breadcrumb\":{\"@id\":\"https:\\\/\\\/adra.md\\\/sprijin-pentru-refugiati-si-migranti-in-ribnita-si-tiraspol\\\/#breadcrumb\"},\"inLanguage\":\"ru-RU\",\"potentialAction\":[{\"@type\":\"ReadAction\",\"target\":[\"https:\\\/\\\/adra.md\\\/sprijin-pentru-refugiati-si-migranti-in-ribnita-si-tiraspol\\\/\"]}]},{\"@type\":\"ImageObject\",\"inLanguage\":\"ru-RU\",\"@id\":\"https:\\\/\\\/adra.md\\\/sprijin-pentru-refugiati-si-migranti-in-ribnita-si-tiraspol\\\/#primaryimage\",\"url\":\"https:\\\/\\\/adra.md\\\/wp-content\\\/uploads\\\/2025\\\/04\\\/486192184_17990877449795376_7284805737463289717_n.jpg\",\"contentUrl\":\"https:\\\/\\\/adra.md\\\/wp-content\\\/uploads\\\/2025\\\/04\\\/486192184_17990877449795376_7284805737463289717_n.jpg\",\"width\":1200,\"height\":1500},{\"@type\":\"BreadcrumbList\",\"@id\":\"https:\\\/\\\/adra.md\\\/sprijin-pentru-refugiati-si-migranti-in-ribnita-si-tiraspol\\\/#breadcrumb\",\"itemListElement\":[{\"@type\":\"ListItem\",\"position\":1,\"name\":\"Home\",\"item\":\"https:\\\/\\\/adra.md\\\/\"},{\"@type\":\"ListItem\",\"position\":2,\"name\":\"Sprijin pentru refugia\u021bi \u0219i migran\u021bi \u00een R\u00eebni\u021ba \u0219i Tiraspol\"}]},{\"@type\":\"WebSite\",\"@id\":\"https:\\\/\\\/adra.md\\\/#website\",\"url\":\"https:\\\/\\\/adra.md\\\/\",\"name\":\"ADRA Moldova\",\"description\":\"Agen\u0163ia Adventist\u0103 pentru Dezvoltare, Refacere \u015fi Ajutor\",\"publisher\":{\"@id\":\"https:\\\/\\\/adra.md\\\/#organization\"},\"potentialAction\":[{\"@type\":\"SearchAction\",\"target\":{\"@type\":\"EntryPoint\",\"urlTemplate\":\"https:\\\/\\\/adra.md\\\/?s={search_term_string}\"},\"query-input\":{\"@type\":\"PropertyValueSpecification\",\"valueRequired\":true,\"valueName\":\"search_term_string\"}}],\"inLanguage\":\"ru-RU\"},{\"@type\":\"Organization\",\"@id\":\"https:\\\/\\\/adra.md\\\/#organization\",\"name\":\"ADRA Moldova\",\"url\":\"https:\\\/\\\/adra.md\\\/\",\"logo\":{\"@type\":\"ImageObject\",\"inLanguage\":\"ru-RU\",\"@id\":\"https:\\\/\\\/adra.md\\\/#\\\/schema\\\/logo\\\/image\\\/\",\"url\":\"https:\\\/\\\/adra.md\\\/wp-content\\\/uploads\\\/2019\\\/11\\\/group-435.png\",\"contentUrl\":\"https:\\\/\\\/adra.md\\\/wp-content\\\/uploads\\\/2019\\\/11\\\/group-435.png\",\"width\":500,\"height\":133,\"caption\":\"ADRA Moldova\"},\"image\":{\"@id\":\"https:\\\/\\\/adra.md\\\/#\\\/schema\\\/logo\\\/image\\\/\"}},{\"@type\":\"Person\",\"@id\":\"https:\\\/\\\/adra.md\\\/#\\\/schema\\\/person\\\/b0181e611ee89738cefb7dc2db2bb8d1\",\"name\":\"ADRA Moldova\",\"url\":\"https:\\\/\\\/adra.md\\\/ru\\\/author\\\/andrei-girleanu\\\/\"}]}<\/script>\n<!-- \/ Yoast SEO plugin. -->","yoast_head_json":{"title":"Sprijin pentru refugia\u021bi \u0219i migran\u021bi \u00een R\u00eebni\u021ba \u0219i Tiraspol - ADRA Moldova","robots":{"index":"index","follow":"follow","max-snippet":"max-snippet:-1","max-image-preview":"max-image-preview:large","max-video-preview":"max-video-preview:-1"},"canonical":"https:\/\/adra.md\/ru\/sprijin-pentru-refugiati-si-migranti-in-ribnita-si-tiraspol\/","og_locale":"ru_RU","og_type":"article","og_title":"Sprijin pentru refugia\u021bi \u0219i migran\u021bi \u00een R\u00eebni\u021ba \u0219i Tiraspol - ADRA Moldova","og_description":"Sprijin pentru refugia\u021bi \u0219i migran\u021bi \u00een R\u00eebni\u021ba \u0219i Tiraspol ADRA Moldova \u00een parteneriate cu IOM Moldova, a deschis dou\u0103 centre de \u00eenregistrare pe malul st\u00e2ng, oferind suport esen\u021bial refugia\u021bilor \u0219i migran\u021bilor. Aceste centre ajut\u0103 persoanele vulnerabile s\u0103 acceseze asisten\u021b\u0103 financiar\u0103 pentru nevoi de baz\u0103, precum hran\u0103, ad\u0103post \u0219i \u00eengrijire medical\u0103. Datorit\u0103 finan\u021b\u0103rii Uniunii Europene, din [&hellip;]","og_url":"https:\/\/adra.md\/ru\/sprijin-pentru-refugiati-si-migranti-in-ribnita-si-tiraspol\/","og_site_name":"ADRA Moldova","article_published_time":"2025-04-07T04:43:49+00:00","og_image":[{"width":1200,"height":1500,"url":"https:\/\/adra.md\/wp-content\/uploads\/2025\/04\/486192184_17990877449795376_7284805737463289717_n.jpg","type":"image\/jpeg"}],"author":"ADRA Moldova","twitter_card":"summary_large_image","twitter_misc":{"\u041d\u0430\u043f\u0438\u0441\u0430\u043d\u043e \u0430\u0432\u0442\u043e\u0440\u043e\u043c":"ADRA Moldova"},"schema":{"@context":"https:\/\/schema.org","@graph":[{"@type":"Article","@id":"https:\/\/adra.md\/sprijin-pentru-refugiati-si-migranti-in-ribnita-si-tiraspol\/#article","isPartOf":{"@id":"https:\/\/adra.md\/sprijin-pentru-refugiati-si-migranti-in-ribnita-si-tiraspol\/"},"author":{"name":"ADRA Moldova","@id":"https:\/\/adra.md\/#\/schema\/person\/b0181e611ee89738cefb7dc2db2bb8d1"},"headline":"Sprijin pentru refugia\u021bi \u0219i migran\u021bi \u00een R\u00eebni\u021ba \u0219i Tiraspol","datePublished":"2025-04-07T04:43:49+00:00","mainEntityOfPage":{"@id":"https:\/\/adra.md\/sprijin-pentru-refugiati-si-migranti-in-ribnita-si-tiraspol\/"},"wordCount":100,"publisher":{"@id":"https:\/\/adra.md\/#organization"},"image":{"@id":"https:\/\/adra.md\/sprijin-pentru-refugiati-si-migranti-in-ribnita-si-tiraspol\/#primaryimage"},"thumbnailUrl":"https:\/\/adra.md\/wp-content\/uploads\/2025\/04\/486192184_17990877449795376_7284805737463289717_n.jpg","articleSection":["News"],"inLanguage":"ru-RU"},{"@type":"WebPage","@id":"https:\/\/adra.md\/sprijin-pentru-refugiati-si-migranti-in-ribnita-si-tiraspol\/","url":"https:\/\/adra.md\/sprijin-pentru-refugiati-si-migranti-in-ribnita-si-tiraspol\/","name":"Sprijin pentru refugia\u021bi \u0219i migran\u021bi \u00een R\u00eebni\u021ba \u0219i Tiraspol - ADRA Moldova","isPartOf":{"@id":"https:\/\/adra.md\/#website"},"primaryImageOfPage":{"@id":"https:\/\/adra.md\/sprijin-pentru-refugiati-si-migranti-in-ribnita-si-tiraspol\/#primaryimage"},"image":{"@id":"https:\/\/adra.md\/sprijin-pentru-refugiati-si-migranti-in-ribnita-si-tiraspol\/#primaryimage"},"thumbnailUrl":"https:\/\/adra.md\/wp-content\/uploads\/2025\/04\/486192184_17990877449795376_7284805737463289717_n.jpg","datePublished":"2025-04-07T04:43:49+00:00","breadcrumb":{"@id":"https:\/\/adra.md\/sprijin-pentru-refugiati-si-migranti-in-ribnita-si-tiraspol\/#breadcrumb"},"inLanguage":"ru-RU","potentialAction":[{"@type":"ReadAction","target":["https:\/\/adra.md\/sprijin-pentru-refugiati-si-migranti-in-ribnita-si-tiraspol\/"]}]},{"@type":"ImageObject","inLanguage":"ru-RU","@id":"https:\/\/adra.md\/sprijin-pentru-refugiati-si-migranti-in-ribnita-si-tiraspol\/#primaryimage","url":"https:\/\/adra.md\/wp-content\/uploads\/2025\/04\/486192184_17990877449795376_7284805737463289717_n.jpg","contentUrl":"https:\/\/adra.md\/wp-content\/uploads\/2025\/04\/486192184_17990877449795376_7284805737463289717_n.jpg","width":1200,"height":1500},{"@type":"BreadcrumbList","@id":"https:\/\/adra.md\/sprijin-pentru-refugiati-si-migranti-in-ribnita-si-tiraspol\/#breadcrumb","itemListElement":[{"@type":"ListItem","position":1,"name":"Home","item":"https:\/\/adra.md\/"},{"@type":"ListItem","position":2,"name":"Sprijin pentru refugia\u021bi \u0219i migran\u021bi \u00een R\u00eebni\u021ba \u0219i Tiraspol"}]},{"@type":"WebSite","@id":"https:\/\/adra.md\/#website","url":"https:\/\/adra.md\/","name":"ADRA Moldova","description":"Agen\u0163ia Adventist\u0103 pentru Dezvoltare, Refacere \u015fi Ajutor","publisher":{"@id":"https:\/\/adra.md\/#organization"},"potentialAction":[{"@type":"SearchAction","target":{"@type":"EntryPoint","urlTemplate":"https:\/\/adra.md\/?s={search_term_string}"},"query-input":{"@type":"PropertyValueSpecification","valueRequired":true,"valueName":"search_term_string"}}],"inLanguage":"ru-RU"},{"@type":"Organization","@id":"https:\/\/adra.md\/#organization","name":"ADRA Moldova","url":"https:\/\/adra.md\/","logo":{"@type":"ImageObject","inLanguage":"ru-RU","@id":"https:\/\/adra.md\/#\/schema\/logo\/image\/","url":"https:\/\/adra.md\/wp-content\/uploads\/2019\/11\/group-435.png","contentUrl":"https:\/\/adra.md\/wp-content\/uploads\/2019\/11\/group-435.png","width":500,"height":133,"caption":"ADRA Moldova"},"image":{"@id":"https:\/\/adra.md\/#\/schema\/logo\/image\/"}},{"@type":"Person","@id":"https:\/\/adra.md\/#\/schema\/person\/b0181e611ee89738cefb7dc2db2bb8d1","name":"ADRA Moldova","url":"https:\/\/adra.md\/ru\/author\/andrei-girleanu\/"}]}},"_links":{"self":[{"href":"https:\/\/adra.md\/ru\/wp-json\/wp\/v2\/posts\/22361","targetHints":{"allow":["GET"]}}],"collection":[{"href":"https:\/\/adra.md\/ru\/wp-json\/wp\/v2\/posts"}],"about":[{"href":"https:\/\/adra.md\/ru\/wp-json\/wp\/v2\/types\/post"}],"author":[{"embeddable":true,"href":"https:\/\/adra.md\/ru\/wp-json\/wp\/v2\/users\/9"}],"replies":[{"embeddable":true,"href":"https:\/\/adra.md\/ru\/wp-json\/wp\/v2\/comments?post=22361"}],"version-history":[{"count":1,"href":"https:\/\/adra.md\/ru\/wp-json\/wp\/v2\/posts\/22361\/revisions"}],"predecessor-version":[{"id":22365,"href":"https:\/\/adra.md\/ru\/wp-json\/wp\/v2\/posts\/22361\/revisions\/22365"}],"wp:featuredmedia":[{"embeddable":true,"href":"https:\/\/adra.md\/ru\/wp-json\/wp\/v2\/media\/22362"}],"wp:attachment":[{"href":"https:\/\/adra.md\/ru\/wp-json\/wp\/v2\/media?parent=22361"}],"wp:term":[{"taxonomy":"category","embeddable":true,"href":"https:\/\/adra.md\/ru\/wp-json\/wp\/v2\/categories?post=22361"},{"taxonomy":"post_tag","embeddable":true,"href":"https:\/\/adra.md\/ru\/wp-json\/wp\/v2\/tags?post=22361"}],"curies":[{"name":"wp","href":"https:\/\/api.w.org\/{rel}","templated":true}]}}