{"id":22390,"date":"2025-04-07T05:42:36","date_gmt":"2025-04-07T05:42:36","guid":{"rendered":"https:\/\/adra.md\/?p=22390"},"modified":"2025-04-07T05:42:36","modified_gmt":"2025-04-07T05:42:36","slug":"sa-fii-refugiat-nu-este-o-alegere","status":"publish","type":"post","link":"https:\/\/adra.md\/ru\/sa-fii-refugiat-nu-este-o-alegere\/","title":{"rendered":"S\u0103 fii refugiat nu este o alegere"},"content":{"rendered":"<div class=\"xdj266r x11i5rnm xat24cr x1mh8g0r x1vvkbs x126k92a\">\n<div dir=\"auto\">Svetlana, \u00een v\u00e2rst\u0103 de 65 de ani, are un z\u00e2mbet larg, o privire prietenoas\u0103 \u0219i o dispozi\u021bie optimist\u0103. Este originar\u0103 din Odessa \u0219i a venit \u00een Moldova \u00een martie 2022 \u00eempreun\u0103 cu so\u021bul ei.<\/div>\n<div dir=\"auto\">Svetlana spune c\u0103 totul \u00een jurul nostru depinde de fiecare dintre noi. Dac\u0103 suntem pozitivi, vom atrage oameni care sunt ca noi, dac\u0103 suntem mereu moroc\u0103no\u0219i, asta este tot ceea ce vedem la al\u021bii.<\/div>\n<div dir=\"auto\">Ea tr\u0103ie\u0219te dup\u0103 principiul: \u201eOmul trebuie s\u0103 r\u0103m\u00e2n\u0103 om \u00een orice situa\u021bie, indiferent de circumstan\u021be\u201d.<\/div>\n<div dir=\"auto\">Fiind o persoan\u0103 care nu st\u0103 niciodat\u0103 locului, aici, \u00een R\u00eebni\u021ba, Svetlana a c\u0103utat \u00eentotdeauna activit\u0103\u021bi \u0219i oameni cu care s\u0103 comunice. Acas\u0103, pentru ea, cite\u0219te mult, deseneaz\u0103 \u0219i face sport, dar c\u00e2nd a aflat despre centrul de \u00eenc\u0103lzire ADRA \u0219i c\u0103 aici se desf\u0103\u0219oar\u0103 multe activit\u0103\u021bi interesante, a decis imediat s\u0103 participe la ele \u0219i s\u0103 transmit\u0103 optimismul ei celor din jur.<\/div>\n<div dir=\"auto\">A \u00eent\u00e2mpinat dificult\u0103\u021bi c\u00e2nd au fost deconect\u0103ri de c\u0103ldur\u0103 \u0219i energie lectric\u0103, dar a decis s\u0103 r\u0103m\u00e2n\u0103 optimist\u0103 \u0219i s\u0103 nu vorbeasc\u0103 mult la acest subiect.<\/div>\n<div dir=\"auto\">Ea este profund recunosc\u0103toare pentru orice ajutor \u0219i pentru orice om care s-a g\u00e2ndit c\u0103 din ceea ce are poate da altora.<\/div>\n<\/div>\n<div class=\"x11i5rnm xat24cr x1mh8g0r x1vvkbs xtlvy1s x126k92a\">\n<div dir=\"auto\">&#8222;S\u0103 fii refugiat nu este o alegere, dar s\u0103 aju\u021bi, s\u0103 contribui, s\u0103 \u00ee\u021bi pese, este o decizie pe care o po\u021bi lua \u00een fiecare zi. Prin activit\u0103\u021bile petrecute \u00een acest centru ne vindec\u0103m emo\u021bional, ne facem prieteni, ne men\u021binem s\u0103n\u0103tatea \u0219i ne \u00eenc\u0103lzim inimile unii altora.&#8221;<\/div>\n<\/div>\n<div class=\"x11i5rnm xat24cr x1mh8g0r x1vvkbs xtlvy1s x126k92a\">\n<div dir=\"auto\"><span class=\"html-span xexx8yu x4uap5 x18d9i69 xkhd6sd x1hl2dhg x16tdsg8 x1vvkbs x3nfvp2 x1j61x8r x1fcty0u xdj266r xat24cr xgzva0m xhhsvwb xxymvpz xlup9mm x1kky2od\"><img decoding=\"async\" class=\"xz74otr x168nmei x13lgxp2 x5pf9jr xo71vjh\" src=\"https:\/\/static.xx.fbcdn.net\/images\/emoji.php\/v9\/t1f\/2\/16\/1f64f.png\" alt=\"\ud83d\ude4f\" width=\"16\" height=\"16\" \/><\/span> Proiect sus\u021binut de <span class=\"html-span xdj266r x11i5rnm xat24cr x1mh8g0r xexx8yu x4uap5 x18d9i69 xkhd6sd x1hl2dhg x16tdsg8 x1vvkbs\"><a class=\"x1i10hfl xjbqb8w x1ejq31n xd10rxx x1sy0etr x17r0tee x972fbf xcfux6l x1qhh985 xm0m39n x9f619 x1ypdohk xt0psk2 xe8uvvx xdj266r x11i5rnm xat24cr x1mh8g0r xexx8yu x4uap5 x18d9i69 xkhd6sd x16tdsg8 x1hl2dhg xggy1nq x1a2a7pz xkrqix3 x1sur9pj x1fey0fg x1s688f\" tabindex=\"0\" role=\"link\" href=\"https:\/\/www.facebook.com\/norwegianrefugeecouncil?__cft__[0]=AZUsH7wIERGzG3NnDYFHCpMkFU802ae03tq2dy71TRUULkgs8mLBtqDSySO4tRAg6Qlh3yos7bbBjcRbOgnVTRdpASL7DtIRF1-_s5AQtLlBhlT3i-YWA-8bWnP98H4bunNNdJfI5dzTLKhyLOJ6ECFfTjUJFdTJJYGA1fUzQECVf6iPrEcu6DfWlmJqNhytvwA&amp;__tn__=-]K-R\"><span class=\"xt0psk2\"><span class=\"xjp7ctv\">NRC &#8211; Norwegian Refugee Council<\/span><\/span><\/a><\/span><\/div>\n<\/div>\n<div class=\"x11i5rnm xat24cr x1mh8g0r x1vvkbs xtlvy1s x126k92a\">\n<div dir=\"auto\"><span class=\"html-span xdj266r x11i5rnm xat24cr x1mh8g0r xexx8yu x4uap5 x18d9i69 xkhd6sd x1hl2dhg x16tdsg8 x1vvkbs\"><a class=\"x1i10hfl xjbqb8w x1ejq31n xd10rxx x1sy0etr x17r0tee x972fbf xcfux6l x1qhh985 xm0m39n x9f619 x1ypdohk xt0psk2 xe8uvvx xdj266r x11i5rnm xat24cr x1mh8g0r xexx8yu x4uap5 x18d9i69 xkhd6sd x16tdsg8 x1hl2dhg xggy1nq x1a2a7pz xkrqix3 x1sur9pj x1fey0fg x1s688f\" tabindex=\"0\" role=\"link\" href=\"https:\/\/www.facebook.com\/hashtag\/adra?__eep__=6&amp;__cft__[0]=AZUsH7wIERGzG3NnDYFHCpMkFU802ae03tq2dy71TRUULkgs8mLBtqDSySO4tRAg6Qlh3yos7bbBjcRbOgnVTRdpASL7DtIRF1-_s5AQtLlBhlT3i-YWA-8bWnP98H4bunNNdJfI5dzTLKhyLOJ6ECFfTjUJFdTJJYGA1fUzQECVf6iPrEcu6DfWlmJqNhytvwA&amp;__tn__=*NK-R\">#adra<\/a><\/span> <span class=\"html-span xdj266r x11i5rnm xat24cr x1mh8g0r xexx8yu x4uap5 x18d9i69 xkhd6sd x1hl2dhg x16tdsg8 x1vvkbs\"><a class=\"x1i10hfl xjbqb8w x1ejq31n xd10rxx x1sy0etr x17r0tee x972fbf xcfux6l x1qhh985 xm0m39n x9f619 x1ypdohk xt0psk2 xe8uvvx xdj266r x11i5rnm xat24cr x1mh8g0r xexx8yu x4uap5 x18d9i69 xkhd6sd x16tdsg8 x1hl2dhg xggy1nq x1a2a7pz xkrqix3 x1sur9pj x1fey0fg x1s688f\" tabindex=\"0\" role=\"link\" href=\"https:\/\/www.facebook.com\/hashtag\/adramoldova?__eep__=6&amp;__cft__[0]=AZUsH7wIERGzG3NnDYFHCpMkFU802ae03tq2dy71TRUULkgs8mLBtqDSySO4tRAg6Qlh3yos7bbBjcRbOgnVTRdpASL7DtIRF1-_s5AQtLlBhlT3i-YWA-8bWnP98H4bunNNdJfI5dzTLKhyLOJ6ECFfTjUJFdTJJYGA1fUzQECVf6iPrEcu6DfWlmJqNhytvwA&amp;__tn__=*NK-R\">#adramoldova<\/a><\/span> <span class=\"html-span xdj266r x11i5rnm xat24cr x1mh8g0r xexx8yu x4uap5 x18d9i69 xkhd6sd x1hl2dhg x16tdsg8 x1vvkbs\"><a class=\"x1i10hfl xjbqb8w x1ejq31n xd10rxx x1sy0etr x17r0tee x972fbf xcfux6l x1qhh985 xm0m39n x9f619 x1ypdohk xt0psk2 xe8uvvx xdj266r x11i5rnm xat24cr x1mh8g0r xexx8yu x4uap5 x18d9i69 xkhd6sd x16tdsg8 x1hl2dhg xggy1nq x1a2a7pz xkrqix3 x1sur9pj x1fey0fg x1s688f\" tabindex=\"0\" role=\"link\" href=\"https:\/\/www.facebook.com\/hashtag\/norway?__eep__=6&amp;__cft__[0]=AZUsH7wIERGzG3NnDYFHCpMkFU802ae03tq2dy71TRUULkgs8mLBtqDSySO4tRAg6Qlh3yos7bbBjcRbOgnVTRdpASL7DtIRF1-_s5AQtLlBhlT3i-YWA-8bWnP98H4bunNNdJfI5dzTLKhyLOJ6ECFfTjUJFdTJJYGA1fUzQECVf6iPrEcu6DfWlmJqNhytvwA&amp;__tn__=*NK-R\">#norway<\/a><\/span> <span class=\"html-span xdj266r x11i5rnm xat24cr x1mh8g0r xexx8yu x4uap5 x18d9i69 xkhd6sd x1hl2dhg x16tdsg8 x1vvkbs\"><a class=\"x1i10hfl xjbqb8w x1ejq31n xd10rxx x1sy0etr x17r0tee x972fbf xcfux6l x1qhh985 xm0m39n x9f619 x1ypdohk xt0psk2 xe8uvvx xdj266r x11i5rnm xat24cr x1mh8g0r xexx8yu x4uap5 x18d9i69 xkhd6sd x16tdsg8 x1hl2dhg xggy1nq x1a2a7pz xkrqix3 x1sur9pj x1fey0fg x1s688f\" tabindex=\"0\" role=\"link\" href=\"https:\/\/www.facebook.com\/hashtag\/norad?__eep__=6&amp;__cft__[0]=AZUsH7wIERGzG3NnDYFHCpMkFU802ae03tq2dy71TRUULkgs8mLBtqDSySO4tRAg6Qlh3yos7bbBjcRbOgnVTRdpASL7DtIRF1-_s5AQtLlBhlT3i-YWA-8bWnP98H4bunNNdJfI5dzTLKhyLOJ6ECFfTjUJFdTJJYGA1fUzQECVf6iPrEcu6DfWlmJqNhytvwA&amp;__tn__=*NK-R\">#norad<\/a><\/span> <span class=\"html-span xdj266r x11i5rnm xat24cr x1mh8g0r xexx8yu x4uap5 x18d9i69 xkhd6sd x1hl2dhg x16tdsg8 x1vvkbs\"><a class=\"x1i10hfl xjbqb8w x1ejq31n xd10rxx x1sy0etr x17r0tee x972fbf xcfux6l x1qhh985 xm0m39n x9f619 x1ypdohk xt0psk2 xe8uvvx xdj266r x11i5rnm xat24cr x1mh8g0r xexx8yu x4uap5 x18d9i69 xkhd6sd x16tdsg8 x1hl2dhg xggy1nq x1a2a7pz xkrqix3 x1sur9pj x1fey0fg x1s688f\" tabindex=\"0\" role=\"link\" href=\"https:\/\/www.facebook.com\/hashtag\/feedback?__eep__=6&amp;__cft__[0]=AZUsH7wIERGzG3NnDYFHCpMkFU802ae03tq2dy71TRUULkgs8mLBtqDSySO4tRAg6Qlh3yos7bbBjcRbOgnVTRdpASL7DtIRF1-_s5AQtLlBhlT3i-YWA-8bWnP98H4bunNNdJfI5dzTLKhyLOJ6ECFfTjUJFdTJJYGA1fUzQECVf6iPrEcu6DfWlmJqNhytvwA&amp;__tn__=*NK-R\">#feedback<\/a><\/span> <span class=\"html-span xdj266r x11i5rnm xat24cr x1mh8g0r xexx8yu x4uap5 x18d9i69 xkhd6sd x1hl2dhg x16tdsg8 x1vvkbs\"><a class=\"x1i10hfl xjbqb8w x1ejq31n xd10rxx x1sy0etr x17r0tee x972fbf xcfux6l x1qhh985 xm0m39n x9f619 x1ypdohk xt0psk2 xe8uvvx xdj266r x11i5rnm xat24cr x1mh8g0r xexx8yu x4uap5 x18d9i69 xkhd6sd x16tdsg8 x1hl2dhg xggy1nq x1a2a7pz xkrqix3 x1sur9pj x1fey0fg x1s688f\" tabindex=\"0\" role=\"link\" href=\"https:\/\/www.facebook.com\/hashtag\/ribnita?__eep__=6&amp;__cft__[0]=AZUsH7wIERGzG3NnDYFHCpMkFU802ae03tq2dy71TRUULkgs8mLBtqDSySO4tRAg6Qlh3yos7bbBjcRbOgnVTRdpASL7DtIRF1-_s5AQtLlBhlT3i-YWA-8bWnP98H4bunNNdJfI5dzTLKhyLOJ6ECFfTjUJFdTJJYGA1fUzQECVf6iPrEcu6DfWlmJqNhytvwA&amp;__tn__=*NK-R\">#ribnita<\/a><\/span><\/div>\n<\/div>\n<div dir=\"auto\"><a href=\"https:\/\/adra.md\/wp-content\/uploads\/2025\/04\/IMG_7459.heic\"><img decoding=\"async\" class=\"alignnone size-full wp-image-22391\" src=\"https:\/\/adra.md\/wp-content\/uploads\/2025\/04\/IMG_7459.heic\" alt=\"\" \/><\/a><\/div>\n","protected":false},"excerpt":{"rendered":"<p>Svetlana, \u00een v\u00e2rst\u0103 de 65 de ani, are un z\u00e2mbet larg, o privire prietenoas\u0103 \u0219i o dispozi\u021bie optimist\u0103. Este originar\u0103 din Odessa \u0219i a venit \u00een Moldova \u00een martie 2022 \u00eempreun\u0103 cu so\u021bul ei. Svetlana spune c\u0103 totul \u00een jurul nostru depinde de fiecare dintre noi. Dac\u0103 suntem pozitivi, vom atrage oameni care sunt ca [&hellip;]<\/p>\n","protected":false},"author":9,"featured_media":22392,"comment_status":"closed","ping_status":"closed","sticky":false,"template":"","format":"standard","meta":{"_acf_changed":false,"footnotes":""},"categories":[294],"tags":[],"class_list":["post-22390","post","type-post","status-publish","format-standard","has-post-thumbnail","hentry","category-news"],"acf":[],"yoast_head":"<!-- This site is optimized with the Yoast SEO plugin v27.4 - https:\/\/yoast.com\/product\/yoast-seo-wordpress\/ -->\n<title>S\u0103 fii refugiat nu este o alegere - ADRA Moldova<\/title>\n<meta name=\"robots\" content=\"index, follow, max-snippet:-1, max-image-preview:large, max-video-preview:-1\" \/>\n<link rel=\"canonical\" href=\"https:\/\/adra.md\/ru\/sa-fii-refugiat-nu-este-o-alegere\/\" \/>\n<meta property=\"og:locale\" content=\"ru_RU\" \/>\n<meta property=\"og:type\" content=\"article\" \/>\n<meta property=\"og:title\" content=\"S\u0103 fii refugiat nu este o alegere - ADRA Moldova\" \/>\n<meta property=\"og:description\" content=\"Svetlana, \u00een v\u00e2rst\u0103 de 65 de ani, are un z\u00e2mbet larg, o privire prietenoas\u0103 \u0219i o dispozi\u021bie optimist\u0103. Este originar\u0103 din Odessa \u0219i a venit \u00een Moldova \u00een martie 2022 \u00eempreun\u0103 cu so\u021bul ei. Svetlana spune c\u0103 totul \u00een jurul nostru depinde de fiecare dintre noi. Dac\u0103 suntem pozitivi, vom atrage oameni care sunt ca [&hellip;]\" \/>\n<meta property=\"og:url\" content=\"https:\/\/adra.md\/ru\/sa-fii-refugiat-nu-este-o-alegere\/\" \/>\n<meta property=\"og:site_name\" content=\"ADRA Moldova\" \/>\n<meta property=\"article:published_time\" content=\"2025-04-07T05:42:36+00:00\" \/>\n<meta property=\"og:image\" content=\"https:\/\/adra.md\/wp-content\/uploads\/2025\/04\/488987844_17992244747795376_2780407346661698570_n.jpg\" \/>\n\t<meta property=\"og:image:width\" content=\"1440\" \/>\n\t<meta property=\"og:image:height\" content=\"1800\" \/>\n\t<meta property=\"og:image:type\" content=\"image\/jpeg\" \/>\n<meta name=\"author\" content=\"ADRA Moldova\" \/>\n<meta name=\"twitter:card\" content=\"summary_large_image\" \/>\n<meta name=\"twitter:label1\" content=\"\u041d\u0430\u043f\u0438\u0441\u0430\u043d\u043e \u0430\u0432\u0442\u043e\u0440\u043e\u043c\" \/>\n\t<meta name=\"twitter:data1\" content=\"ADRA Moldova\" \/>\n\t<meta name=\"twitter:label2\" content=\"\u041f\u0440\u0438\u043c\u0435\u0440\u043d\u043e\u0435 \u0432\u0440\u0435\u043c\u044f \u0434\u043b\u044f \u0447\u0442\u0435\u043d\u0438\u044f\" \/>\n\t<meta name=\"twitter:data2\" content=\"1 \u043c\u0438\u043d\u0443\u0442\u0430\" \/>\n<script type=\"application\/ld+json\" class=\"yoast-schema-graph\">{\"@context\":\"https:\\\/\\\/schema.org\",\"@graph\":[{\"@type\":\"Article\",\"@id\":\"https:\\\/\\\/adra.md\\\/sa-fii-refugiat-nu-este-o-alegere\\\/#article\",\"isPartOf\":{\"@id\":\"https:\\\/\\\/adra.md\\\/sa-fii-refugiat-nu-este-o-alegere\\\/\"},\"author\":{\"name\":\"ADRA Moldova\",\"@id\":\"https:\\\/\\\/adra.md\\\/#\\\/schema\\\/person\\\/b0181e611ee89738cefb7dc2db2bb8d1\"},\"headline\":\"S\u0103 fii refugiat nu este o alegere\",\"datePublished\":\"2025-04-07T05:42:36+00:00\",\"mainEntityOfPage\":{\"@id\":\"https:\\\/\\\/adra.md\\\/sa-fii-refugiat-nu-este-o-alegere\\\/\"},\"wordCount\":301,\"publisher\":{\"@id\":\"https:\\\/\\\/adra.md\\\/#organization\"},\"image\":{\"@id\":\"https:\\\/\\\/adra.md\\\/sa-fii-refugiat-nu-este-o-alegere\\\/#primaryimage\"},\"thumbnailUrl\":\"https:\\\/\\\/adra.md\\\/wp-content\\\/uploads\\\/2025\\\/04\\\/488987844_17992244747795376_2780407346661698570_n.jpg\",\"articleSection\":[\"News\"],\"inLanguage\":\"ru-RU\"},{\"@type\":\"WebPage\",\"@id\":\"https:\\\/\\\/adra.md\\\/sa-fii-refugiat-nu-este-o-alegere\\\/\",\"url\":\"https:\\\/\\\/adra.md\\\/sa-fii-refugiat-nu-este-o-alegere\\\/\",\"name\":\"S\u0103 fii refugiat nu este o alegere - ADRA Moldova\",\"isPartOf\":{\"@id\":\"https:\\\/\\\/adra.md\\\/#website\"},\"primaryImageOfPage\":{\"@id\":\"https:\\\/\\\/adra.md\\\/sa-fii-refugiat-nu-este-o-alegere\\\/#primaryimage\"},\"image\":{\"@id\":\"https:\\\/\\\/adra.md\\\/sa-fii-refugiat-nu-este-o-alegere\\\/#primaryimage\"},\"thumbnailUrl\":\"https:\\\/\\\/adra.md\\\/wp-content\\\/uploads\\\/2025\\\/04\\\/488987844_17992244747795376_2780407346661698570_n.jpg\",\"datePublished\":\"2025-04-07T05:42:36+00:00\",\"breadcrumb\":{\"@id\":\"https:\\\/\\\/adra.md\\\/sa-fii-refugiat-nu-este-o-alegere\\\/#breadcrumb\"},\"inLanguage\":\"ru-RU\",\"potentialAction\":[{\"@type\":\"ReadAction\",\"target\":[\"https:\\\/\\\/adra.md\\\/sa-fii-refugiat-nu-este-o-alegere\\\/\"]}]},{\"@type\":\"ImageObject\",\"inLanguage\":\"ru-RU\",\"@id\":\"https:\\\/\\\/adra.md\\\/sa-fii-refugiat-nu-este-o-alegere\\\/#primaryimage\",\"url\":\"https:\\\/\\\/adra.md\\\/wp-content\\\/uploads\\\/2025\\\/04\\\/488987844_17992244747795376_2780407346661698570_n.jpg\",\"contentUrl\":\"https:\\\/\\\/adra.md\\\/wp-content\\\/uploads\\\/2025\\\/04\\\/488987844_17992244747795376_2780407346661698570_n.jpg\",\"width\":1440,\"height\":1800},{\"@type\":\"BreadcrumbList\",\"@id\":\"https:\\\/\\\/adra.md\\\/sa-fii-refugiat-nu-este-o-alegere\\\/#breadcrumb\",\"itemListElement\":[{\"@type\":\"ListItem\",\"position\":1,\"name\":\"Home\",\"item\":\"https:\\\/\\\/adra.md\\\/\"},{\"@type\":\"ListItem\",\"position\":2,\"name\":\"S\u0103 fii refugiat nu este o alegere\"}]},{\"@type\":\"WebSite\",\"@id\":\"https:\\\/\\\/adra.md\\\/#website\",\"url\":\"https:\\\/\\\/adra.md\\\/\",\"name\":\"ADRA Moldova\",\"description\":\"Agen\u0163ia Adventist\u0103 pentru Dezvoltare, Refacere \u015fi Ajutor\",\"publisher\":{\"@id\":\"https:\\\/\\\/adra.md\\\/#organization\"},\"potentialAction\":[{\"@type\":\"SearchAction\",\"target\":{\"@type\":\"EntryPoint\",\"urlTemplate\":\"https:\\\/\\\/adra.md\\\/?s={search_term_string}\"},\"query-input\":{\"@type\":\"PropertyValueSpecification\",\"valueRequired\":true,\"valueName\":\"search_term_string\"}}],\"inLanguage\":\"ru-RU\"},{\"@type\":\"Organization\",\"@id\":\"https:\\\/\\\/adra.md\\\/#organization\",\"name\":\"ADRA Moldova\",\"url\":\"https:\\\/\\\/adra.md\\\/\",\"logo\":{\"@type\":\"ImageObject\",\"inLanguage\":\"ru-RU\",\"@id\":\"https:\\\/\\\/adra.md\\\/#\\\/schema\\\/logo\\\/image\\\/\",\"url\":\"https:\\\/\\\/adra.md\\\/wp-content\\\/uploads\\\/2019\\\/11\\\/group-435.png\",\"contentUrl\":\"https:\\\/\\\/adra.md\\\/wp-content\\\/uploads\\\/2019\\\/11\\\/group-435.png\",\"width\":500,\"height\":133,\"caption\":\"ADRA Moldova\"},\"image\":{\"@id\":\"https:\\\/\\\/adra.md\\\/#\\\/schema\\\/logo\\\/image\\\/\"}},{\"@type\":\"Person\",\"@id\":\"https:\\\/\\\/adra.md\\\/#\\\/schema\\\/person\\\/b0181e611ee89738cefb7dc2db2bb8d1\",\"name\":\"ADRA Moldova\",\"url\":\"https:\\\/\\\/adra.md\\\/ru\\\/author\\\/andrei-girleanu\\\/\"}]}<\/script>\n<!-- \/ Yoast SEO plugin. -->","yoast_head_json":{"title":"S\u0103 fii refugiat nu este o alegere - ADRA Moldova","robots":{"index":"index","follow":"follow","max-snippet":"max-snippet:-1","max-image-preview":"max-image-preview:large","max-video-preview":"max-video-preview:-1"},"canonical":"https:\/\/adra.md\/ru\/sa-fii-refugiat-nu-este-o-alegere\/","og_locale":"ru_RU","og_type":"article","og_title":"S\u0103 fii refugiat nu este o alegere - ADRA Moldova","og_description":"Svetlana, \u00een v\u00e2rst\u0103 de 65 de ani, are un z\u00e2mbet larg, o privire prietenoas\u0103 \u0219i o dispozi\u021bie optimist\u0103. Este originar\u0103 din Odessa \u0219i a venit \u00een Moldova \u00een martie 2022 \u00eempreun\u0103 cu so\u021bul ei. Svetlana spune c\u0103 totul \u00een jurul nostru depinde de fiecare dintre noi. Dac\u0103 suntem pozitivi, vom atrage oameni care sunt ca [&hellip;]","og_url":"https:\/\/adra.md\/ru\/sa-fii-refugiat-nu-este-o-alegere\/","og_site_name":"ADRA Moldova","article_published_time":"2025-04-07T05:42:36+00:00","og_image":[{"width":1440,"height":1800,"url":"https:\/\/adra.md\/wp-content\/uploads\/2025\/04\/488987844_17992244747795376_2780407346661698570_n.jpg","type":"image\/jpeg"}],"author":"ADRA Moldova","twitter_card":"summary_large_image","twitter_misc":{"\u041d\u0430\u043f\u0438\u0441\u0430\u043d\u043e \u0430\u0432\u0442\u043e\u0440\u043e\u043c":"ADRA Moldova","\u041f\u0440\u0438\u043c\u0435\u0440\u043d\u043e\u0435 \u0432\u0440\u0435\u043c\u044f \u0434\u043b\u044f \u0447\u0442\u0435\u043d\u0438\u044f":"1 \u043c\u0438\u043d\u0443\u0442\u0430"},"schema":{"@context":"https:\/\/schema.org","@graph":[{"@type":"Article","@id":"https:\/\/adra.md\/sa-fii-refugiat-nu-este-o-alegere\/#article","isPartOf":{"@id":"https:\/\/adra.md\/sa-fii-refugiat-nu-este-o-alegere\/"},"author":{"name":"ADRA Moldova","@id":"https:\/\/adra.md\/#\/schema\/person\/b0181e611ee89738cefb7dc2db2bb8d1"},"headline":"S\u0103 fii refugiat nu este o alegere","datePublished":"2025-04-07T05:42:36+00:00","mainEntityOfPage":{"@id":"https:\/\/adra.md\/sa-fii-refugiat-nu-este-o-alegere\/"},"wordCount":301,"publisher":{"@id":"https:\/\/adra.md\/#organization"},"image":{"@id":"https:\/\/adra.md\/sa-fii-refugiat-nu-este-o-alegere\/#primaryimage"},"thumbnailUrl":"https:\/\/adra.md\/wp-content\/uploads\/2025\/04\/488987844_17992244747795376_2780407346661698570_n.jpg","articleSection":["News"],"inLanguage":"ru-RU"},{"@type":"WebPage","@id":"https:\/\/adra.md\/sa-fii-refugiat-nu-este-o-alegere\/","url":"https:\/\/adra.md\/sa-fii-refugiat-nu-este-o-alegere\/","name":"S\u0103 fii refugiat nu este o alegere - ADRA Moldova","isPartOf":{"@id":"https:\/\/adra.md\/#website"},"primaryImageOfPage":{"@id":"https:\/\/adra.md\/sa-fii-refugiat-nu-este-o-alegere\/#primaryimage"},"image":{"@id":"https:\/\/adra.md\/sa-fii-refugiat-nu-este-o-alegere\/#primaryimage"},"thumbnailUrl":"https:\/\/adra.md\/wp-content\/uploads\/2025\/04\/488987844_17992244747795376_2780407346661698570_n.jpg","datePublished":"2025-04-07T05:42:36+00:00","breadcrumb":{"@id":"https:\/\/adra.md\/sa-fii-refugiat-nu-este-o-alegere\/#breadcrumb"},"inLanguage":"ru-RU","potentialAction":[{"@type":"ReadAction","target":["https:\/\/adra.md\/sa-fii-refugiat-nu-este-o-alegere\/"]}]},{"@type":"ImageObject","inLanguage":"ru-RU","@id":"https:\/\/adra.md\/sa-fii-refugiat-nu-este-o-alegere\/#primaryimage","url":"https:\/\/adra.md\/wp-content\/uploads\/2025\/04\/488987844_17992244747795376_2780407346661698570_n.jpg","contentUrl":"https:\/\/adra.md\/wp-content\/uploads\/2025\/04\/488987844_17992244747795376_2780407346661698570_n.jpg","width":1440,"height":1800},{"@type":"BreadcrumbList","@id":"https:\/\/adra.md\/sa-fii-refugiat-nu-este-o-alegere\/#breadcrumb","itemListElement":[{"@type":"ListItem","position":1,"name":"Home","item":"https:\/\/adra.md\/"},{"@type":"ListItem","position":2,"name":"S\u0103 fii refugiat nu este o alegere"}]},{"@type":"WebSite","@id":"https:\/\/adra.md\/#website","url":"https:\/\/adra.md\/","name":"ADRA Moldova","description":"Agen\u0163ia Adventist\u0103 pentru Dezvoltare, Refacere \u015fi Ajutor","publisher":{"@id":"https:\/\/adra.md\/#organization"},"potentialAction":[{"@type":"SearchAction","target":{"@type":"EntryPoint","urlTemplate":"https:\/\/adra.md\/?s={search_term_string}"},"query-input":{"@type":"PropertyValueSpecification","valueRequired":true,"valueName":"search_term_string"}}],"inLanguage":"ru-RU"},{"@type":"Organization","@id":"https:\/\/adra.md\/#organization","name":"ADRA Moldova","url":"https:\/\/adra.md\/","logo":{"@type":"ImageObject","inLanguage":"ru-RU","@id":"https:\/\/adra.md\/#\/schema\/logo\/image\/","url":"https:\/\/adra.md\/wp-content\/uploads\/2019\/11\/group-435.png","contentUrl":"https:\/\/adra.md\/wp-content\/uploads\/2019\/11\/group-435.png","width":500,"height":133,"caption":"ADRA Moldova"},"image":{"@id":"https:\/\/adra.md\/#\/schema\/logo\/image\/"}},{"@type":"Person","@id":"https:\/\/adra.md\/#\/schema\/person\/b0181e611ee89738cefb7dc2db2bb8d1","name":"ADRA Moldova","url":"https:\/\/adra.md\/ru\/author\/andrei-girleanu\/"}]}},"_links":{"self":[{"href":"https:\/\/adra.md\/ru\/wp-json\/wp\/v2\/posts\/22390","targetHints":{"allow":["GET"]}}],"collection":[{"href":"https:\/\/adra.md\/ru\/wp-json\/wp\/v2\/posts"}],"about":[{"href":"https:\/\/adra.md\/ru\/wp-json\/wp\/v2\/types\/post"}],"author":[{"embeddable":true,"href":"https:\/\/adra.md\/ru\/wp-json\/wp\/v2\/users\/9"}],"replies":[{"embeddable":true,"href":"https:\/\/adra.md\/ru\/wp-json\/wp\/v2\/comments?post=22390"}],"version-history":[{"count":1,"href":"https:\/\/adra.md\/ru\/wp-json\/wp\/v2\/posts\/22390\/revisions"}],"predecessor-version":[{"id":22393,"href":"https:\/\/adra.md\/ru\/wp-json\/wp\/v2\/posts\/22390\/revisions\/22393"}],"wp:featuredmedia":[{"embeddable":true,"href":"https:\/\/adra.md\/ru\/wp-json\/wp\/v2\/media\/22392"}],"wp:attachment":[{"href":"https:\/\/adra.md\/ru\/wp-json\/wp\/v2\/media?parent=22390"}],"wp:term":[{"taxonomy":"category","embeddable":true,"href":"https:\/\/adra.md\/ru\/wp-json\/wp\/v2\/categories?post=22390"},{"taxonomy":"post_tag","embeddable":true,"href":"https:\/\/adra.md\/ru\/wp-json\/wp\/v2\/tags?post=22390"}],"curies":[{"name":"wp","href":"https:\/\/api.w.org\/{rel}","templated":true}]}}