{"id":22589,"date":"2025-10-09T21:00:14","date_gmt":"2025-10-09T21:00:14","guid":{"rendered":"https:\/\/adra.md\/?p=22589"},"modified":"2025-10-09T21:00:14","modified_gmt":"2025-10-09T21:00:14","slug":"imbunatatirea-conditiilor-de-trai","status":"publish","type":"post","link":"https:\/\/adra.md\/ru\/imbunatatirea-conditiilor-de-trai\/","title":{"rendered":"\u00cembun\u0103t\u0103\u021birea condi\u021biilor de trai"},"content":{"rendered":"<div class=\"xdj266r x14z9mp xat24cr x1lziwak x1vvkbs x126k92a\">\n<div dir=\"auto\">De mul\u021bi ani, ADRA Moldova are onoarea de a colabora cu Danish International Aid, un partener de \u00eencredere \u00een misiunea noastr\u0103 de a aduce sprijin acolo unde este cea mai mare nevoie.<\/div>\n<\/div>\n<div class=\"x14z9mp xat24cr x1lziwak x1vvkbs xtlvy1s x126k92a\">\n<div dir=\"auto\"><span class=\"html-span xexx8yu xyri2b x18d9i69 x1c1uobl x1hl2dhg x16tdsg8 x1vvkbs x3nfvp2 x1j61x8r x1fcty0u xdj266r xat24cr xm2jcoa x1mpyi22 xxymvpz xlup9mm x1kky2od\"><img decoding=\"async\" class=\"xz74otr x15mokao x1ga7v0g x16uus16 xbiv7yw\" src=\"https:\/\/static.xx.fbcdn.net\/images\/emoji.php\/v9\/tdc\/2\/16\/1f4e6.png\" alt=\"\ud83d\udce6\" width=\"16\" height=\"16\" \/><\/span> Cu ajutorul generos oferit de Danish International Aid, am reu\u0219it s\u0103 distribuim constant mobilier, ustensile de mobilitate pentru persoane cu dizabilit\u0103\u021bi, accesorii utile pentru cas\u0103, dar \u0219i ochelari de vedere \u2014 toate acestea contribuind la \u00eembun\u0103t\u0103\u021birea condi\u021biilor de trai pentru sute de familii \u0219i persoane vulnerabile din Republica Moldova.<\/div>\n<\/div>\n<div class=\"x14z9mp xat24cr x1lziwak x1vvkbs xtlvy1s x126k92a\">\n<div dir=\"auto\"><span class=\"html-span xexx8yu xyri2b x18d9i69 x1c1uobl x1hl2dhg x16tdsg8 x1vvkbs x3nfvp2 x1j61x8r x1fcty0u xdj266r xat24cr xm2jcoa x1mpyi22 xxymvpz xlup9mm x1kky2od\"><img decoding=\"async\" class=\"xz74otr x15mokao x1ga7v0g x16uus16 xbiv7yw\" src=\"https:\/\/static.xx.fbcdn.net\/images\/emoji.php\/v9\/tde\/2\/16\/1f30d.png\" alt=\"\ud83c\udf0d\" width=\"16\" height=\"16\" \/><\/span> Mul\u021bumim Danish Aid pentru \u00eencredere, solidaritate \u0219i continuitatea unui parteneriat care schimb\u0103 vie\u021bi!<\/div>\n<\/div>\n<div class=\"x14z9mp xat24cr x1lziwak x1vvkbs xtlvy1s x126k92a\">\n<div dir=\"auto\"><span class=\"html-span xdj266r x14z9mp xat24cr x1lziwak xexx8yu xyri2b x18d9i69 x1c1uobl x1hl2dhg x16tdsg8 x1vvkbs\"><a class=\"x1i10hfl xjbqb8w x1ejq31n x18oe1m7 x1sy0etr xstzfhl x972fbf x10w94by x1qhh985 x14e42zd x9f619 x1ypdohk xt0psk2 x3ct3a4 xdj266r x14z9mp xat24cr x1lziwak xexx8yu xyri2b x18d9i69 x1c1uobl x16tdsg8 x1hl2dhg xggy1nq x1a2a7pz xkrqix3 x1sur9pj x1fey0fg x1s688f\" tabindex=\"0\" role=\"link\" href=\"https:\/\/www.facebook.com\/hashtag\/adramoldova?__cft__[0]=AZUWZxGDnBpGt-wprR8QEkHzKDHPwE0Z0oEgxYbVWGUC_TkKQuJB0_JTjHhIDGvkWZPvFg7vzZyDt5FIAfzEazR4d6fBPJ-k5pAXL8f6BzcbnCBA75KcZXK5P8JtDHqyIULYvKo0NQqAUvdODNco7mj3ecWcwTpPADgR1IQ9C5VCHd-oCQsIAZAdmsd9hev9GR8&amp;__tn__=*NK-R\">#ADRAMoldova<\/a><\/span> <span class=\"html-span xdj266r x14z9mp xat24cr x1lziwak xexx8yu xyri2b x18d9i69 x1c1uobl x1hl2dhg x16tdsg8 x1vvkbs\"><a class=\"x1i10hfl xjbqb8w x1ejq31n x18oe1m7 x1sy0etr xstzfhl x972fbf x10w94by x1qhh985 x14e42zd x9f619 x1ypdohk xt0psk2 x3ct3a4 xdj266r x14z9mp xat24cr x1lziwak xexx8yu xyri2b x18d9i69 x1c1uobl x16tdsg8 x1hl2dhg xggy1nq x1a2a7pz xkrqix3 x1sur9pj x1fey0fg x1s688f\" tabindex=\"0\" role=\"link\" href=\"https:\/\/www.facebook.com\/hashtag\/solidaritate?__cft__[0]=AZUWZxGDnBpGt-wprR8QEkHzKDHPwE0Z0oEgxYbVWGUC_TkKQuJB0_JTjHhIDGvkWZPvFg7vzZyDt5FIAfzEazR4d6fBPJ-k5pAXL8f6BzcbnCBA75KcZXK5P8JtDHqyIULYvKo0NQqAUvdODNco7mj3ecWcwTpPADgR1IQ9C5VCHd-oCQsIAZAdmsd9hev9GR8&amp;__tn__=*NK-R\">#Solidaritate<\/a><\/span> <span class=\"html-span xdj266r x14z9mp xat24cr x1lziwak xexx8yu xyri2b x18d9i69 x1c1uobl x1hl2dhg x16tdsg8 x1vvkbs\"><a class=\"x1i10hfl xjbqb8w x1ejq31n x18oe1m7 x1sy0etr xstzfhl x972fbf x10w94by x1qhh985 x14e42zd x9f619 x1ypdohk xt0psk2 x3ct3a4 xdj266r x14z9mp xat24cr x1lziwak xexx8yu xyri2b x18d9i69 x1c1uobl x16tdsg8 x1hl2dhg xggy1nq x1a2a7pz xkrqix3 x1sur9pj x1fey0fg x1s688f\" tabindex=\"0\" role=\"link\" href=\"https:\/\/www.facebook.com\/hashtag\/parteneriat?__cft__[0]=AZUWZxGDnBpGt-wprR8QEkHzKDHPwE0Z0oEgxYbVWGUC_TkKQuJB0_JTjHhIDGvkWZPvFg7vzZyDt5FIAfzEazR4d6fBPJ-k5pAXL8f6BzcbnCBA75KcZXK5P8JtDHqyIULYvKo0NQqAUvdODNco7mj3ecWcwTpPADgR1IQ9C5VCHd-oCQsIAZAdmsd9hev9GR8&amp;__tn__=*NK-R\">#Parteneriat<\/a><\/span> <span class=\"html-span xdj266r x14z9mp xat24cr x1lziwak xexx8yu xyri2b x18d9i69 x1c1uobl x1hl2dhg x16tdsg8 x1vvkbs\"><a class=\"x1i10hfl xjbqb8w x1ejq31n x18oe1m7 x1sy0etr xstzfhl x972fbf x10w94by x1qhh985 x14e42zd x9f619 x1ypdohk xt0psk2 x3ct3a4 xdj266r x14z9mp xat24cr x1lziwak xexx8yu xyri2b x18d9i69 x1c1uobl x16tdsg8 x1hl2dhg xggy1nq x1a2a7pz xkrqix3 x1sur9pj x1fey0fg x1s688f\" tabindex=\"0\" role=\"link\" href=\"https:\/\/www.facebook.com\/hashtag\/danishaid?__cft__[0]=AZUWZxGDnBpGt-wprR8QEkHzKDHPwE0Z0oEgxYbVWGUC_TkKQuJB0_JTjHhIDGvkWZPvFg7vzZyDt5FIAfzEazR4d6fBPJ-k5pAXL8f6BzcbnCBA75KcZXK5P8JtDHqyIULYvKo0NQqAUvdODNco7mj3ecWcwTpPADgR1IQ9C5VCHd-oCQsIAZAdmsd9hev9GR8&amp;__tn__=*NK-R\">#DanishAid<\/a><\/span> <span class=\"html-span xdj266r x14z9mp xat24cr x1lziwak xexx8yu xyri2b x18d9i69 x1c1uobl x1hl2dhg x16tdsg8 x1vvkbs\"><a class=\"x1i10hfl xjbqb8w x1ejq31n x18oe1m7 x1sy0etr xstzfhl x972fbf x10w94by x1qhh985 x14e42zd x9f619 x1ypdohk xt0psk2 x3ct3a4 xdj266r x14z9mp xat24cr x1lziwak xexx8yu xyri2b x18d9i69 x1c1uobl x16tdsg8 x1hl2dhg xggy1nq x1a2a7pz xkrqix3 x1sur9pj x1fey0fg x1s688f\" tabindex=\"0\" role=\"link\" href=\"https:\/\/www.facebook.com\/hashtag\/ajutorumanitar?__cft__[0]=AZUWZxGDnBpGt-wprR8QEkHzKDHPwE0Z0oEgxYbVWGUC_TkKQuJB0_JTjHhIDGvkWZPvFg7vzZyDt5FIAfzEazR4d6fBPJ-k5pAXL8f6BzcbnCBA75KcZXK5P8JtDHqyIULYvKo0NQqAUvdODNco7mj3ecWcwTpPADgR1IQ9C5VCHd-oCQsIAZAdmsd9hev9GR8&amp;__tn__=*NK-R\">#AjutorUmanitar<\/a><\/span> <span class=\"html-span xdj266r x14z9mp xat24cr x1lziwak xexx8yu xyri2b x18d9i69 x1c1uobl x1hl2dhg x16tdsg8 x1vvkbs\"><a class=\"x1i10hfl xjbqb8w x1ejq31n x18oe1m7 x1sy0etr xstzfhl x972fbf x10w94by x1qhh985 x14e42zd x9f619 x1ypdohk xt0psk2 x3ct3a4 xdj266r x14z9mp xat24cr x1lziwak xexx8yu xyri2b x18d9i69 x1c1uobl x16tdsg8 x1hl2dhg xggy1nq x1a2a7pz xkrqix3 x1sur9pj x1fey0fg x1s688f\" tabindex=\"0\" role=\"link\" href=\"https:\/\/www.facebook.com\/hashtag\/sprijincomunitar?__cft__[0]=AZUWZxGDnBpGt-wprR8QEkHzKDHPwE0Z0oEgxYbVWGUC_TkKQuJB0_JTjHhIDGvkWZPvFg7vzZyDt5FIAfzEazR4d6fBPJ-k5pAXL8f6BzcbnCBA75KcZXK5P8JtDHqyIULYvKo0NQqAUvdODNco7mj3ecWcwTpPADgR1IQ9C5VCHd-oCQsIAZAdmsd9hev9GR8&amp;__tn__=*NK-R\">#SprijinComunitar<\/a><\/span> <span class=\"html-span xdj266r x14z9mp xat24cr x1lziwak xexx8yu xyri2b x18d9i69 x1c1uobl x1hl2dhg x16tdsg8 x1vvkbs\"><a class=\"x1i10hfl xjbqb8w x1ejq31n x18oe1m7 x1sy0etr xstzfhl x972fbf x10w94by x1qhh985 x14e42zd x9f619 x1ypdohk xt0psk2 x3ct3a4 xdj266r x14z9mp xat24cr x1lziwak xexx8yu xyri2b x18d9i69 x1c1uobl x16tdsg8 x1hl2dhg xggy1nq x1a2a7pz xkrqix3 x1sur9pj x1fey0fg x1s688f\" tabindex=\"0\" role=\"link\" href=\"https:\/\/www.facebook.com\/hashtag\/adra?__cft__[0]=AZUWZxGDnBpGt-wprR8QEkHzKDHPwE0Z0oEgxYbVWGUC_TkKQuJB0_JTjHhIDGvkWZPvFg7vzZyDt5FIAfzEazR4d6fBPJ-k5pAXL8f6BzcbnCBA75KcZXK5P8JtDHqyIULYvKo0NQqAUvdODNco7mj3ecWcwTpPADgR1IQ9C5VCHd-oCQsIAZAdmsd9hev9GR8&amp;__tn__=*NK-R\">#adra<\/a><\/span><\/div>\n<\/div>\n<div dir=\"auto\"><\/div>\n<div dir=\"auto\"><img fetchpriority=\"high\" decoding=\"async\" class=\"alignnone  wp-image-22590\" src=\"https:\/\/adra.md\/wp-content\/uploads\/2025\/10\/508294223_18000277115795376_7764938909412737581_n-768x1024.jpg\" alt=\"\" width=\"264\" height=\"352\" srcset=\"https:\/\/adra.md\/wp-content\/uploads\/2025\/10\/508294223_18000277115795376_7764938909412737581_n-768x1024.jpg 768w, https:\/\/adra.md\/wp-content\/uploads\/2025\/10\/508294223_18000277115795376_7764938909412737581_n-225x300.jpg 225w, https:\/\/adra.md\/wp-content\/uploads\/2025\/10\/508294223_18000277115795376_7764938909412737581_n-1152x1536.jpg 1152w, https:\/\/adra.md\/wp-content\/uploads\/2025\/10\/508294223_18000277115795376_7764938909412737581_n-9x12.jpg 9w, https:\/\/adra.md\/wp-content\/uploads\/2025\/10\/508294223_18000277115795376_7764938909412737581_n.jpg 1330w\" sizes=\"(max-width: 264px) 100vw, 264px\" \/> <img loading=\"lazy\" decoding=\"async\" class=\"alignnone  wp-image-22591\" src=\"https:\/\/adra.md\/wp-content\/uploads\/2025\/10\/508303785_18000277124795376_3748696557527470093_n-768x1024.jpg\" alt=\"\" width=\"264\" height=\"352\" srcset=\"https:\/\/adra.md\/wp-content\/uploads\/2025\/10\/508303785_18000277124795376_3748696557527470093_n-768x1024.jpg 768w, https:\/\/adra.md\/wp-content\/uploads\/2025\/10\/508303785_18000277124795376_3748696557527470093_n-225x300.jpg 225w, https:\/\/adra.md\/wp-content\/uploads\/2025\/10\/508303785_18000277124795376_3748696557527470093_n-1152x1536.jpg 1152w, https:\/\/adra.md\/wp-content\/uploads\/2025\/10\/508303785_18000277124795376_3748696557527470093_n-9x12.jpg 9w, https:\/\/adra.md\/wp-content\/uploads\/2025\/10\/508303785_18000277124795376_3748696557527470093_n.jpg 1440w\" sizes=\"(max-width: 264px) 100vw, 264px\" \/> <img loading=\"lazy\" decoding=\"async\" class=\"alignnone  wp-image-22592\" src=\"https:\/\/adra.md\/wp-content\/uploads\/2025\/10\/508394747_18000277103795376_2681004221097701002_n-768x1024.jpg\" alt=\"\" width=\"260\" height=\"347\" srcset=\"https:\/\/adra.md\/wp-content\/uploads\/2025\/10\/508394747_18000277103795376_2681004221097701002_n-768x1024.jpg 768w, https:\/\/adra.md\/wp-content\/uploads\/2025\/10\/508394747_18000277103795376_2681004221097701002_n-225x300.jpg 225w, https:\/\/adra.md\/wp-content\/uploads\/2025\/10\/508394747_18000277103795376_2681004221097701002_n-9x12.jpg 9w, https:\/\/adra.md\/wp-content\/uploads\/2025\/10\/508394747_18000277103795376_2681004221097701002_n.jpg 1153w\" sizes=\"(max-width: 260px) 100vw, 260px\" \/><\/div>\n<div dir=\"auto\"><\/div>\n<div dir=\"auto\"><img loading=\"lazy\" decoding=\"async\" class=\"alignnone  wp-image-22593\" src=\"https:\/\/adra.md\/wp-content\/uploads\/2025\/10\/508403771_18000277106795376_4866016889197565874_n-768x1024.jpg\" alt=\"\" width=\"262\" height=\"350\" srcset=\"https:\/\/adra.md\/wp-content\/uploads\/2025\/10\/508403771_18000277106795376_4866016889197565874_n-768x1024.jpg 768w, https:\/\/adra.md\/wp-content\/uploads\/2025\/10\/508403771_18000277106795376_4866016889197565874_n-225x300.jpg 225w, https:\/\/adra.md\/wp-content\/uploads\/2025\/10\/508403771_18000277106795376_4866016889197565874_n-9x12.jpg 9w, https:\/\/adra.md\/wp-content\/uploads\/2025\/10\/508403771_18000277106795376_4866016889197565874_n.jpg 921w\" sizes=\"(max-width: 262px) 100vw, 262px\" \/> <img loading=\"lazy\" decoding=\"async\" class=\"alignnone  wp-image-22594\" src=\"https:\/\/adra.md\/wp-content\/uploads\/2025\/10\/508645079_18000277088795376_6244878724093461086_n-768x1024.jpg\" alt=\"\" width=\"262\" height=\"349\" srcset=\"https:\/\/adra.md\/wp-content\/uploads\/2025\/10\/508645079_18000277088795376_6244878724093461086_n-768x1024.jpg 768w, https:\/\/adra.md\/wp-content\/uploads\/2025\/10\/508645079_18000277088795376_6244878724093461086_n-225x300.jpg 225w, https:\/\/adra.md\/wp-content\/uploads\/2025\/10\/508645079_18000277088795376_6244878724093461086_n-1152x1536.jpg 1152w, https:\/\/adra.md\/wp-content\/uploads\/2025\/10\/508645079_18000277088795376_6244878724093461086_n-9x12.jpg 9w, https:\/\/adra.md\/wp-content\/uploads\/2025\/10\/508645079_18000277088795376_6244878724093461086_n.jpg 1440w\" sizes=\"(max-width: 262px) 100vw, 262px\" \/><\/div>\n","protected":false},"excerpt":{"rendered":"<p>De mul\u021bi ani, ADRA Moldova are onoarea de a colabora cu Danish International Aid, un partener de \u00eencredere \u00een misiunea noastr\u0103 de a aduce sprijin acolo unde este cea mai mare nevoie. Cu ajutorul generos oferit de Danish International Aid, am reu\u0219it s\u0103 distribuim constant mobilier, ustensile de mobilitate pentru persoane cu dizabilit\u0103\u021bi, accesorii utile [&hellip;]<\/p>\n","protected":false},"author":9,"featured_media":22594,"comment_status":"closed","ping_status":"closed","sticky":false,"template":"","format":"standard","meta":{"_acf_changed":false,"footnotes":""},"categories":[294],"tags":[],"class_list":["post-22589","post","type-post","status-publish","format-standard","has-post-thumbnail","hentry","category-news"],"acf":[],"yoast_head":"<!-- This site is optimized with the Yoast SEO plugin v27.4 - https:\/\/yoast.com\/product\/yoast-seo-wordpress\/ -->\n<title>\u00cembun\u0103t\u0103\u021birea condi\u021biilor de trai - ADRA Moldova<\/title>\n<meta name=\"robots\" content=\"index, follow, max-snippet:-1, max-image-preview:large, max-video-preview:-1\" \/>\n<link rel=\"canonical\" href=\"https:\/\/adra.md\/ru\/imbunatatirea-conditiilor-de-trai\/\" \/>\n<meta property=\"og:locale\" content=\"ru_RU\" \/>\n<meta property=\"og:type\" content=\"article\" \/>\n<meta property=\"og:title\" content=\"\u00cembun\u0103t\u0103\u021birea condi\u021biilor de trai - ADRA Moldova\" \/>\n<meta property=\"og:description\" content=\"De mul\u021bi ani, ADRA Moldova are onoarea de a colabora cu Danish International Aid, un partener de \u00eencredere \u00een misiunea noastr\u0103 de a aduce sprijin acolo unde este cea mai mare nevoie. Cu ajutorul generos oferit de Danish International Aid, am reu\u0219it s\u0103 distribuim constant mobilier, ustensile de mobilitate pentru persoane cu dizabilit\u0103\u021bi, accesorii utile [&hellip;]\" \/>\n<meta property=\"og:url\" content=\"https:\/\/adra.md\/ru\/imbunatatirea-conditiilor-de-trai\/\" \/>\n<meta property=\"og:site_name\" content=\"ADRA Moldova\" \/>\n<meta property=\"article:published_time\" content=\"2025-10-09T21:00:14+00:00\" \/>\n<meta property=\"og:image\" content=\"https:\/\/adra.md\/wp-content\/uploads\/2025\/10\/508645079_18000277088795376_6244878724093461086_n.jpg\" \/>\n\t<meta property=\"og:image:width\" content=\"1440\" \/>\n\t<meta property=\"og:image:height\" content=\"1920\" \/>\n\t<meta property=\"og:image:type\" content=\"image\/jpeg\" \/>\n<meta name=\"author\" content=\"ADRA Moldova\" \/>\n<meta name=\"twitter:card\" content=\"summary_large_image\" \/>\n<meta name=\"twitter:label1\" content=\"\u041d\u0430\u043f\u0438\u0441\u0430\u043d\u043e \u0430\u0432\u0442\u043e\u0440\u043e\u043c\" \/>\n\t<meta name=\"twitter:data1\" content=\"ADRA Moldova\" \/>\n\t<meta name=\"twitter:label2\" content=\"\u041f\u0440\u0438\u043c\u0435\u0440\u043d\u043e\u0435 \u0432\u0440\u0435\u043c\u044f \u0434\u043b\u044f \u0447\u0442\u0435\u043d\u0438\u044f\" \/>\n\t<meta name=\"twitter:data2\" content=\"1 \u043c\u0438\u043d\u0443\u0442\u0430\" \/>\n<script type=\"application\/ld+json\" class=\"yoast-schema-graph\">{\"@context\":\"https:\\\/\\\/schema.org\",\"@graph\":[{\"@type\":\"Article\",\"@id\":\"https:\\\/\\\/adra.md\\\/imbunatatirea-conditiilor-de-trai\\\/#article\",\"isPartOf\":{\"@id\":\"https:\\\/\\\/adra.md\\\/imbunatatirea-conditiilor-de-trai\\\/\"},\"author\":{\"name\":\"ADRA Moldova\",\"@id\":\"https:\\\/\\\/adra.md\\\/#\\\/schema\\\/person\\\/b0181e611ee89738cefb7dc2db2bb8d1\"},\"headline\":\"\u00cembun\u0103t\u0103\u021birea condi\u021biilor de trai\",\"datePublished\":\"2025-10-09T21:00:14+00:00\",\"mainEntityOfPage\":{\"@id\":\"https:\\\/\\\/adra.md\\\/imbunatatirea-conditiilor-de-trai\\\/\"},\"wordCount\":115,\"publisher\":{\"@id\":\"https:\\\/\\\/adra.md\\\/#organization\"},\"image\":{\"@id\":\"https:\\\/\\\/adra.md\\\/imbunatatirea-conditiilor-de-trai\\\/#primaryimage\"},\"thumbnailUrl\":\"https:\\\/\\\/adra.md\\\/wp-content\\\/uploads\\\/2025\\\/10\\\/508645079_18000277088795376_6244878724093461086_n.jpg\",\"articleSection\":[\"News\"],\"inLanguage\":\"ru-RU\"},{\"@type\":\"WebPage\",\"@id\":\"https:\\\/\\\/adra.md\\\/imbunatatirea-conditiilor-de-trai\\\/\",\"url\":\"https:\\\/\\\/adra.md\\\/imbunatatirea-conditiilor-de-trai\\\/\",\"name\":\"\u00cembun\u0103t\u0103\u021birea condi\u021biilor de trai - ADRA Moldova\",\"isPartOf\":{\"@id\":\"https:\\\/\\\/adra.md\\\/#website\"},\"primaryImageOfPage\":{\"@id\":\"https:\\\/\\\/adra.md\\\/imbunatatirea-conditiilor-de-trai\\\/#primaryimage\"},\"image\":{\"@id\":\"https:\\\/\\\/adra.md\\\/imbunatatirea-conditiilor-de-trai\\\/#primaryimage\"},\"thumbnailUrl\":\"https:\\\/\\\/adra.md\\\/wp-content\\\/uploads\\\/2025\\\/10\\\/508645079_18000277088795376_6244878724093461086_n.jpg\",\"datePublished\":\"2025-10-09T21:00:14+00:00\",\"breadcrumb\":{\"@id\":\"https:\\\/\\\/adra.md\\\/imbunatatirea-conditiilor-de-trai\\\/#breadcrumb\"},\"inLanguage\":\"ru-RU\",\"potentialAction\":[{\"@type\":\"ReadAction\",\"target\":[\"https:\\\/\\\/adra.md\\\/imbunatatirea-conditiilor-de-trai\\\/\"]}]},{\"@type\":\"ImageObject\",\"inLanguage\":\"ru-RU\",\"@id\":\"https:\\\/\\\/adra.md\\\/imbunatatirea-conditiilor-de-trai\\\/#primaryimage\",\"url\":\"https:\\\/\\\/adra.md\\\/wp-content\\\/uploads\\\/2025\\\/10\\\/508645079_18000277088795376_6244878724093461086_n.jpg\",\"contentUrl\":\"https:\\\/\\\/adra.md\\\/wp-content\\\/uploads\\\/2025\\\/10\\\/508645079_18000277088795376_6244878724093461086_n.jpg\",\"width\":1440,\"height\":1920},{\"@type\":\"BreadcrumbList\",\"@id\":\"https:\\\/\\\/adra.md\\\/imbunatatirea-conditiilor-de-trai\\\/#breadcrumb\",\"itemListElement\":[{\"@type\":\"ListItem\",\"position\":1,\"name\":\"Home\",\"item\":\"https:\\\/\\\/adra.md\\\/\"},{\"@type\":\"ListItem\",\"position\":2,\"name\":\"\u00cembun\u0103t\u0103\u021birea condi\u021biilor de trai\"}]},{\"@type\":\"WebSite\",\"@id\":\"https:\\\/\\\/adra.md\\\/#website\",\"url\":\"https:\\\/\\\/adra.md\\\/\",\"name\":\"ADRA Moldova\",\"description\":\"Agen\u0163ia Adventist\u0103 pentru Dezvoltare, Refacere \u015fi Ajutor\",\"publisher\":{\"@id\":\"https:\\\/\\\/adra.md\\\/#organization\"},\"potentialAction\":[{\"@type\":\"SearchAction\",\"target\":{\"@type\":\"EntryPoint\",\"urlTemplate\":\"https:\\\/\\\/adra.md\\\/?s={search_term_string}\"},\"query-input\":{\"@type\":\"PropertyValueSpecification\",\"valueRequired\":true,\"valueName\":\"search_term_string\"}}],\"inLanguage\":\"ru-RU\"},{\"@type\":\"Organization\",\"@id\":\"https:\\\/\\\/adra.md\\\/#organization\",\"name\":\"ADRA Moldova\",\"url\":\"https:\\\/\\\/adra.md\\\/\",\"logo\":{\"@type\":\"ImageObject\",\"inLanguage\":\"ru-RU\",\"@id\":\"https:\\\/\\\/adra.md\\\/#\\\/schema\\\/logo\\\/image\\\/\",\"url\":\"https:\\\/\\\/adra.md\\\/wp-content\\\/uploads\\\/2019\\\/11\\\/group-435.png\",\"contentUrl\":\"https:\\\/\\\/adra.md\\\/wp-content\\\/uploads\\\/2019\\\/11\\\/group-435.png\",\"width\":500,\"height\":133,\"caption\":\"ADRA Moldova\"},\"image\":{\"@id\":\"https:\\\/\\\/adra.md\\\/#\\\/schema\\\/logo\\\/image\\\/\"}},{\"@type\":\"Person\",\"@id\":\"https:\\\/\\\/adra.md\\\/#\\\/schema\\\/person\\\/b0181e611ee89738cefb7dc2db2bb8d1\",\"name\":\"ADRA Moldova\",\"url\":\"https:\\\/\\\/adra.md\\\/ru\\\/author\\\/andrei-girleanu\\\/\"}]}<\/script>\n<!-- \/ Yoast SEO plugin. -->","yoast_head_json":{"title":"\u00cembun\u0103t\u0103\u021birea condi\u021biilor de trai - ADRA Moldova","robots":{"index":"index","follow":"follow","max-snippet":"max-snippet:-1","max-image-preview":"max-image-preview:large","max-video-preview":"max-video-preview:-1"},"canonical":"https:\/\/adra.md\/ru\/imbunatatirea-conditiilor-de-trai\/","og_locale":"ru_RU","og_type":"article","og_title":"\u00cembun\u0103t\u0103\u021birea condi\u021biilor de trai - ADRA Moldova","og_description":"De mul\u021bi ani, ADRA Moldova are onoarea de a colabora cu Danish International Aid, un partener de \u00eencredere \u00een misiunea noastr\u0103 de a aduce sprijin acolo unde este cea mai mare nevoie. Cu ajutorul generos oferit de Danish International Aid, am reu\u0219it s\u0103 distribuim constant mobilier, ustensile de mobilitate pentru persoane cu dizabilit\u0103\u021bi, accesorii utile [&hellip;]","og_url":"https:\/\/adra.md\/ru\/imbunatatirea-conditiilor-de-trai\/","og_site_name":"ADRA Moldova","article_published_time":"2025-10-09T21:00:14+00:00","og_image":[{"width":1440,"height":1920,"url":"https:\/\/adra.md\/wp-content\/uploads\/2025\/10\/508645079_18000277088795376_6244878724093461086_n.jpg","type":"image\/jpeg"}],"author":"ADRA Moldova","twitter_card":"summary_large_image","twitter_misc":{"\u041d\u0430\u043f\u0438\u0441\u0430\u043d\u043e \u0430\u0432\u0442\u043e\u0440\u043e\u043c":"ADRA Moldova","\u041f\u0440\u0438\u043c\u0435\u0440\u043d\u043e\u0435 \u0432\u0440\u0435\u043c\u044f \u0434\u043b\u044f \u0447\u0442\u0435\u043d\u0438\u044f":"1 \u043c\u0438\u043d\u0443\u0442\u0430"},"schema":{"@context":"https:\/\/schema.org","@graph":[{"@type":"Article","@id":"https:\/\/adra.md\/imbunatatirea-conditiilor-de-trai\/#article","isPartOf":{"@id":"https:\/\/adra.md\/imbunatatirea-conditiilor-de-trai\/"},"author":{"name":"ADRA Moldova","@id":"https:\/\/adra.md\/#\/schema\/person\/b0181e611ee89738cefb7dc2db2bb8d1"},"headline":"\u00cembun\u0103t\u0103\u021birea condi\u021biilor de trai","datePublished":"2025-10-09T21:00:14+00:00","mainEntityOfPage":{"@id":"https:\/\/adra.md\/imbunatatirea-conditiilor-de-trai\/"},"wordCount":115,"publisher":{"@id":"https:\/\/adra.md\/#organization"},"image":{"@id":"https:\/\/adra.md\/imbunatatirea-conditiilor-de-trai\/#primaryimage"},"thumbnailUrl":"https:\/\/adra.md\/wp-content\/uploads\/2025\/10\/508645079_18000277088795376_6244878724093461086_n.jpg","articleSection":["News"],"inLanguage":"ru-RU"},{"@type":"WebPage","@id":"https:\/\/adra.md\/imbunatatirea-conditiilor-de-trai\/","url":"https:\/\/adra.md\/imbunatatirea-conditiilor-de-trai\/","name":"\u00cembun\u0103t\u0103\u021birea condi\u021biilor de trai - ADRA Moldova","isPartOf":{"@id":"https:\/\/adra.md\/#website"},"primaryImageOfPage":{"@id":"https:\/\/adra.md\/imbunatatirea-conditiilor-de-trai\/#primaryimage"},"image":{"@id":"https:\/\/adra.md\/imbunatatirea-conditiilor-de-trai\/#primaryimage"},"thumbnailUrl":"https:\/\/adra.md\/wp-content\/uploads\/2025\/10\/508645079_18000277088795376_6244878724093461086_n.jpg","datePublished":"2025-10-09T21:00:14+00:00","breadcrumb":{"@id":"https:\/\/adra.md\/imbunatatirea-conditiilor-de-trai\/#breadcrumb"},"inLanguage":"ru-RU","potentialAction":[{"@type":"ReadAction","target":["https:\/\/adra.md\/imbunatatirea-conditiilor-de-trai\/"]}]},{"@type":"ImageObject","inLanguage":"ru-RU","@id":"https:\/\/adra.md\/imbunatatirea-conditiilor-de-trai\/#primaryimage","url":"https:\/\/adra.md\/wp-content\/uploads\/2025\/10\/508645079_18000277088795376_6244878724093461086_n.jpg","contentUrl":"https:\/\/adra.md\/wp-content\/uploads\/2025\/10\/508645079_18000277088795376_6244878724093461086_n.jpg","width":1440,"height":1920},{"@type":"BreadcrumbList","@id":"https:\/\/adra.md\/imbunatatirea-conditiilor-de-trai\/#breadcrumb","itemListElement":[{"@type":"ListItem","position":1,"name":"Home","item":"https:\/\/adra.md\/"},{"@type":"ListItem","position":2,"name":"\u00cembun\u0103t\u0103\u021birea condi\u021biilor de trai"}]},{"@type":"WebSite","@id":"https:\/\/adra.md\/#website","url":"https:\/\/adra.md\/","name":"ADRA Moldova","description":"Agen\u0163ia Adventist\u0103 pentru Dezvoltare, Refacere \u015fi Ajutor","publisher":{"@id":"https:\/\/adra.md\/#organization"},"potentialAction":[{"@type":"SearchAction","target":{"@type":"EntryPoint","urlTemplate":"https:\/\/adra.md\/?s={search_term_string}"},"query-input":{"@type":"PropertyValueSpecification","valueRequired":true,"valueName":"search_term_string"}}],"inLanguage":"ru-RU"},{"@type":"Organization","@id":"https:\/\/adra.md\/#organization","name":"ADRA Moldova","url":"https:\/\/adra.md\/","logo":{"@type":"ImageObject","inLanguage":"ru-RU","@id":"https:\/\/adra.md\/#\/schema\/logo\/image\/","url":"https:\/\/adra.md\/wp-content\/uploads\/2019\/11\/group-435.png","contentUrl":"https:\/\/adra.md\/wp-content\/uploads\/2019\/11\/group-435.png","width":500,"height":133,"caption":"ADRA Moldova"},"image":{"@id":"https:\/\/adra.md\/#\/schema\/logo\/image\/"}},{"@type":"Person","@id":"https:\/\/adra.md\/#\/schema\/person\/b0181e611ee89738cefb7dc2db2bb8d1","name":"ADRA Moldova","url":"https:\/\/adra.md\/ru\/author\/andrei-girleanu\/"}]}},"_links":{"self":[{"href":"https:\/\/adra.md\/ru\/wp-json\/wp\/v2\/posts\/22589","targetHints":{"allow":["GET"]}}],"collection":[{"href":"https:\/\/adra.md\/ru\/wp-json\/wp\/v2\/posts"}],"about":[{"href":"https:\/\/adra.md\/ru\/wp-json\/wp\/v2\/types\/post"}],"author":[{"embeddable":true,"href":"https:\/\/adra.md\/ru\/wp-json\/wp\/v2\/users\/9"}],"replies":[{"embeddable":true,"href":"https:\/\/adra.md\/ru\/wp-json\/wp\/v2\/comments?post=22589"}],"version-history":[{"count":1,"href":"https:\/\/adra.md\/ru\/wp-json\/wp\/v2\/posts\/22589\/revisions"}],"predecessor-version":[{"id":22595,"href":"https:\/\/adra.md\/ru\/wp-json\/wp\/v2\/posts\/22589\/revisions\/22595"}],"wp:featuredmedia":[{"embeddable":true,"href":"https:\/\/adra.md\/ru\/wp-json\/wp\/v2\/media\/22594"}],"wp:attachment":[{"href":"https:\/\/adra.md\/ru\/wp-json\/wp\/v2\/media?parent=22589"}],"wp:term":[{"taxonomy":"category","embeddable":true,"href":"https:\/\/adra.md\/ru\/wp-json\/wp\/v2\/categories?post=22589"},{"taxonomy":"post_tag","embeddable":true,"href":"https:\/\/adra.md\/ru\/wp-json\/wp\/v2\/tags?post=22589"}],"curies":[{"name":"wp","href":"https:\/\/api.w.org\/{rel}","templated":true}]}}