{"id":22626,"date":"2025-08-10T11:00:14","date_gmt":"2025-08-10T11:00:14","guid":{"rendered":"https:\/\/adra.md\/?p=22626"},"modified":"2025-10-29T17:34:38","modified_gmt":"2025-10-29T17:34:38","slug":"epis-moldova","status":"publish","type":"post","link":"https:\/\/adra.md\/ru\/epis-moldova\/","title":{"rendered":"EPIS Moldova"},"content":{"rendered":"<div data-elementor-type=\"wp-post\" data-elementor-id=\"22626\" class=\"elementor elementor-22626\" data-elementor-post-type=\"post\">\n\t\t\t\t\t\t<section class=\"elementor-section elementor-top-section elementor-element elementor-element-893a3a6 elementor-section-boxed elementor-section-height-default elementor-section-height-default\" data-id=\"893a3a6\" data-element_type=\"section\" data-e-type=\"section\">\n\t\t\t\t\t\t<div class=\"elementor-container elementor-column-gap-default\">\n\t\t\t\t\t<div class=\"elementor-column elementor-col-100 elementor-top-column elementor-element elementor-element-019ebf5\" data-id=\"019ebf5\" data-element_type=\"column\" data-e-type=\"column\">\n\t\t\t<div class=\"elementor-widget-wrap elementor-element-populated\">\n\t\t\t\t\t\t\t<\/div>\n\t\t<\/div>\n\t\t\t\t\t<\/div>\n\t\t<\/section>\n\t\t\t\t<section class=\"elementor-section elementor-top-section elementor-element elementor-element-7c44a074 elementor-section-boxed elementor-section-height-default elementor-section-height-default\" data-id=\"7c44a074\" data-element_type=\"section\" data-e-type=\"section\">\n\t\t\t\t\t\t<div class=\"elementor-container elementor-column-gap-default\">\n\t\t\t\t\t<div class=\"elementor-column elementor-col-100 elementor-top-column elementor-element elementor-element-5c9fff0e\" data-id=\"5c9fff0e\" data-element_type=\"column\" data-e-type=\"column\">\n\t\t\t<div class=\"elementor-widget-wrap elementor-element-populated\">\n\t\t\t\t\t\t<div class=\"elementor-element elementor-element-3460e96c elementor-widget elementor-widget-text-editor\" data-id=\"3460e96c\" data-element_type=\"widget\" data-e-type=\"widget\" data-widget_type=\"text-editor.default\">\n\t\t\t\t<div class=\"elementor-widget-container\">\n\t\t\t\t\t\t\t\t\t<p class=\"s12\"><em><span class=\"s11\">Emergency, Protection and Integration Support for Crisis-Affected Persons in Moldova<\/span><\/em><span class=\"s11\"><em>\u00a0\u2013<\/em><\/span><em><span class=\"s11\">\u00a0<\/span><\/em><span class=\"s11\"><em>EPIS Moldova\u00a0\u00a0<\/em><\/span><\/p><p class=\"s10\"><span class=\"s13\">ADRA Moldova, cu sprijinul <\/span><span class=\"s11\">Aktion Deutschland Hilft (ADH) \u00een parteneriat<\/span><span class=\"s11\">\u00a0cu ADRA Germania<\/span><span class=\"s13\">, implementeaz\u0103 <\/span><span class=\"s13\">\u00een perioada iulie-decembrie 2025 <\/span><span class=\"s13\">proiectul <\/span><em><span class=\"s11\">EPIS Moldova<\/span><\/em><span class=\"s13\">, care are drept scop oferirea de sprijin de urgen\u021b\u0103, protec\u021bie \u0219i integrare social\u0103 pentru persoanele afectate de criz\u0103 \u2013 refugia\u021bi din Ucraina <\/span><span class=\"s13\">(\u00een propor\u021bie de 70%) <\/span><span class=\"s13\">\u0219i popula\u021bia local\u0103 vulnerabil\u0103<\/span><span class=\"s13\"> (\u00een propor\u021bie de 30%)<\/span><span class=\"s13\">.<\/span><\/p><p class=\"s12\"><em><span class=\"s11\">Obiectivele proiectului:<\/span><\/em><\/p><div class=\"s14\">1. <span class=\"s13\">Crearea unui mediu sigur \u0219i prietenos \u00een care persoanele afectate de criz\u0103 s\u0103 se simt\u0103 protejate \u0219i integrate social.<\/span><\/div><div class=\"s14\">2. <span class=\"s13\">Sprijinirea persoanelor vulnerabile cu echipamente medicale \u0219i servicii esen\u021biale pentru s\u0103n\u0103tate.<\/span><\/div><div class=\"s14\">3. <span class=\"s13\">Asigurarea sprijinului financiar pentru \u00eenc\u0103lzirea locuin\u021belor celor mai vulnerabile familii \u00een sezonul rece.<\/span><\/div><div>\u00a0<\/div><p class=\"s12\"><em><span class=\"s11\">Activit\u0103\u021bi <\/span><span class=\"s11\">\u0219i rezultate <\/span><span class=\"s11\">planificate \u00een cadrul proiectului:<\/span><\/em><\/p><div class=\"s14\"><span class=\"s8\">\u2022 <\/span><span class=\"s11\">Asisten\u021b\u0103 juridic\u0103 <\/span><span class=\"s13\">oferit\u0103 refugia\u021bilor \u0219i localnicilor <\/span><span class=\"s13\">pentru a cre\u0219te gradul de informare, protec\u021bie \u0219i acces la servicii de s\u0103n\u0103tate, educa\u021bie, munc\u0103 \u0219i alte drepturi esen\u021biale<\/span><span class=\"s11\">.<\/span><\/div><div class=\"s14\"><span class=\"s8\">\u2022 Activit\u0103\u021bi de i<\/span><span class=\"s11\">ntegrare social\u0103 organizate \u00een<\/span><span class=\"s13\"> centrul comunitar ADRA din R\u00eebni\u021ba, incluz\u00e2nd art-terapie, g\u0103tit, gimnastic\u0103, activit\u0103\u021bi pentru copii, dezvoltare personal\u0103 \u0219i sesiuni psihosociale de grup.<\/span><\/div><div class=\"s14\"><span class=\"s8\">\u2022 <\/span><span class=\"s11\">Sprijin medical de urgen\u021b\u0103 oferit sub form\u0103 de echipamente <\/span><span class=\"s13\">medicale esen\u021biale (ochelari<\/span><span class=\"s13\"> de vedere<\/span><span class=\"s13\">, aparate auditive)<\/span><span class=\"s13\"> \u00een baza nevoilor individuale \u0219i de urgen\u021b\u0103<\/span><span class=\"s13\">.<\/span><\/div><div class=\"s14\"><span class=\"s8\">\u2022 <\/span><span class=\"s11\">Asisten\u021b\u0103 <\/span><span class=\"s11\">financiar\u0103 <\/span><span class=\"s11\">pentru iarn\u0103 pentru familii vulnerabile<\/span><span class=\"s13\">\u00a0pentru acoperirea costurilor <\/span><span class=\"s13\">legate de <\/span><span class=\"s13\">\u00eenc\u0103lzirea<\/span><span class=\"s13\"> locuin\u021belor<\/span><span class=\"s13\"> pe timp de iarn\u0103<\/span><span class=\"s13\">.<\/span><\/div><div>\u00a0<\/div><p class=\"s10\"><span class=\"s11\"><em>Loca\u021bii<\/em>:<\/span> <span class=\"s13\">Proiectul se desf\u0103\u0219oar\u0103 \u00een centrele comunitare ADRA din <\/span><span class=\"s11\">R\u00eebni\u021ba, Tiraspol, Chi\u0219in\u0103u, Vulc\u0103ne\u0219ti, Orhei \u0219i Vadul lui Vod\u0103<\/span><span class=\"s13\">, unde persoanele afectate de criz\u0103 pot accesa servicii juridice, medicale \u0219i activit\u0103\u021bi de integrare social\u0103.<\/span><\/p><p class=\"s7\"><span class=\"s6\"><span class=\"bumpedFont15\">\u00cempreun\u0103 construim o comunitate mai incluziv\u0103 \u0219i mai solidar\u0103!<\/span><\/span><\/p><p><img fetchpriority=\"high\" decoding=\"async\" class=\"alignleft wp-image-22757\" src=\"https:\/\/adra.md\/wp-content\/uploads\/2025\/10\/562885293_18013710935795376_96689353323411911_n-1-768x1024.jpg\" alt=\"\" width=\"350\" height=\"467\" srcset=\"https:\/\/adra.md\/wp-content\/uploads\/2025\/10\/562885293_18013710935795376_96689353323411911_n-1-768x1024.jpg 768w, https:\/\/adra.md\/wp-content\/uploads\/2025\/10\/562885293_18013710935795376_96689353323411911_n-1-225x300.jpg 225w, https:\/\/adra.md\/wp-content\/uploads\/2025\/10\/562885293_18013710935795376_96689353323411911_n-1-1152x1536.jpg 1152w, https:\/\/adra.md\/wp-content\/uploads\/2025\/10\/562885293_18013710935795376_96689353323411911_n-1-9x12.jpg 9w, https:\/\/adra.md\/wp-content\/uploads\/2025\/10\/562885293_18013710935795376_96689353323411911_n-1.jpg 1200w\" sizes=\"(max-width: 350px) 100vw, 350px\" \/><img decoding=\"async\" class=\"alignright wp-image-22758\" src=\"https:\/\/adra.md\/wp-content\/uploads\/2025\/10\/562885293_18013710935795376_96689353323411911_n-2-768x1024.jpg\" alt=\"\" width=\"350\" height=\"467\" srcset=\"https:\/\/adra.md\/wp-content\/uploads\/2025\/10\/562885293_18013710935795376_96689353323411911_n-2-768x1024.jpg 768w, https:\/\/adra.md\/wp-content\/uploads\/2025\/10\/562885293_18013710935795376_96689353323411911_n-2-225x300.jpg 225w, https:\/\/adra.md\/wp-content\/uploads\/2025\/10\/562885293_18013710935795376_96689353323411911_n-2-1152x1536.jpg 1152w, https:\/\/adra.md\/wp-content\/uploads\/2025\/10\/562885293_18013710935795376_96689353323411911_n-2-9x12.jpg 9w, https:\/\/adra.md\/wp-content\/uploads\/2025\/10\/562885293_18013710935795376_96689353323411911_n-2.jpg 1200w\" sizes=\"(max-width: 350px) 100vw, 350px\" \/><\/p>\t\t\t\t\t\t\t\t<\/div>\n\t\t\t\t<\/div>\n\t\t\t\t\t<\/div>\n\t\t<\/div>\n\t\t\t\t\t<\/div>\n\t\t<\/section>\n\t\t\t\t<\/div>","protected":false},"excerpt":{"rendered":"<p>Emergency, Protection and Integration Support for Crisis-Affected Persons in Moldova\u00a0\u2013\u00a0EPIS Moldova\u00a0\u00a0 ADRA Moldova, cu sprijinul Aktion Deutschland Hilft (ADH) \u00een parteneriat\u00a0cu ADRA Germania, implementeaz\u0103 \u00een perioada iulie-decembrie 2025 proiectul EPIS Moldova, care are drept scop oferirea de sprijin de urgen\u021b\u0103, protec\u021bie \u0219i integrare social\u0103 pentru persoanele afectate de criz\u0103 \u2013 refugia\u021bi din Ucraina (\u00een propor\u021bie [&hellip;]<\/p>\n","protected":false},"author":9,"featured_media":22627,"comment_status":"closed","ping_status":"closed","sticky":false,"template":"","format":"standard","meta":{"_acf_changed":false,"footnotes":""},"categories":[294],"tags":[],"class_list":["post-22626","post","type-post","status-publish","format-standard","has-post-thumbnail","hentry","category-news"],"acf":[],"yoast_head":"<!-- This site is optimized with the Yoast SEO plugin v27.4 - https:\/\/yoast.com\/product\/yoast-seo-wordpress\/ -->\n<title>EPIS Moldova - ADRA Moldova<\/title>\n<meta name=\"robots\" content=\"index, follow, max-snippet:-1, max-image-preview:large, max-video-preview:-1\" \/>\n<link rel=\"canonical\" href=\"https:\/\/adra.md\/ru\/epis-moldova\/\" \/>\n<meta property=\"og:locale\" content=\"ru_RU\" \/>\n<meta property=\"og:type\" content=\"article\" \/>\n<meta property=\"og:title\" content=\"EPIS Moldova - ADRA Moldova\" \/>\n<meta property=\"og:description\" content=\"Emergency, Protection and Integration Support for Crisis-Affected Persons in Moldova\u00a0\u2013\u00a0EPIS Moldova\u00a0\u00a0 ADRA Moldova, cu sprijinul Aktion Deutschland Hilft (ADH) \u00een parteneriat\u00a0cu ADRA Germania, implementeaz\u0103 \u00een perioada iulie-decembrie 2025 proiectul EPIS Moldova, care are drept scop oferirea de sprijin de urgen\u021b\u0103, protec\u021bie \u0219i integrare social\u0103 pentru persoanele afectate de criz\u0103 \u2013 refugia\u021bi din Ucraina (\u00een propor\u021bie [&hellip;]\" \/>\n<meta property=\"og:url\" content=\"https:\/\/adra.md\/ru\/epis-moldova\/\" \/>\n<meta property=\"og:site_name\" content=\"ADRA Moldova\" \/>\n<meta property=\"article:published_time\" content=\"2025-08-10T11:00:14+00:00\" \/>\n<meta property=\"article:modified_time\" content=\"2025-10-29T17:34:38+00:00\" \/>\n<meta property=\"og:image\" content=\"https:\/\/adra.md\/wp-content\/uploads\/2025\/10\/562885293_18013710935795376_96689353323411911_n.jpg\" \/>\n\t<meta property=\"og:image:width\" content=\"1200\" \/>\n\t<meta property=\"og:image:height\" content=\"1600\" \/>\n\t<meta property=\"og:image:type\" content=\"image\/jpeg\" \/>\n<meta name=\"author\" content=\"ADRA Moldova\" \/>\n<meta name=\"twitter:card\" content=\"summary_large_image\" \/>\n<meta name=\"twitter:label1\" content=\"\u041d\u0430\u043f\u0438\u0441\u0430\u043d\u043e \u0430\u0432\u0442\u043e\u0440\u043e\u043c\" \/>\n\t<meta name=\"twitter:data1\" content=\"ADRA Moldova\" \/>\n\t<meta name=\"twitter:label2\" content=\"\u041f\u0440\u0438\u043c\u0435\u0440\u043d\u043e\u0435 \u0432\u0440\u0435\u043c\u044f \u0434\u043b\u044f \u0447\u0442\u0435\u043d\u0438\u044f\" \/>\n\t<meta name=\"twitter:data2\" content=\"1 \u043c\u0438\u043d\u0443\u0442\u0430\" \/>\n<script type=\"application\/ld+json\" class=\"yoast-schema-graph\">{\"@context\":\"https:\\\/\\\/schema.org\",\"@graph\":[{\"@type\":\"Article\",\"@id\":\"https:\\\/\\\/adra.md\\\/epis-moldova\\\/#article\",\"isPartOf\":{\"@id\":\"https:\\\/\\\/adra.md\\\/epis-moldova\\\/\"},\"author\":{\"name\":\"ADRA Moldova\",\"@id\":\"https:\\\/\\\/adra.md\\\/#\\\/schema\\\/person\\\/b0181e611ee89738cefb7dc2db2bb8d1\"},\"headline\":\"EPIS Moldova\",\"datePublished\":\"2025-08-10T11:00:14+00:00\",\"dateModified\":\"2025-10-29T17:34:38+00:00\",\"mainEntityOfPage\":{\"@id\":\"https:\\\/\\\/adra.md\\\/epis-moldova\\\/\"},\"wordCount\":286,\"publisher\":{\"@id\":\"https:\\\/\\\/adra.md\\\/#organization\"},\"image\":{\"@id\":\"https:\\\/\\\/adra.md\\\/epis-moldova\\\/#primaryimage\"},\"thumbnailUrl\":\"https:\\\/\\\/adra.md\\\/wp-content\\\/uploads\\\/2025\\\/10\\\/562885293_18013710935795376_96689353323411911_n.jpg\",\"articleSection\":[\"News\"],\"inLanguage\":\"ru-RU\"},{\"@type\":\"WebPage\",\"@id\":\"https:\\\/\\\/adra.md\\\/epis-moldova\\\/\",\"url\":\"https:\\\/\\\/adra.md\\\/epis-moldova\\\/\",\"name\":\"EPIS Moldova - ADRA Moldova\",\"isPartOf\":{\"@id\":\"https:\\\/\\\/adra.md\\\/#website\"},\"primaryImageOfPage\":{\"@id\":\"https:\\\/\\\/adra.md\\\/epis-moldova\\\/#primaryimage\"},\"image\":{\"@id\":\"https:\\\/\\\/adra.md\\\/epis-moldova\\\/#primaryimage\"},\"thumbnailUrl\":\"https:\\\/\\\/adra.md\\\/wp-content\\\/uploads\\\/2025\\\/10\\\/562885293_18013710935795376_96689353323411911_n.jpg\",\"datePublished\":\"2025-08-10T11:00:14+00:00\",\"dateModified\":\"2025-10-29T17:34:38+00:00\",\"breadcrumb\":{\"@id\":\"https:\\\/\\\/adra.md\\\/epis-moldova\\\/#breadcrumb\"},\"inLanguage\":\"ru-RU\",\"potentialAction\":[{\"@type\":\"ReadAction\",\"target\":[\"https:\\\/\\\/adra.md\\\/epis-moldova\\\/\"]}]},{\"@type\":\"ImageObject\",\"inLanguage\":\"ru-RU\",\"@id\":\"https:\\\/\\\/adra.md\\\/epis-moldova\\\/#primaryimage\",\"url\":\"https:\\\/\\\/adra.md\\\/wp-content\\\/uploads\\\/2025\\\/10\\\/562885293_18013710935795376_96689353323411911_n.jpg\",\"contentUrl\":\"https:\\\/\\\/adra.md\\\/wp-content\\\/uploads\\\/2025\\\/10\\\/562885293_18013710935795376_96689353323411911_n.jpg\",\"width\":1200,\"height\":1600},{\"@type\":\"BreadcrumbList\",\"@id\":\"https:\\\/\\\/adra.md\\\/epis-moldova\\\/#breadcrumb\",\"itemListElement\":[{\"@type\":\"ListItem\",\"position\":1,\"name\":\"Home\",\"item\":\"https:\\\/\\\/adra.md\\\/\"},{\"@type\":\"ListItem\",\"position\":2,\"name\":\"EPIS Moldova\"}]},{\"@type\":\"WebSite\",\"@id\":\"https:\\\/\\\/adra.md\\\/#website\",\"url\":\"https:\\\/\\\/adra.md\\\/\",\"name\":\"ADRA Moldova\",\"description\":\"Agen\u0163ia Adventist\u0103 pentru Dezvoltare, Refacere \u015fi Ajutor\",\"publisher\":{\"@id\":\"https:\\\/\\\/adra.md\\\/#organization\"},\"potentialAction\":[{\"@type\":\"SearchAction\",\"target\":{\"@type\":\"EntryPoint\",\"urlTemplate\":\"https:\\\/\\\/adra.md\\\/?s={search_term_string}\"},\"query-input\":{\"@type\":\"PropertyValueSpecification\",\"valueRequired\":true,\"valueName\":\"search_term_string\"}}],\"inLanguage\":\"ru-RU\"},{\"@type\":\"Organization\",\"@id\":\"https:\\\/\\\/adra.md\\\/#organization\",\"name\":\"ADRA Moldova\",\"url\":\"https:\\\/\\\/adra.md\\\/\",\"logo\":{\"@type\":\"ImageObject\",\"inLanguage\":\"ru-RU\",\"@id\":\"https:\\\/\\\/adra.md\\\/#\\\/schema\\\/logo\\\/image\\\/\",\"url\":\"https:\\\/\\\/adra.md\\\/wp-content\\\/uploads\\\/2019\\\/11\\\/group-435.png\",\"contentUrl\":\"https:\\\/\\\/adra.md\\\/wp-content\\\/uploads\\\/2019\\\/11\\\/group-435.png\",\"width\":500,\"height\":133,\"caption\":\"ADRA Moldova\"},\"image\":{\"@id\":\"https:\\\/\\\/adra.md\\\/#\\\/schema\\\/logo\\\/image\\\/\"}},{\"@type\":\"Person\",\"@id\":\"https:\\\/\\\/adra.md\\\/#\\\/schema\\\/person\\\/b0181e611ee89738cefb7dc2db2bb8d1\",\"name\":\"ADRA Moldova\",\"url\":\"https:\\\/\\\/adra.md\\\/ru\\\/author\\\/andrei-girleanu\\\/\"}]}<\/script>\n<!-- \/ Yoast SEO plugin. -->","yoast_head_json":{"title":"EPIS Moldova - ADRA Moldova","robots":{"index":"index","follow":"follow","max-snippet":"max-snippet:-1","max-image-preview":"max-image-preview:large","max-video-preview":"max-video-preview:-1"},"canonical":"https:\/\/adra.md\/ru\/epis-moldova\/","og_locale":"ru_RU","og_type":"article","og_title":"EPIS Moldova - ADRA Moldova","og_description":"Emergency, Protection and Integration Support for Crisis-Affected Persons in Moldova\u00a0\u2013\u00a0EPIS Moldova\u00a0\u00a0 ADRA Moldova, cu sprijinul Aktion Deutschland Hilft (ADH) \u00een parteneriat\u00a0cu ADRA Germania, implementeaz\u0103 \u00een perioada iulie-decembrie 2025 proiectul EPIS Moldova, care are drept scop oferirea de sprijin de urgen\u021b\u0103, protec\u021bie \u0219i integrare social\u0103 pentru persoanele afectate de criz\u0103 \u2013 refugia\u021bi din Ucraina (\u00een propor\u021bie [&hellip;]","og_url":"https:\/\/adra.md\/ru\/epis-moldova\/","og_site_name":"ADRA Moldova","article_published_time":"2025-08-10T11:00:14+00:00","article_modified_time":"2025-10-29T17:34:38+00:00","og_image":[{"width":1200,"height":1600,"url":"https:\/\/adra.md\/wp-content\/uploads\/2025\/10\/562885293_18013710935795376_96689353323411911_n.jpg","type":"image\/jpeg"}],"author":"ADRA Moldova","twitter_card":"summary_large_image","twitter_misc":{"\u041d\u0430\u043f\u0438\u0441\u0430\u043d\u043e \u0430\u0432\u0442\u043e\u0440\u043e\u043c":"ADRA Moldova","\u041f\u0440\u0438\u043c\u0435\u0440\u043d\u043e\u0435 \u0432\u0440\u0435\u043c\u044f \u0434\u043b\u044f \u0447\u0442\u0435\u043d\u0438\u044f":"1 \u043c\u0438\u043d\u0443\u0442\u0430"},"schema":{"@context":"https:\/\/schema.org","@graph":[{"@type":"Article","@id":"https:\/\/adra.md\/epis-moldova\/#article","isPartOf":{"@id":"https:\/\/adra.md\/epis-moldova\/"},"author":{"name":"ADRA Moldova","@id":"https:\/\/adra.md\/#\/schema\/person\/b0181e611ee89738cefb7dc2db2bb8d1"},"headline":"EPIS Moldova","datePublished":"2025-08-10T11:00:14+00:00","dateModified":"2025-10-29T17:34:38+00:00","mainEntityOfPage":{"@id":"https:\/\/adra.md\/epis-moldova\/"},"wordCount":286,"publisher":{"@id":"https:\/\/adra.md\/#organization"},"image":{"@id":"https:\/\/adra.md\/epis-moldova\/#primaryimage"},"thumbnailUrl":"https:\/\/adra.md\/wp-content\/uploads\/2025\/10\/562885293_18013710935795376_96689353323411911_n.jpg","articleSection":["News"],"inLanguage":"ru-RU"},{"@type":"WebPage","@id":"https:\/\/adra.md\/epis-moldova\/","url":"https:\/\/adra.md\/epis-moldova\/","name":"EPIS Moldova - ADRA Moldova","isPartOf":{"@id":"https:\/\/adra.md\/#website"},"primaryImageOfPage":{"@id":"https:\/\/adra.md\/epis-moldova\/#primaryimage"},"image":{"@id":"https:\/\/adra.md\/epis-moldova\/#primaryimage"},"thumbnailUrl":"https:\/\/adra.md\/wp-content\/uploads\/2025\/10\/562885293_18013710935795376_96689353323411911_n.jpg","datePublished":"2025-08-10T11:00:14+00:00","dateModified":"2025-10-29T17:34:38+00:00","breadcrumb":{"@id":"https:\/\/adra.md\/epis-moldova\/#breadcrumb"},"inLanguage":"ru-RU","potentialAction":[{"@type":"ReadAction","target":["https:\/\/adra.md\/epis-moldova\/"]}]},{"@type":"ImageObject","inLanguage":"ru-RU","@id":"https:\/\/adra.md\/epis-moldova\/#primaryimage","url":"https:\/\/adra.md\/wp-content\/uploads\/2025\/10\/562885293_18013710935795376_96689353323411911_n.jpg","contentUrl":"https:\/\/adra.md\/wp-content\/uploads\/2025\/10\/562885293_18013710935795376_96689353323411911_n.jpg","width":1200,"height":1600},{"@type":"BreadcrumbList","@id":"https:\/\/adra.md\/epis-moldova\/#breadcrumb","itemListElement":[{"@type":"ListItem","position":1,"name":"Home","item":"https:\/\/adra.md\/"},{"@type":"ListItem","position":2,"name":"EPIS Moldova"}]},{"@type":"WebSite","@id":"https:\/\/adra.md\/#website","url":"https:\/\/adra.md\/","name":"ADRA Moldova","description":"Agen\u0163ia Adventist\u0103 pentru Dezvoltare, Refacere \u015fi Ajutor","publisher":{"@id":"https:\/\/adra.md\/#organization"},"potentialAction":[{"@type":"SearchAction","target":{"@type":"EntryPoint","urlTemplate":"https:\/\/adra.md\/?s={search_term_string}"},"query-input":{"@type":"PropertyValueSpecification","valueRequired":true,"valueName":"search_term_string"}}],"inLanguage":"ru-RU"},{"@type":"Organization","@id":"https:\/\/adra.md\/#organization","name":"ADRA Moldova","url":"https:\/\/adra.md\/","logo":{"@type":"ImageObject","inLanguage":"ru-RU","@id":"https:\/\/adra.md\/#\/schema\/logo\/image\/","url":"https:\/\/adra.md\/wp-content\/uploads\/2019\/11\/group-435.png","contentUrl":"https:\/\/adra.md\/wp-content\/uploads\/2019\/11\/group-435.png","width":500,"height":133,"caption":"ADRA Moldova"},"image":{"@id":"https:\/\/adra.md\/#\/schema\/logo\/image\/"}},{"@type":"Person","@id":"https:\/\/adra.md\/#\/schema\/person\/b0181e611ee89738cefb7dc2db2bb8d1","name":"ADRA Moldova","url":"https:\/\/adra.md\/ru\/author\/andrei-girleanu\/"}]}},"_links":{"self":[{"href":"https:\/\/adra.md\/ru\/wp-json\/wp\/v2\/posts\/22626","targetHints":{"allow":["GET"]}}],"collection":[{"href":"https:\/\/adra.md\/ru\/wp-json\/wp\/v2\/posts"}],"about":[{"href":"https:\/\/adra.md\/ru\/wp-json\/wp\/v2\/types\/post"}],"author":[{"embeddable":true,"href":"https:\/\/adra.md\/ru\/wp-json\/wp\/v2\/users\/9"}],"replies":[{"embeddable":true,"href":"https:\/\/adra.md\/ru\/wp-json\/wp\/v2\/comments?post=22626"}],"version-history":[{"count":33,"href":"https:\/\/adra.md\/ru\/wp-json\/wp\/v2\/posts\/22626\/revisions"}],"predecessor-version":[{"id":22827,"href":"https:\/\/adra.md\/ru\/wp-json\/wp\/v2\/posts\/22626\/revisions\/22827"}],"wp:featuredmedia":[{"embeddable":true,"href":"https:\/\/adra.md\/ru\/wp-json\/wp\/v2\/media\/22627"}],"wp:attachment":[{"href":"https:\/\/adra.md\/ru\/wp-json\/wp\/v2\/media?parent=22626"}],"wp:term":[{"taxonomy":"category","embeddable":true,"href":"https:\/\/adra.md\/ru\/wp-json\/wp\/v2\/categories?post=22626"},{"taxonomy":"post_tag","embeddable":true,"href":"https:\/\/adra.md\/ru\/wp-json\/wp\/v2\/tags?post=22626"}],"curies":[{"name":"wp","href":"https:\/\/api.w.org\/{rel}","templated":true}]}}