{"id":22644,"date":"2025-10-10T11:16:15","date_gmt":"2025-10-10T11:16:15","guid":{"rendered":"https:\/\/adra.md\/?p=22644"},"modified":"2025-10-10T11:16:15","modified_gmt":"2025-10-10T11:16:15","slug":"atelier-de-pictura-pe-sticla","status":"publish","type":"post","link":"https:\/\/adra.md\/ru\/atelier-de-pictura-pe-sticla\/","title":{"rendered":"Atelier de pictur\u0103 pe sticl\u0103"},"content":{"rendered":"<div class=\"xdj266r x14z9mp xat24cr x1lziwak x1vvkbs x126k92a\">\n<div dir=\"auto\">Atelier de pictur\u0103 pe sticl\u0103 la ADRA <span class=\"html-span xexx8yu xyri2b x18d9i69 x1c1uobl x1hl2dhg x16tdsg8 x1vvkbs x3nfvp2 x1j61x8r x1fcty0u xdj266r xat24cr xm2jcoa x1mpyi22 xxymvpz xlup9mm x1kky2od\"><img decoding=\"async\" class=\"xz74otr x15mokao x1ga7v0g x16uus16 xbiv7yw\" src=\"https:\/\/static.xx.fbcdn.net\/images\/emoji.php\/v9\/tbd\/2\/16\/1f33f.png\" alt=\"\ud83c\udf3f\" width=\"16\" height=\"16\" \/><\/span><\/div>\n<\/div>\n<div class=\"x14z9mp xat24cr x1lziwak x1vvkbs xtlvy1s x126k92a\">\n<div dir=\"auto\">Participantele noastre au descoperit bucuria de a personaliza \u0219i \u00eenfrumuse\u021ba obiecte din sticl\u0103, ad\u0103ug\u00e2ndu-le culoare \u0219i caracter propriu. Pictura pe sticl\u0103 a devenit rapid una dintre activit\u0103\u021bile preferate \u2014 pentru c\u0103 \u00eembin\u0103 frumos creativitatea cu utilitatea.<\/div>\n<\/div>\n<div class=\"x14z9mp xat24cr x1lziwak x1vvkbs xtlvy1s x126k92a\">\n<div dir=\"auto\">La acest atelier, dezvolt\u0103m \u00eempreun\u0103:<\/div>\n<div dir=\"auto\"><span class=\"html-span xexx8yu xyri2b x18d9i69 x1c1uobl x1hl2dhg x16tdsg8 x1vvkbs x3nfvp2 x1j61x8r x1fcty0u xdj266r xat24cr xm2jcoa x1mpyi22 xxymvpz xlup9mm x1kky2od\"><img decoding=\"async\" class=\"xz74otr x15mokao x1ga7v0g x16uus16 xbiv7yw\" src=\"https:\/\/static.xx.fbcdn.net\/images\/emoji.php\/v9\/tb4\/2\/16\/2705.png\" alt=\"\u2705\" width=\"16\" height=\"16\" \/><\/span> aten\u021bia la detalii<\/div>\n<div dir=\"auto\"><span class=\"html-span xexx8yu xyri2b x18d9i69 x1c1uobl x1hl2dhg x16tdsg8 x1vvkbs x3nfvp2 x1j61x8r x1fcty0u xdj266r xat24cr xm2jcoa x1mpyi22 xxymvpz xlup9mm x1kky2od\"><img decoding=\"async\" class=\"xz74otr x15mokao x1ga7v0g x16uus16 xbiv7yw\" src=\"https:\/\/static.xx.fbcdn.net\/images\/emoji.php\/v9\/tb4\/2\/16\/2705.png\" alt=\"\u2705\" width=\"16\" height=\"16\" \/><\/span> r\u0103bdarea \u0219i perseveren\u021ba<\/div>\n<div dir=\"auto\"><span class=\"html-span xexx8yu xyri2b x18d9i69 x1c1uobl x1hl2dhg x16tdsg8 x1vvkbs x3nfvp2 x1j61x8r x1fcty0u xdj266r xat24cr xm2jcoa x1mpyi22 xxymvpz xlup9mm x1kky2od\"><img decoding=\"async\" class=\"xz74otr x15mokao x1ga7v0g x16uus16 xbiv7yw\" src=\"https:\/\/static.xx.fbcdn.net\/images\/emoji.php\/v9\/tb4\/2\/16\/2705.png\" alt=\"\u2705\" width=\"16\" height=\"16\" \/><\/span> motricitatea fin\u0103<\/div>\n<\/div>\n<div class=\"x14z9mp xat24cr x1lziwak x1vvkbs xtlvy1s x126k92a\">\n<div dir=\"auto\">Este mai mult dec\u00e2t art\u0103 \u2014 e o experien\u021b\u0103 care le ajut\u0103 s\u0103 descopere frumuse\u021bea lucrurilor f\u0103cute cu propriile m\u00e2ini \u0219i utilitatea creativit\u0103\u021bii \u00een via\u021ba de zi cu zi. <span class=\"html-span xexx8yu xyri2b x18d9i69 x1c1uobl x1hl2dhg x16tdsg8 x1vvkbs x3nfvp2 x1j61x8r x1fcty0u xdj266r xat24cr xm2jcoa x1mpyi22 xxymvpz xlup9mm x1kky2od\"><img decoding=\"async\" class=\"xz74otr x15mokao x1ga7v0g x16uus16 xbiv7yw\" src=\"https:\/\/static.xx.fbcdn.net\/images\/emoji.php\/v9\/ted\/2\/16\/2764.png\" alt=\"\u2764\ufe0f\" width=\"16\" height=\"16\" \/><\/span><\/div>\n<\/div>\n<div class=\"x14z9mp xat24cr x1lziwak x1vvkbs xtlvy1s x126k92a\">\n<div dir=\"auto\"><span class=\"html-span xexx8yu xyri2b x18d9i69 x1c1uobl x1hl2dhg x16tdsg8 x1vvkbs x3nfvp2 x1j61x8r x1fcty0u xdj266r xat24cr xm2jcoa x1mpyi22 xxymvpz xlup9mm x1kky2od\"><img loading=\"lazy\" decoding=\"async\" class=\"xz74otr x15mokao x1ga7v0g x16uus16 xbiv7yw\" src=\"https:\/\/static.xx.fbcdn.net\/images\/emoji.php\/v9\/t8f\/2\/16\/1f338.png\" alt=\"\ud83c\udf38\" width=\"16\" height=\"16\" \/><\/span> La ADRA, continu\u0103m s\u0103 sprijinim prin ateliere care ofer\u0103 bucurie, \u00eencredere \u0219i abilit\u0103\u021bi practice.<\/div>\n<\/div>\n<div class=\"x14z9mp xat24cr x1lziwak x1vvkbs xtlvy1s x126k92a\">\n<div dir=\"auto\"><span class=\"html-span xexx8yu xyri2b x18d9i69 x1c1uobl x1hl2dhg x16tdsg8 x1vvkbs x3nfvp2 x1j61x8r x1fcty0u xdj266r xat24cr xm2jcoa x1mpyi22 xxymvpz xlup9mm x1kky2od\"><img loading=\"lazy\" decoding=\"async\" class=\"xz74otr x15mokao x1ga7v0g x16uus16 xbiv7yw\" src=\"https:\/\/static.xx.fbcdn.net\/images\/emoji.php\/v9\/t1f\/2\/16\/1f64f.png\" alt=\"\ud83d\ude4f\" width=\"16\" height=\"16\" \/><\/span> Proiectul este sus\u021binut de @czechaid<\/div>\n<\/div>\n<div dir=\"auto\"><img loading=\"lazy\" decoding=\"async\" class=\"alignnone  wp-image-22645\" src=\"https:\/\/adra.md\/wp-content\/uploads\/2025\/10\/519525483_18003608975795376_3771110300105078316_n-768x1024.jpg\" alt=\"\" width=\"276\" height=\"368\" srcset=\"https:\/\/adra.md\/wp-content\/uploads\/2025\/10\/519525483_18003608975795376_3771110300105078316_n-768x1024.jpg 768w, https:\/\/adra.md\/wp-content\/uploads\/2025\/10\/519525483_18003608975795376_3771110300105078316_n-225x300.jpg 225w, https:\/\/adra.md\/wp-content\/uploads\/2025\/10\/519525483_18003608975795376_3771110300105078316_n-1152x1536.jpg 1152w, https:\/\/adra.md\/wp-content\/uploads\/2025\/10\/519525483_18003608975795376_3771110300105078316_n-9x12.jpg 9w, https:\/\/adra.md\/wp-content\/uploads\/2025\/10\/519525483_18003608975795376_3771110300105078316_n.jpg 1290w\" sizes=\"(max-width: 276px) 100vw, 276px\" \/> <img loading=\"lazy\" decoding=\"async\" class=\"alignnone  wp-image-22646\" src=\"https:\/\/adra.md\/wp-content\/uploads\/2025\/10\/519897197_18003608948795376_1797056968811238008_n-770x1024.jpg\" alt=\"\" width=\"277\" height=\"369\" srcset=\"https:\/\/adra.md\/wp-content\/uploads\/2025\/10\/519897197_18003608948795376_1797056968811238008_n-770x1024.jpg 770w, https:\/\/adra.md\/wp-content\/uploads\/2025\/10\/519897197_18003608948795376_1797056968811238008_n-226x300.jpg 226w, https:\/\/adra.md\/wp-content\/uploads\/2025\/10\/519897197_18003608948795376_1797056968811238008_n-768x1022.jpg 768w, https:\/\/adra.md\/wp-content\/uploads\/2025\/10\/519897197_18003608948795376_1797056968811238008_n-1155x1536.jpg 1155w, https:\/\/adra.md\/wp-content\/uploads\/2025\/10\/519897197_18003608948795376_1797056968811238008_n-9x12.jpg 9w, https:\/\/adra.md\/wp-content\/uploads\/2025\/10\/519897197_18003608948795376_1797056968811238008_n.jpg 1290w\" sizes=\"(max-width: 277px) 100vw, 277px\" \/> <img loading=\"lazy\" decoding=\"async\" class=\"alignnone  wp-image-22647\" src=\"https:\/\/adra.md\/wp-content\/uploads\/2025\/10\/520704071_18003608963795376_1696606998022417487_n-768x1024.jpg\" alt=\"\" width=\"275\" height=\"367\" srcset=\"https:\/\/adra.md\/wp-content\/uploads\/2025\/10\/520704071_18003608963795376_1696606998022417487_n-768x1024.jpg 768w, https:\/\/adra.md\/wp-content\/uploads\/2025\/10\/520704071_18003608963795376_1696606998022417487_n-225x300.jpg 225w, https:\/\/adra.md\/wp-content\/uploads\/2025\/10\/520704071_18003608963795376_1696606998022417487_n-9x12.jpg 9w, https:\/\/adra.md\/wp-content\/uploads\/2025\/10\/520704071_18003608963795376_1696606998022417487_n.jpg 1129w\" sizes=\"(max-width: 275px) 100vw, 275px\" \/><\/div>\n<div dir=\"auto\"><\/div>\n<div dir=\"auto\"><img loading=\"lazy\" decoding=\"async\" class=\"alignnone  wp-image-22648\" src=\"https:\/\/adra.md\/wp-content\/uploads\/2025\/10\/520841504_18003608939795376_5220165102095056947_n-768x1024.jpg\" alt=\"\" width=\"278\" height=\"371\" srcset=\"https:\/\/adra.md\/wp-content\/uploads\/2025\/10\/520841504_18003608939795376_5220165102095056947_n-768x1024.jpg 768w, https:\/\/adra.md\/wp-content\/uploads\/2025\/10\/520841504_18003608939795376_5220165102095056947_n-225x300.jpg 225w, https:\/\/adra.md\/wp-content\/uploads\/2025\/10\/520841504_18003608939795376_5220165102095056947_n-1152x1536.jpg 1152w, https:\/\/adra.md\/wp-content\/uploads\/2025\/10\/520841504_18003608939795376_5220165102095056947_n-9x12.jpg 9w, https:\/\/adra.md\/wp-content\/uploads\/2025\/10\/520841504_18003608939795376_5220165102095056947_n.jpg 1290w\" sizes=\"(max-width: 278px) 100vw, 278px\" \/> <img loading=\"lazy\" decoding=\"async\" class=\"alignnone  wp-image-22649\" src=\"https:\/\/adra.md\/wp-content\/uploads\/2025\/10\/521289565_18003608966795376_2095739032650698402_n-768x1024.jpg\" alt=\"\" width=\"279\" height=\"372\" srcset=\"https:\/\/adra.md\/wp-content\/uploads\/2025\/10\/521289565_18003608966795376_2095739032650698402_n-768x1024.jpg 768w, https:\/\/adra.md\/wp-content\/uploads\/2025\/10\/521289565_18003608966795376_2095739032650698402_n-225x300.jpg 225w, https:\/\/adra.md\/wp-content\/uploads\/2025\/10\/521289565_18003608966795376_2095739032650698402_n-1152x1536.jpg 1152w, https:\/\/adra.md\/wp-content\/uploads\/2025\/10\/521289565_18003608966795376_2095739032650698402_n-9x12.jpg 9w, https:\/\/adra.md\/wp-content\/uploads\/2025\/10\/521289565_18003608966795376_2095739032650698402_n.jpg 1290w\" sizes=\"(max-width: 279px) 100vw, 279px\" \/><\/div>","protected":false},"excerpt":{"rendered":"<p>Atelier de pictur\u0103 pe sticl\u0103 la ADRA Participantele noastre au descoperit bucuria de a personaliza \u0219i \u00eenfrumuse\u021ba obiecte din sticl\u0103, ad\u0103ug\u00e2ndu-le culoare \u0219i caracter propriu. Pictura pe sticl\u0103 a devenit rapid una dintre activit\u0103\u021bile preferate \u2014 pentru c\u0103 \u00eembin\u0103 frumos creativitatea cu utilitatea. La acest atelier, dezvolt\u0103m \u00eempreun\u0103: aten\u021bia la detalii r\u0103bdarea \u0219i perseveren\u021ba motricitatea [&hellip;]<\/p>\n","protected":false},"author":9,"featured_media":22648,"comment_status":"closed","ping_status":"closed","sticky":false,"template":"","format":"standard","meta":{"_acf_changed":false,"footnotes":""},"categories":[294],"tags":[],"class_list":["post-22644","post","type-post","status-publish","format-standard","has-post-thumbnail","hentry","category-news"],"acf":[],"yoast_head":"<!-- This site is optimized with the Yoast SEO plugin v27.4 - https:\/\/yoast.com\/product\/yoast-seo-wordpress\/ -->\n<title>Atelier de pictur\u0103 pe sticl\u0103 - ADRA Moldova<\/title>\n<meta name=\"robots\" content=\"index, follow, max-snippet:-1, max-image-preview:large, max-video-preview:-1\" \/>\n<link rel=\"canonical\" href=\"https:\/\/adra.md\/ru\/atelier-de-pictura-pe-sticla\/\" \/>\n<meta property=\"og:locale\" content=\"ru_RU\" \/>\n<meta property=\"og:type\" content=\"article\" \/>\n<meta property=\"og:title\" content=\"Atelier de pictur\u0103 pe sticl\u0103 - ADRA Moldova\" \/>\n<meta property=\"og:description\" content=\"Atelier de pictur\u0103 pe sticl\u0103 la ADRA Participantele noastre au descoperit bucuria de a personaliza \u0219i \u00eenfrumuse\u021ba obiecte din sticl\u0103, ad\u0103ug\u00e2ndu-le culoare \u0219i caracter propriu. Pictura pe sticl\u0103 a devenit rapid una dintre activit\u0103\u021bile preferate \u2014 pentru c\u0103 \u00eembin\u0103 frumos creativitatea cu utilitatea. La acest atelier, dezvolt\u0103m \u00eempreun\u0103: aten\u021bia la detalii r\u0103bdarea \u0219i perseveren\u021ba motricitatea [&hellip;]\" \/>\n<meta property=\"og:url\" content=\"https:\/\/adra.md\/ru\/atelier-de-pictura-pe-sticla\/\" \/>\n<meta property=\"og:site_name\" content=\"ADRA Moldova\" \/>\n<meta property=\"article:published_time\" content=\"2025-10-10T11:16:15+00:00\" \/>\n<meta property=\"og:image\" content=\"https:\/\/adra.md\/wp-content\/uploads\/2025\/10\/520841504_18003608939795376_5220165102095056947_n.jpg\" \/>\n\t<meta property=\"og:image:width\" content=\"1290\" \/>\n\t<meta property=\"og:image:height\" content=\"1720\" \/>\n\t<meta property=\"og:image:type\" content=\"image\/jpeg\" \/>\n<meta name=\"author\" content=\"ADRA Moldova\" \/>\n<meta name=\"twitter:card\" content=\"summary_large_image\" \/>\n<meta name=\"twitter:label1\" content=\"\u041d\u0430\u043f\u0438\u0441\u0430\u043d\u043e \u0430\u0432\u0442\u043e\u0440\u043e\u043c\" \/>\n\t<meta name=\"twitter:data1\" content=\"ADRA Moldova\" \/>\n\t<meta name=\"twitter:label2\" content=\"\u041f\u0440\u0438\u043c\u0435\u0440\u043d\u043e\u0435 \u0432\u0440\u0435\u043c\u044f \u0434\u043b\u044f \u0447\u0442\u0435\u043d\u0438\u044f\" \/>\n\t<meta name=\"twitter:data2\" content=\"1 \u043c\u0438\u043d\u0443\u0442\u0430\" \/>\n<script type=\"application\/ld+json\" class=\"yoast-schema-graph\">{\"@context\":\"https:\\\/\\\/schema.org\",\"@graph\":[{\"@type\":\"Article\",\"@id\":\"https:\\\/\\\/adra.md\\\/atelier-de-pictura-pe-sticla\\\/#article\",\"isPartOf\":{\"@id\":\"https:\\\/\\\/adra.md\\\/atelier-de-pictura-pe-sticla\\\/\"},\"author\":{\"name\":\"ADRA Moldova\",\"@id\":\"https:\\\/\\\/adra.md\\\/#\\\/schema\\\/person\\\/b0181e611ee89738cefb7dc2db2bb8d1\"},\"headline\":\"Atelier de pictur\u0103 pe sticl\u0103\",\"datePublished\":\"2025-10-10T11:16:15+00:00\",\"mainEntityOfPage\":{\"@id\":\"https:\\\/\\\/adra.md\\\/atelier-de-pictura-pe-sticla\\\/\"},\"wordCount\":124,\"publisher\":{\"@id\":\"https:\\\/\\\/adra.md\\\/#organization\"},\"image\":{\"@id\":\"https:\\\/\\\/adra.md\\\/atelier-de-pictura-pe-sticla\\\/#primaryimage\"},\"thumbnailUrl\":\"https:\\\/\\\/adra.md\\\/wp-content\\\/uploads\\\/2025\\\/10\\\/520841504_18003608939795376_5220165102095056947_n.jpg\",\"articleSection\":[\"News\"],\"inLanguage\":\"ru-RU\"},{\"@type\":\"WebPage\",\"@id\":\"https:\\\/\\\/adra.md\\\/atelier-de-pictura-pe-sticla\\\/\",\"url\":\"https:\\\/\\\/adra.md\\\/atelier-de-pictura-pe-sticla\\\/\",\"name\":\"Atelier de pictur\u0103 pe sticl\u0103 - ADRA Moldova\",\"isPartOf\":{\"@id\":\"https:\\\/\\\/adra.md\\\/#website\"},\"primaryImageOfPage\":{\"@id\":\"https:\\\/\\\/adra.md\\\/atelier-de-pictura-pe-sticla\\\/#primaryimage\"},\"image\":{\"@id\":\"https:\\\/\\\/adra.md\\\/atelier-de-pictura-pe-sticla\\\/#primaryimage\"},\"thumbnailUrl\":\"https:\\\/\\\/adra.md\\\/wp-content\\\/uploads\\\/2025\\\/10\\\/520841504_18003608939795376_5220165102095056947_n.jpg\",\"datePublished\":\"2025-10-10T11:16:15+00:00\",\"breadcrumb\":{\"@id\":\"https:\\\/\\\/adra.md\\\/atelier-de-pictura-pe-sticla\\\/#breadcrumb\"},\"inLanguage\":\"ru-RU\",\"potentialAction\":[{\"@type\":\"ReadAction\",\"target\":[\"https:\\\/\\\/adra.md\\\/atelier-de-pictura-pe-sticla\\\/\"]}]},{\"@type\":\"ImageObject\",\"inLanguage\":\"ru-RU\",\"@id\":\"https:\\\/\\\/adra.md\\\/atelier-de-pictura-pe-sticla\\\/#primaryimage\",\"url\":\"https:\\\/\\\/adra.md\\\/wp-content\\\/uploads\\\/2025\\\/10\\\/520841504_18003608939795376_5220165102095056947_n.jpg\",\"contentUrl\":\"https:\\\/\\\/adra.md\\\/wp-content\\\/uploads\\\/2025\\\/10\\\/520841504_18003608939795376_5220165102095056947_n.jpg\",\"width\":1290,\"height\":1720},{\"@type\":\"BreadcrumbList\",\"@id\":\"https:\\\/\\\/adra.md\\\/atelier-de-pictura-pe-sticla\\\/#breadcrumb\",\"itemListElement\":[{\"@type\":\"ListItem\",\"position\":1,\"name\":\"Home\",\"item\":\"https:\\\/\\\/adra.md\\\/\"},{\"@type\":\"ListItem\",\"position\":2,\"name\":\"Atelier de pictur\u0103 pe sticl\u0103\"}]},{\"@type\":\"WebSite\",\"@id\":\"https:\\\/\\\/adra.md\\\/#website\",\"url\":\"https:\\\/\\\/adra.md\\\/\",\"name\":\"ADRA Moldova\",\"description\":\"Agen\u0163ia Adventist\u0103 pentru Dezvoltare, Refacere \u015fi Ajutor\",\"publisher\":{\"@id\":\"https:\\\/\\\/adra.md\\\/#organization\"},\"potentialAction\":[{\"@type\":\"SearchAction\",\"target\":{\"@type\":\"EntryPoint\",\"urlTemplate\":\"https:\\\/\\\/adra.md\\\/?s={search_term_string}\"},\"query-input\":{\"@type\":\"PropertyValueSpecification\",\"valueRequired\":true,\"valueName\":\"search_term_string\"}}],\"inLanguage\":\"ru-RU\"},{\"@type\":\"Organization\",\"@id\":\"https:\\\/\\\/adra.md\\\/#organization\",\"name\":\"ADRA Moldova\",\"url\":\"https:\\\/\\\/adra.md\\\/\",\"logo\":{\"@type\":\"ImageObject\",\"inLanguage\":\"ru-RU\",\"@id\":\"https:\\\/\\\/adra.md\\\/#\\\/schema\\\/logo\\\/image\\\/\",\"url\":\"https:\\\/\\\/adra.md\\\/wp-content\\\/uploads\\\/2019\\\/11\\\/group-435.png\",\"contentUrl\":\"https:\\\/\\\/adra.md\\\/wp-content\\\/uploads\\\/2019\\\/11\\\/group-435.png\",\"width\":500,\"height\":133,\"caption\":\"ADRA Moldova\"},\"image\":{\"@id\":\"https:\\\/\\\/adra.md\\\/#\\\/schema\\\/logo\\\/image\\\/\"}},{\"@type\":\"Person\",\"@id\":\"https:\\\/\\\/adra.md\\\/#\\\/schema\\\/person\\\/b0181e611ee89738cefb7dc2db2bb8d1\",\"name\":\"ADRA Moldova\",\"url\":\"https:\\\/\\\/adra.md\\\/ru\\\/author\\\/andrei-girleanu\\\/\"}]}<\/script>\n<!-- \/ Yoast SEO plugin. -->","yoast_head_json":{"title":"Atelier de pictur\u0103 pe sticl\u0103 - ADRA Moldova","robots":{"index":"index","follow":"follow","max-snippet":"max-snippet:-1","max-image-preview":"max-image-preview:large","max-video-preview":"max-video-preview:-1"},"canonical":"https:\/\/adra.md\/ru\/atelier-de-pictura-pe-sticla\/","og_locale":"ru_RU","og_type":"article","og_title":"Atelier de pictur\u0103 pe sticl\u0103 - ADRA Moldova","og_description":"Atelier de pictur\u0103 pe sticl\u0103 la ADRA Participantele noastre au descoperit bucuria de a personaliza \u0219i \u00eenfrumuse\u021ba obiecte din sticl\u0103, ad\u0103ug\u00e2ndu-le culoare \u0219i caracter propriu. Pictura pe sticl\u0103 a devenit rapid una dintre activit\u0103\u021bile preferate \u2014 pentru c\u0103 \u00eembin\u0103 frumos creativitatea cu utilitatea. La acest atelier, dezvolt\u0103m \u00eempreun\u0103: aten\u021bia la detalii r\u0103bdarea \u0219i perseveren\u021ba motricitatea [&hellip;]","og_url":"https:\/\/adra.md\/ru\/atelier-de-pictura-pe-sticla\/","og_site_name":"ADRA Moldova","article_published_time":"2025-10-10T11:16:15+00:00","og_image":[{"width":1290,"height":1720,"url":"https:\/\/adra.md\/wp-content\/uploads\/2025\/10\/520841504_18003608939795376_5220165102095056947_n.jpg","type":"image\/jpeg"}],"author":"ADRA Moldova","twitter_card":"summary_large_image","twitter_misc":{"\u041d\u0430\u043f\u0438\u0441\u0430\u043d\u043e \u0430\u0432\u0442\u043e\u0440\u043e\u043c":"ADRA Moldova","\u041f\u0440\u0438\u043c\u0435\u0440\u043d\u043e\u0435 \u0432\u0440\u0435\u043c\u044f \u0434\u043b\u044f \u0447\u0442\u0435\u043d\u0438\u044f":"1 \u043c\u0438\u043d\u0443\u0442\u0430"},"schema":{"@context":"https:\/\/schema.org","@graph":[{"@type":"Article","@id":"https:\/\/adra.md\/atelier-de-pictura-pe-sticla\/#article","isPartOf":{"@id":"https:\/\/adra.md\/atelier-de-pictura-pe-sticla\/"},"author":{"name":"ADRA Moldova","@id":"https:\/\/adra.md\/#\/schema\/person\/b0181e611ee89738cefb7dc2db2bb8d1"},"headline":"Atelier de pictur\u0103 pe sticl\u0103","datePublished":"2025-10-10T11:16:15+00:00","mainEntityOfPage":{"@id":"https:\/\/adra.md\/atelier-de-pictura-pe-sticla\/"},"wordCount":124,"publisher":{"@id":"https:\/\/adra.md\/#organization"},"image":{"@id":"https:\/\/adra.md\/atelier-de-pictura-pe-sticla\/#primaryimage"},"thumbnailUrl":"https:\/\/adra.md\/wp-content\/uploads\/2025\/10\/520841504_18003608939795376_5220165102095056947_n.jpg","articleSection":["News"],"inLanguage":"ru-RU"},{"@type":"WebPage","@id":"https:\/\/adra.md\/atelier-de-pictura-pe-sticla\/","url":"https:\/\/adra.md\/atelier-de-pictura-pe-sticla\/","name":"Atelier de pictur\u0103 pe sticl\u0103 - ADRA Moldova","isPartOf":{"@id":"https:\/\/adra.md\/#website"},"primaryImageOfPage":{"@id":"https:\/\/adra.md\/atelier-de-pictura-pe-sticla\/#primaryimage"},"image":{"@id":"https:\/\/adra.md\/atelier-de-pictura-pe-sticla\/#primaryimage"},"thumbnailUrl":"https:\/\/adra.md\/wp-content\/uploads\/2025\/10\/520841504_18003608939795376_5220165102095056947_n.jpg","datePublished":"2025-10-10T11:16:15+00:00","breadcrumb":{"@id":"https:\/\/adra.md\/atelier-de-pictura-pe-sticla\/#breadcrumb"},"inLanguage":"ru-RU","potentialAction":[{"@type":"ReadAction","target":["https:\/\/adra.md\/atelier-de-pictura-pe-sticla\/"]}]},{"@type":"ImageObject","inLanguage":"ru-RU","@id":"https:\/\/adra.md\/atelier-de-pictura-pe-sticla\/#primaryimage","url":"https:\/\/adra.md\/wp-content\/uploads\/2025\/10\/520841504_18003608939795376_5220165102095056947_n.jpg","contentUrl":"https:\/\/adra.md\/wp-content\/uploads\/2025\/10\/520841504_18003608939795376_5220165102095056947_n.jpg","width":1290,"height":1720},{"@type":"BreadcrumbList","@id":"https:\/\/adra.md\/atelier-de-pictura-pe-sticla\/#breadcrumb","itemListElement":[{"@type":"ListItem","position":1,"name":"Home","item":"https:\/\/adra.md\/"},{"@type":"ListItem","position":2,"name":"Atelier de pictur\u0103 pe sticl\u0103"}]},{"@type":"WebSite","@id":"https:\/\/adra.md\/#website","url":"https:\/\/adra.md\/","name":"ADRA Moldova","description":"Agen\u0163ia Adventist\u0103 pentru Dezvoltare, Refacere \u015fi Ajutor","publisher":{"@id":"https:\/\/adra.md\/#organization"},"potentialAction":[{"@type":"SearchAction","target":{"@type":"EntryPoint","urlTemplate":"https:\/\/adra.md\/?s={search_term_string}"},"query-input":{"@type":"PropertyValueSpecification","valueRequired":true,"valueName":"search_term_string"}}],"inLanguage":"ru-RU"},{"@type":"Organization","@id":"https:\/\/adra.md\/#organization","name":"ADRA Moldova","url":"https:\/\/adra.md\/","logo":{"@type":"ImageObject","inLanguage":"ru-RU","@id":"https:\/\/adra.md\/#\/schema\/logo\/image\/","url":"https:\/\/adra.md\/wp-content\/uploads\/2019\/11\/group-435.png","contentUrl":"https:\/\/adra.md\/wp-content\/uploads\/2019\/11\/group-435.png","width":500,"height":133,"caption":"ADRA Moldova"},"image":{"@id":"https:\/\/adra.md\/#\/schema\/logo\/image\/"}},{"@type":"Person","@id":"https:\/\/adra.md\/#\/schema\/person\/b0181e611ee89738cefb7dc2db2bb8d1","name":"ADRA Moldova","url":"https:\/\/adra.md\/ru\/author\/andrei-girleanu\/"}]}},"_links":{"self":[{"href":"https:\/\/adra.md\/ru\/wp-json\/wp\/v2\/posts\/22644","targetHints":{"allow":["GET"]}}],"collection":[{"href":"https:\/\/adra.md\/ru\/wp-json\/wp\/v2\/posts"}],"about":[{"href":"https:\/\/adra.md\/ru\/wp-json\/wp\/v2\/types\/post"}],"author":[{"embeddable":true,"href":"https:\/\/adra.md\/ru\/wp-json\/wp\/v2\/users\/9"}],"replies":[{"embeddable":true,"href":"https:\/\/adra.md\/ru\/wp-json\/wp\/v2\/comments?post=22644"}],"version-history":[{"count":1,"href":"https:\/\/adra.md\/ru\/wp-json\/wp\/v2\/posts\/22644\/revisions"}],"predecessor-version":[{"id":22650,"href":"https:\/\/adra.md\/ru\/wp-json\/wp\/v2\/posts\/22644\/revisions\/22650"}],"wp:featuredmedia":[{"embeddable":true,"href":"https:\/\/adra.md\/ru\/wp-json\/wp\/v2\/media\/22648"}],"wp:attachment":[{"href":"https:\/\/adra.md\/ru\/wp-json\/wp\/v2\/media?parent=22644"}],"wp:term":[{"taxonomy":"category","embeddable":true,"href":"https:\/\/adra.md\/ru\/wp-json\/wp\/v2\/categories?post=22644"},{"taxonomy":"post_tag","embeddable":true,"href":"https:\/\/adra.md\/ru\/wp-json\/wp\/v2\/tags?post=22644"}],"curies":[{"name":"wp","href":"https:\/\/api.w.org\/{rel}","templated":true}]}}