{"id":22651,"date":"2025-10-10T11:21:05","date_gmt":"2025-10-10T11:21:05","guid":{"rendered":"https:\/\/adra.md\/?p=22651"},"modified":"2025-10-10T11:21:05","modified_gmt":"2025-10-10T11:21:05","slug":"asistenta-financiara-si-juridica","status":"publish","type":"post","link":"https:\/\/adra.md\/ru\/asistenta-financiara-si-juridica\/","title":{"rendered":"Asisten\u021b\u0103 financiar\u0103 \u0219i juridic\u0103"},"content":{"rendered":"<h3><span class=\"s1\">Suport financiar \u0219i asisten\u021b\u0103 juridic\u0103 pentru refugia\u021bii din Ucraina, locuitori pe malul st\u00e2ng al Nistrului<\/span><\/h3>\n<p class=\"p3\"><span class=\"s2\">Refugia\u021bii din Ucraina, stabili\u021bi pe malul st\u00e2ng al Nistrului, continu\u0103 s\u0103 beneficieze de sprijin constant prin intermediul proiectelor implementate de ADRA Moldova, cu sus\u021binerea <\/span><span class=\"s3\">Uniunii Europene<\/span><span class=\"s2\"> \u0219i <\/span><span class=\"s3\">Organiza\u021biei Interna\u021bionale pentru Migra\u021bie (IOM Moldova)<\/span><span class=\"s2\">.<\/span><\/p>\n<p class=\"p3\"><span class=\"s2\">Zilnic, \u00een <\/span><span class=\"s3\">oficiile ADRA din Tiraspol \u0219i R\u00eebni\u021ba<\/span><span class=\"s2\">, are loc procesul de <\/span><span class=\"s3\">\u00eenregistrare \u0219i re\u00eenregistrare<\/span><span class=\"s2\"> a refugia\u021bilor pentru primirea <\/span><span class=\"s3\">ajutorului financiar<\/span><span class=\"s2\"> oferit \u00een cadrul programului de asisten\u021b\u0103 umanitar\u0103. Acest sprijin are scopul de a acoperi nevoile de baz\u0103 ale persoanelor afectate de conflict, oferindu-le siguran\u021b\u0103 \u0219i stabilitate \u00een perioada dificil\u0103 prin care trec.<\/span><\/p>\n<p class=\"p3\"><span class=\"s2\">Pe l\u00e2ng\u0103 suportul financiar, \u00een <\/span><span class=\"s3\">oficiul ADRA din Tiraspol<\/span><span class=\"s2\"> este prezent zilnic \u0219i <\/span><span class=\"s3\">juristul organiza\u021biei<\/span><span class=\"s2\">, care ofer\u0103 <\/span><span class=\"s3\">asisten\u021b\u0103 juridic\u0103 gratuit\u0103<\/span><span class=\"s2\"> persoanelor aflate \u00een dificultate. Beneficiarii pot primi consiliere privind drepturile lor, documenta\u021bia necesar\u0103, precum \u0219i <\/span><span class=\"s3\">referirea cazurilor c\u0103tre alte institu\u021bii sau organiza\u021bii<\/span><span class=\"s2\"> specializate, atunci c\u00e2nd situa\u021biile o impun.<\/span><\/p>\n<p class=\"p3\"><span class=\"s2\">Prin aceste activit\u0103\u021bi, ADRA Moldova \u00ee\u0219i reafirm\u0103 angajamentul de a fi aproape de cei afla\u021bi \u00een nevoie, oferind nu doar sprijin material, ci \u0219i <\/span><span class=\"s3\">sprijin social \u0219i juridic<\/span><span class=\"s2\"> esen\u021bial pentru integrarea \u0219i protec\u021bia refugia\u021bilor din Ucraina.<\/span><\/p>\n<p class=\"p3\"><span class=\"s2\">\ud83d\udccd <\/span><span class=\"s3\">Proiect sus\u021binut de:<\/span><span class=\"s2\"> Uniunea European\u0103, IOM Moldova<\/span><\/p>\n<p class=\"p3\"><span class=\"s2\">\ud83e\udd1d <\/span><span class=\"s3\">Implementat de:<\/span><span class=\"s2\"> ADRA Moldova<\/span><\/p>\n<p>&nbsp;<\/p>\n<p><img fetchpriority=\"high\" decoding=\"async\" class=\"alignnone  wp-image-22652\" src=\"https:\/\/adra.md\/wp-content\/uploads\/2025\/10\/524596623_18005004479795376_5424291410199163423_n-768x1024.jpg\" alt=\"\" width=\"261\" height=\"348\" srcset=\"https:\/\/adra.md\/wp-content\/uploads\/2025\/10\/524596623_18005004479795376_5424291410199163423_n-768x1024.jpg 768w, https:\/\/adra.md\/wp-content\/uploads\/2025\/10\/524596623_18005004479795376_5424291410199163423_n-225x300.jpg 225w, https:\/\/adra.md\/wp-content\/uploads\/2025\/10\/524596623_18005004479795376_5424291410199163423_n-1152x1536.jpg 1152w, https:\/\/adra.md\/wp-content\/uploads\/2025\/10\/524596623_18005004479795376_5424291410199163423_n-9x12.jpg 9w, https:\/\/adra.md\/wp-content\/uploads\/2025\/10\/524596623_18005004479795376_5424291410199163423_n.jpg 1440w\" sizes=\"(max-width: 261px) 100vw, 261px\" \/> <img decoding=\"async\" class=\"alignnone  wp-image-22653\" src=\"https:\/\/adra.md\/wp-content\/uploads\/2025\/10\/524807860_18005004491795376_4070041181078794354_n-768x1024.jpg\" alt=\"\" width=\"261\" height=\"348\" srcset=\"https:\/\/adra.md\/wp-content\/uploads\/2025\/10\/524807860_18005004491795376_4070041181078794354_n-768x1024.jpg 768w, https:\/\/adra.md\/wp-content\/uploads\/2025\/10\/524807860_18005004491795376_4070041181078794354_n-225x300.jpg 225w, https:\/\/adra.md\/wp-content\/uploads\/2025\/10\/524807860_18005004491795376_4070041181078794354_n-1152x1536.jpg 1152w, https:\/\/adra.md\/wp-content\/uploads\/2025\/10\/524807860_18005004491795376_4070041181078794354_n-9x12.jpg 9w, https:\/\/adra.md\/wp-content\/uploads\/2025\/10\/524807860_18005004491795376_4070041181078794354_n.jpg 1440w\" sizes=\"(max-width: 261px) 100vw, 261px\" \/> <img decoding=\"async\" class=\"alignnone  wp-image-22654\" src=\"https:\/\/adra.md\/wp-content\/uploads\/2025\/10\/524933238_18005004464795376_6266582988851960737_n-768x1024.jpg\" alt=\"\" width=\"261\" height=\"348\" srcset=\"https:\/\/adra.md\/wp-content\/uploads\/2025\/10\/524933238_18005004464795376_6266582988851960737_n-768x1024.jpg 768w, https:\/\/adra.md\/wp-content\/uploads\/2025\/10\/524933238_18005004464795376_6266582988851960737_n-225x300.jpg 225w, https:\/\/adra.md\/wp-content\/uploads\/2025\/10\/524933238_18005004464795376_6266582988851960737_n-9x12.jpg 9w, https:\/\/adra.md\/wp-content\/uploads\/2025\/10\/524933238_18005004464795376_6266582988851960737_n.jpg 960w\" sizes=\"(max-width: 261px) 100vw, 261px\" \/><\/p>","protected":false},"excerpt":{"rendered":"<p>Suport financiar \u0219i asisten\u021b\u0103 juridic\u0103 pentru refugia\u021bii din Ucraina, locuitori pe malul st\u00e2ng al Nistrului Refugia\u021bii din Ucraina, stabili\u021bi pe malul st\u00e2ng al Nistrului, continu\u0103 s\u0103 beneficieze de sprijin constant prin intermediul proiectelor implementate de ADRA Moldova, cu sus\u021binerea Uniunii Europene \u0219i Organiza\u021biei Interna\u021bionale pentru Migra\u021bie (IOM Moldova). Zilnic, \u00een oficiile ADRA din Tiraspol \u0219i [&hellip;]<\/p>\n","protected":false},"author":9,"featured_media":22654,"comment_status":"closed","ping_status":"closed","sticky":false,"template":"","format":"standard","meta":{"_acf_changed":false,"footnotes":""},"categories":[294],"tags":[],"class_list":["post-22651","post","type-post","status-publish","format-standard","has-post-thumbnail","hentry","category-news"],"acf":[],"yoast_head":"<!-- This site is optimized with the Yoast SEO plugin v27.4 - https:\/\/yoast.com\/product\/yoast-seo-wordpress\/ -->\n<title>Asisten\u021b\u0103 financiar\u0103 \u0219i juridic\u0103 - ADRA Moldova<\/title>\n<meta name=\"robots\" content=\"index, follow, max-snippet:-1, max-image-preview:large, max-video-preview:-1\" \/>\n<link rel=\"canonical\" href=\"https:\/\/adra.md\/ru\/asistenta-financiara-si-juridica\/\" \/>\n<meta property=\"og:locale\" content=\"ru_RU\" \/>\n<meta property=\"og:type\" content=\"article\" \/>\n<meta property=\"og:title\" content=\"Asisten\u021b\u0103 financiar\u0103 \u0219i juridic\u0103 - ADRA Moldova\" \/>\n<meta property=\"og:description\" content=\"Suport financiar \u0219i asisten\u021b\u0103 juridic\u0103 pentru refugia\u021bii din Ucraina, locuitori pe malul st\u00e2ng al Nistrului Refugia\u021bii din Ucraina, stabili\u021bi pe malul st\u00e2ng al Nistrului, continu\u0103 s\u0103 beneficieze de sprijin constant prin intermediul proiectelor implementate de ADRA Moldova, cu sus\u021binerea Uniunii Europene \u0219i Organiza\u021biei Interna\u021bionale pentru Migra\u021bie (IOM Moldova). Zilnic, \u00een oficiile ADRA din Tiraspol \u0219i [&hellip;]\" \/>\n<meta property=\"og:url\" content=\"https:\/\/adra.md\/ru\/asistenta-financiara-si-juridica\/\" \/>\n<meta property=\"og:site_name\" content=\"ADRA Moldova\" \/>\n<meta property=\"article:published_time\" content=\"2025-10-10T11:21:05+00:00\" \/>\n<meta property=\"og:image\" content=\"https:\/\/adra.md\/wp-content\/uploads\/2025\/10\/524933238_18005004464795376_6266582988851960737_n.jpg\" \/>\n\t<meta property=\"og:image:width\" content=\"960\" \/>\n\t<meta property=\"og:image:height\" content=\"1280\" \/>\n\t<meta property=\"og:image:type\" content=\"image\/jpeg\" \/>\n<meta name=\"author\" content=\"ADRA Moldova\" \/>\n<meta name=\"twitter:card\" content=\"summary_large_image\" \/>\n<meta name=\"twitter:label1\" content=\"\u041d\u0430\u043f\u0438\u0441\u0430\u043d\u043e \u0430\u0432\u0442\u043e\u0440\u043e\u043c\" \/>\n\t<meta name=\"twitter:data1\" content=\"ADRA Moldova\" \/>\n\t<meta name=\"twitter:label2\" content=\"\u041f\u0440\u0438\u043c\u0435\u0440\u043d\u043e\u0435 \u0432\u0440\u0435\u043c\u044f \u0434\u043b\u044f \u0447\u0442\u0435\u043d\u0438\u044f\" \/>\n\t<meta name=\"twitter:data2\" content=\"1 \u043c\u0438\u043d\u0443\u0442\u0430\" \/>\n<script type=\"application\/ld+json\" class=\"yoast-schema-graph\">{\"@context\":\"https:\\\/\\\/schema.org\",\"@graph\":[{\"@type\":\"Article\",\"@id\":\"https:\\\/\\\/adra.md\\\/asistenta-financiara-si-juridica\\\/#article\",\"isPartOf\":{\"@id\":\"https:\\\/\\\/adra.md\\\/asistenta-financiara-si-juridica\\\/\"},\"author\":{\"name\":\"ADRA Moldova\",\"@id\":\"https:\\\/\\\/adra.md\\\/#\\\/schema\\\/person\\\/b0181e611ee89738cefb7dc2db2bb8d1\"},\"headline\":\"Asisten\u021b\u0103 financiar\u0103 \u0219i juridic\u0103\",\"datePublished\":\"2025-10-10T11:21:05+00:00\",\"mainEntityOfPage\":{\"@id\":\"https:\\\/\\\/adra.md\\\/asistenta-financiara-si-juridica\\\/\"},\"wordCount\":228,\"publisher\":{\"@id\":\"https:\\\/\\\/adra.md\\\/#organization\"},\"image\":{\"@id\":\"https:\\\/\\\/adra.md\\\/asistenta-financiara-si-juridica\\\/#primaryimage\"},\"thumbnailUrl\":\"https:\\\/\\\/adra.md\\\/wp-content\\\/uploads\\\/2025\\\/10\\\/524933238_18005004464795376_6266582988851960737_n.jpg\",\"articleSection\":[\"News\"],\"inLanguage\":\"ru-RU\"},{\"@type\":\"WebPage\",\"@id\":\"https:\\\/\\\/adra.md\\\/asistenta-financiara-si-juridica\\\/\",\"url\":\"https:\\\/\\\/adra.md\\\/asistenta-financiara-si-juridica\\\/\",\"name\":\"Asisten\u021b\u0103 financiar\u0103 \u0219i juridic\u0103 - ADRA Moldova\",\"isPartOf\":{\"@id\":\"https:\\\/\\\/adra.md\\\/#website\"},\"primaryImageOfPage\":{\"@id\":\"https:\\\/\\\/adra.md\\\/asistenta-financiara-si-juridica\\\/#primaryimage\"},\"image\":{\"@id\":\"https:\\\/\\\/adra.md\\\/asistenta-financiara-si-juridica\\\/#primaryimage\"},\"thumbnailUrl\":\"https:\\\/\\\/adra.md\\\/wp-content\\\/uploads\\\/2025\\\/10\\\/524933238_18005004464795376_6266582988851960737_n.jpg\",\"datePublished\":\"2025-10-10T11:21:05+00:00\",\"breadcrumb\":{\"@id\":\"https:\\\/\\\/adra.md\\\/asistenta-financiara-si-juridica\\\/#breadcrumb\"},\"inLanguage\":\"ru-RU\",\"potentialAction\":[{\"@type\":\"ReadAction\",\"target\":[\"https:\\\/\\\/adra.md\\\/asistenta-financiara-si-juridica\\\/\"]}]},{\"@type\":\"ImageObject\",\"inLanguage\":\"ru-RU\",\"@id\":\"https:\\\/\\\/adra.md\\\/asistenta-financiara-si-juridica\\\/#primaryimage\",\"url\":\"https:\\\/\\\/adra.md\\\/wp-content\\\/uploads\\\/2025\\\/10\\\/524933238_18005004464795376_6266582988851960737_n.jpg\",\"contentUrl\":\"https:\\\/\\\/adra.md\\\/wp-content\\\/uploads\\\/2025\\\/10\\\/524933238_18005004464795376_6266582988851960737_n.jpg\",\"width\":960,\"height\":1280},{\"@type\":\"BreadcrumbList\",\"@id\":\"https:\\\/\\\/adra.md\\\/asistenta-financiara-si-juridica\\\/#breadcrumb\",\"itemListElement\":[{\"@type\":\"ListItem\",\"position\":1,\"name\":\"Home\",\"item\":\"https:\\\/\\\/adra.md\\\/\"},{\"@type\":\"ListItem\",\"position\":2,\"name\":\"Asisten\u021b\u0103 financiar\u0103 \u0219i juridic\u0103\"}]},{\"@type\":\"WebSite\",\"@id\":\"https:\\\/\\\/adra.md\\\/#website\",\"url\":\"https:\\\/\\\/adra.md\\\/\",\"name\":\"ADRA Moldova\",\"description\":\"Agen\u0163ia Adventist\u0103 pentru Dezvoltare, Refacere \u015fi Ajutor\",\"publisher\":{\"@id\":\"https:\\\/\\\/adra.md\\\/#organization\"},\"potentialAction\":[{\"@type\":\"SearchAction\",\"target\":{\"@type\":\"EntryPoint\",\"urlTemplate\":\"https:\\\/\\\/adra.md\\\/?s={search_term_string}\"},\"query-input\":{\"@type\":\"PropertyValueSpecification\",\"valueRequired\":true,\"valueName\":\"search_term_string\"}}],\"inLanguage\":\"ru-RU\"},{\"@type\":\"Organization\",\"@id\":\"https:\\\/\\\/adra.md\\\/#organization\",\"name\":\"ADRA Moldova\",\"url\":\"https:\\\/\\\/adra.md\\\/\",\"logo\":{\"@type\":\"ImageObject\",\"inLanguage\":\"ru-RU\",\"@id\":\"https:\\\/\\\/adra.md\\\/#\\\/schema\\\/logo\\\/image\\\/\",\"url\":\"https:\\\/\\\/adra.md\\\/wp-content\\\/uploads\\\/2019\\\/11\\\/group-435.png\",\"contentUrl\":\"https:\\\/\\\/adra.md\\\/wp-content\\\/uploads\\\/2019\\\/11\\\/group-435.png\",\"width\":500,\"height\":133,\"caption\":\"ADRA Moldova\"},\"image\":{\"@id\":\"https:\\\/\\\/adra.md\\\/#\\\/schema\\\/logo\\\/image\\\/\"}},{\"@type\":\"Person\",\"@id\":\"https:\\\/\\\/adra.md\\\/#\\\/schema\\\/person\\\/b0181e611ee89738cefb7dc2db2bb8d1\",\"name\":\"ADRA Moldova\",\"url\":\"https:\\\/\\\/adra.md\\\/ru\\\/author\\\/andrei-girleanu\\\/\"}]}<\/script>\n<!-- \/ Yoast SEO plugin. -->","yoast_head_json":{"title":"Asisten\u021b\u0103 financiar\u0103 \u0219i juridic\u0103 - ADRA Moldova","robots":{"index":"index","follow":"follow","max-snippet":"max-snippet:-1","max-image-preview":"max-image-preview:large","max-video-preview":"max-video-preview:-1"},"canonical":"https:\/\/adra.md\/ru\/asistenta-financiara-si-juridica\/","og_locale":"ru_RU","og_type":"article","og_title":"Asisten\u021b\u0103 financiar\u0103 \u0219i juridic\u0103 - ADRA Moldova","og_description":"Suport financiar \u0219i asisten\u021b\u0103 juridic\u0103 pentru refugia\u021bii din Ucraina, locuitori pe malul st\u00e2ng al Nistrului Refugia\u021bii din Ucraina, stabili\u021bi pe malul st\u00e2ng al Nistrului, continu\u0103 s\u0103 beneficieze de sprijin constant prin intermediul proiectelor implementate de ADRA Moldova, cu sus\u021binerea Uniunii Europene \u0219i Organiza\u021biei Interna\u021bionale pentru Migra\u021bie (IOM Moldova). Zilnic, \u00een oficiile ADRA din Tiraspol \u0219i [&hellip;]","og_url":"https:\/\/adra.md\/ru\/asistenta-financiara-si-juridica\/","og_site_name":"ADRA Moldova","article_published_time":"2025-10-10T11:21:05+00:00","og_image":[{"width":960,"height":1280,"url":"https:\/\/adra.md\/wp-content\/uploads\/2025\/10\/524933238_18005004464795376_6266582988851960737_n.jpg","type":"image\/jpeg"}],"author":"ADRA Moldova","twitter_card":"summary_large_image","twitter_misc":{"\u041d\u0430\u043f\u0438\u0441\u0430\u043d\u043e \u0430\u0432\u0442\u043e\u0440\u043e\u043c":"ADRA Moldova","\u041f\u0440\u0438\u043c\u0435\u0440\u043d\u043e\u0435 \u0432\u0440\u0435\u043c\u044f \u0434\u043b\u044f \u0447\u0442\u0435\u043d\u0438\u044f":"1 \u043c\u0438\u043d\u0443\u0442\u0430"},"schema":{"@context":"https:\/\/schema.org","@graph":[{"@type":"Article","@id":"https:\/\/adra.md\/asistenta-financiara-si-juridica\/#article","isPartOf":{"@id":"https:\/\/adra.md\/asistenta-financiara-si-juridica\/"},"author":{"name":"ADRA Moldova","@id":"https:\/\/adra.md\/#\/schema\/person\/b0181e611ee89738cefb7dc2db2bb8d1"},"headline":"Asisten\u021b\u0103 financiar\u0103 \u0219i juridic\u0103","datePublished":"2025-10-10T11:21:05+00:00","mainEntityOfPage":{"@id":"https:\/\/adra.md\/asistenta-financiara-si-juridica\/"},"wordCount":228,"publisher":{"@id":"https:\/\/adra.md\/#organization"},"image":{"@id":"https:\/\/adra.md\/asistenta-financiara-si-juridica\/#primaryimage"},"thumbnailUrl":"https:\/\/adra.md\/wp-content\/uploads\/2025\/10\/524933238_18005004464795376_6266582988851960737_n.jpg","articleSection":["News"],"inLanguage":"ru-RU"},{"@type":"WebPage","@id":"https:\/\/adra.md\/asistenta-financiara-si-juridica\/","url":"https:\/\/adra.md\/asistenta-financiara-si-juridica\/","name":"Asisten\u021b\u0103 financiar\u0103 \u0219i juridic\u0103 - ADRA Moldova","isPartOf":{"@id":"https:\/\/adra.md\/#website"},"primaryImageOfPage":{"@id":"https:\/\/adra.md\/asistenta-financiara-si-juridica\/#primaryimage"},"image":{"@id":"https:\/\/adra.md\/asistenta-financiara-si-juridica\/#primaryimage"},"thumbnailUrl":"https:\/\/adra.md\/wp-content\/uploads\/2025\/10\/524933238_18005004464795376_6266582988851960737_n.jpg","datePublished":"2025-10-10T11:21:05+00:00","breadcrumb":{"@id":"https:\/\/adra.md\/asistenta-financiara-si-juridica\/#breadcrumb"},"inLanguage":"ru-RU","potentialAction":[{"@type":"ReadAction","target":["https:\/\/adra.md\/asistenta-financiara-si-juridica\/"]}]},{"@type":"ImageObject","inLanguage":"ru-RU","@id":"https:\/\/adra.md\/asistenta-financiara-si-juridica\/#primaryimage","url":"https:\/\/adra.md\/wp-content\/uploads\/2025\/10\/524933238_18005004464795376_6266582988851960737_n.jpg","contentUrl":"https:\/\/adra.md\/wp-content\/uploads\/2025\/10\/524933238_18005004464795376_6266582988851960737_n.jpg","width":960,"height":1280},{"@type":"BreadcrumbList","@id":"https:\/\/adra.md\/asistenta-financiara-si-juridica\/#breadcrumb","itemListElement":[{"@type":"ListItem","position":1,"name":"Home","item":"https:\/\/adra.md\/"},{"@type":"ListItem","position":2,"name":"Asisten\u021b\u0103 financiar\u0103 \u0219i juridic\u0103"}]},{"@type":"WebSite","@id":"https:\/\/adra.md\/#website","url":"https:\/\/adra.md\/","name":"ADRA Moldova","description":"Agen\u0163ia Adventist\u0103 pentru Dezvoltare, Refacere \u015fi Ajutor","publisher":{"@id":"https:\/\/adra.md\/#organization"},"potentialAction":[{"@type":"SearchAction","target":{"@type":"EntryPoint","urlTemplate":"https:\/\/adra.md\/?s={search_term_string}"},"query-input":{"@type":"PropertyValueSpecification","valueRequired":true,"valueName":"search_term_string"}}],"inLanguage":"ru-RU"},{"@type":"Organization","@id":"https:\/\/adra.md\/#organization","name":"ADRA Moldova","url":"https:\/\/adra.md\/","logo":{"@type":"ImageObject","inLanguage":"ru-RU","@id":"https:\/\/adra.md\/#\/schema\/logo\/image\/","url":"https:\/\/adra.md\/wp-content\/uploads\/2019\/11\/group-435.png","contentUrl":"https:\/\/adra.md\/wp-content\/uploads\/2019\/11\/group-435.png","width":500,"height":133,"caption":"ADRA Moldova"},"image":{"@id":"https:\/\/adra.md\/#\/schema\/logo\/image\/"}},{"@type":"Person","@id":"https:\/\/adra.md\/#\/schema\/person\/b0181e611ee89738cefb7dc2db2bb8d1","name":"ADRA Moldova","url":"https:\/\/adra.md\/ru\/author\/andrei-girleanu\/"}]}},"_links":{"self":[{"href":"https:\/\/adra.md\/ru\/wp-json\/wp\/v2\/posts\/22651","targetHints":{"allow":["GET"]}}],"collection":[{"href":"https:\/\/adra.md\/ru\/wp-json\/wp\/v2\/posts"}],"about":[{"href":"https:\/\/adra.md\/ru\/wp-json\/wp\/v2\/types\/post"}],"author":[{"embeddable":true,"href":"https:\/\/adra.md\/ru\/wp-json\/wp\/v2\/users\/9"}],"replies":[{"embeddable":true,"href":"https:\/\/adra.md\/ru\/wp-json\/wp\/v2\/comments?post=22651"}],"version-history":[{"count":1,"href":"https:\/\/adra.md\/ru\/wp-json\/wp\/v2\/posts\/22651\/revisions"}],"predecessor-version":[{"id":22655,"href":"https:\/\/adra.md\/ru\/wp-json\/wp\/v2\/posts\/22651\/revisions\/22655"}],"wp:featuredmedia":[{"embeddable":true,"href":"https:\/\/adra.md\/ru\/wp-json\/wp\/v2\/media\/22654"}],"wp:attachment":[{"href":"https:\/\/adra.md\/ru\/wp-json\/wp\/v2\/media?parent=22651"}],"wp:term":[{"taxonomy":"category","embeddable":true,"href":"https:\/\/adra.md\/ru\/wp-json\/wp\/v2\/categories?post=22651"},{"taxonomy":"post_tag","embeddable":true,"href":"https:\/\/adra.md\/ru\/wp-json\/wp\/v2\/tags?post=22651"}],"curies":[{"name":"wp","href":"https:\/\/api.w.org\/{rel}","templated":true}]}}