{"id":22656,"date":"2025-10-10T11:26:15","date_gmt":"2025-10-10T11:26:15","guid":{"rendered":"https:\/\/adra.md\/?p=22656"},"modified":"2025-10-10T11:26:15","modified_gmt":"2025-10-10T11:26:15","slug":"culoare-si-bucurie","status":"publish","type":"post","link":"https:\/\/adra.md\/ru\/culoare-si-bucurie\/","title":{"rendered":"Culoare \u0219i bucurie"},"content":{"rendered":"<h3><span class=\"s1\">Activit\u0103\u021bi creative care aduc culoare \u0219i bucurie \u00een Centrul ADRA din Chi\u0219in\u0103u<\/span><\/h3>\n<p class=\"p3\"><span class=\"s2\">Ai pictat vreodat\u0103 un tablou pe numere?<\/span><\/p>\n<p class=\"p3\"><span class=\"s2\">Dac\u0103 nu, acum ai ocazia perfect\u0103 s\u0103 \u00eencerci aceast\u0103 experien\u021b\u0103 relaxant\u0103 \u0219i plin\u0103 de satisfac\u021bie!<\/span><\/p>\n<p class=\"p3\"><span class=\"s2\">\u00cen <\/span><span class=\"s3\">Centrul ADRA din Chi\u0219in\u0103u<\/span><span class=\"s2\">, situat pe <\/span><span class=\"s3\">strada Ion Neculce 59<\/span><span class=\"s2\">, se desf\u0103\u0219oar\u0103 zilnic activit\u0103\u021bi creative dedicate refugia\u021bilor din Ucraina \u0219i comunit\u0103\u021bii locale. Una dintre cele mai \u00eendr\u0103gite activit\u0103\u021bi este <\/span><span class=\"s3\">pictura pe numere<\/span><span class=\"s2\"> \u2013 o form\u0103 simpl\u0103 \u0219i pl\u0103cut\u0103 de art-terapie, care combin\u0103 relaxarea, creativitatea \u0219i comunicarea.<\/span><\/p>\n<p class=\"p3\"><span class=\"s2\">Participan\u021bii pot veni <\/span><span class=\"s3\">de duminic\u0103 p\u00e2n\u0103 joi<\/span><span class=\"s2\">, pentru a petrece timp de calitate \u00eentr-un mediu prietenos \u0219i lini\u0219tit. Aici, fiecare \u00ee\u0219i poate <\/span><span class=\"s3\">descoperi latura artistic\u0103<\/span><span class=\"s2\">, poate <\/span><span class=\"s3\">\u00eenv\u0103\u021ba lucruri noi<\/span><span class=\"s2\"> \u0219i, cel mai important, \u00ee\u0219i poate <\/span><span class=\"s3\">face prieteni noi<\/span><span class=\"s2\">. Atmosfera cald\u0103 \u0219i deschis\u0103 din centru \u00eei \u00eencurajeaz\u0103 pe to\u021bi s\u0103 se exprime liber, s\u0103 se relaxeze \u0219i s\u0103 redescopere bucuria de a crea.<\/span><\/p>\n<p class=\"p3\"><span class=\"s2\">Aceste activit\u0103\u021bi nu au doar un rol recreativ, ci \u0219i unul <\/span><span class=\"s3\">emo\u021bional \u0219i terapeutic<\/span><span class=\"s2\">. Prin art\u0103, participan\u021bii reu\u0219esc s\u0103 se elibereze de stres, s\u0103-\u0219i recapete \u00eencrederea \u00een sine \u0219i s\u0103-\u0219i exprime tr\u0103irile interioare \u00eentr-un mod pozitiv.<\/span><\/p>\n<p class=\"p3\"><span class=\"s2\">Centrul ADRA din Chi\u0219in\u0103u r\u0103m\u00e2ne un spa\u021biu deschis tuturor celor care doresc s\u0103 se implice, s\u0103 comunice \u0219i s\u0103-\u0219i petreac\u0103 timpul \u00eentr-un mod constructiv, \u00eentr-o comunitate bazat\u0103 pe <\/span><span class=\"s3\">compasiune, respect \u0219i solidaritate<\/span><span class=\"s2\">.<\/span><\/p>\n<p class=\"p3\"><span class=\"s2\">\ud83c\udfa8 <\/span><span class=\"s3\">Activit\u0103\u021bile sunt realizate cu sprijinul @czech_aid<\/span><\/p>\n<p class=\"p3\"><span class=\"s2\">\ud83e\udd1d <\/span><span class=\"s3\">Implementate de ADRA Moldova<\/span><\/p>\n<p class=\"p3\"><span class=\"s2\">#adra #adramoldova #paint #refugees #czechaid #summer #activities #humanitarian #justice #compassion #love<\/span><\/p>\n<p>&nbsp;<\/p>\n<p><img fetchpriority=\"high\" decoding=\"async\" class=\"alignnone  wp-image-22657\" src=\"https:\/\/adra.md\/wp-content\/uploads\/2025\/10\/527463904_18005958935795376_109685003903769192_n-768x1024.jpg\" alt=\"\" width=\"218\" height=\"291\" srcset=\"https:\/\/adra.md\/wp-content\/uploads\/2025\/10\/527463904_18005958935795376_109685003903769192_n-768x1024.jpg 768w, https:\/\/adra.md\/wp-content\/uploads\/2025\/10\/527463904_18005958935795376_109685003903769192_n-225x300.jpg 225w, https:\/\/adra.md\/wp-content\/uploads\/2025\/10\/527463904_18005958935795376_109685003903769192_n-1152x1536.jpg 1152w, https:\/\/adra.md\/wp-content\/uploads\/2025\/10\/527463904_18005958935795376_109685003903769192_n-9x12.jpg 9w, https:\/\/adra.md\/wp-content\/uploads\/2025\/10\/527463904_18005958935795376_109685003903769192_n.jpg 1440w\" sizes=\"(max-width: 218px) 100vw, 218px\" \/> <img decoding=\"async\" class=\"alignnone  wp-image-22658\" src=\"https:\/\/adra.md\/wp-content\/uploads\/2025\/10\/527574347_18005958926795376_7039056456481886758_n-768x1024.jpg\" alt=\"\" width=\"218\" height=\"291\" srcset=\"https:\/\/adra.md\/wp-content\/uploads\/2025\/10\/527574347_18005958926795376_7039056456481886758_n-768x1024.jpg 768w, https:\/\/adra.md\/wp-content\/uploads\/2025\/10\/527574347_18005958926795376_7039056456481886758_n-225x300.jpg 225w, https:\/\/adra.md\/wp-content\/uploads\/2025\/10\/527574347_18005958926795376_7039056456481886758_n-1152x1536.jpg 1152w, https:\/\/adra.md\/wp-content\/uploads\/2025\/10\/527574347_18005958926795376_7039056456481886758_n-9x12.jpg 9w, https:\/\/adra.md\/wp-content\/uploads\/2025\/10\/527574347_18005958926795376_7039056456481886758_n.jpg 1440w\" sizes=\"(max-width: 218px) 100vw, 218px\" \/> <img decoding=\"async\" class=\"alignnone  wp-image-22659\" src=\"https:\/\/adra.md\/wp-content\/uploads\/2025\/10\/527605136_18005958905795376_2275403840361749845_n-768x1024.jpg\" alt=\"\" width=\"220\" height=\"293\" srcset=\"https:\/\/adra.md\/wp-content\/uploads\/2025\/10\/527605136_18005958905795376_2275403840361749845_n-768x1024.jpg 768w, https:\/\/adra.md\/wp-content\/uploads\/2025\/10\/527605136_18005958905795376_2275403840361749845_n-225x300.jpg 225w, https:\/\/adra.md\/wp-content\/uploads\/2025\/10\/527605136_18005958905795376_2275403840361749845_n-1152x1536.jpg 1152w, https:\/\/adra.md\/wp-content\/uploads\/2025\/10\/527605136_18005958905795376_2275403840361749845_n-9x12.jpg 9w, https:\/\/adra.md\/wp-content\/uploads\/2025\/10\/527605136_18005958905795376_2275403840361749845_n.jpg 1440w\" sizes=\"(max-width: 220px) 100vw, 220px\" \/> <img loading=\"lazy\" decoding=\"async\" class=\"alignnone  wp-image-22660\" src=\"https:\/\/adra.md\/wp-content\/uploads\/2025\/10\/528364527_18005958914795376_2869807498430373667_n-768x1024.jpg\" alt=\"\" width=\"221\" height=\"294\" srcset=\"https:\/\/adra.md\/wp-content\/uploads\/2025\/10\/528364527_18005958914795376_2869807498430373667_n-768x1024.jpg 768w, https:\/\/adra.md\/wp-content\/uploads\/2025\/10\/528364527_18005958914795376_2869807498430373667_n-225x300.jpg 225w, https:\/\/adra.md\/wp-content\/uploads\/2025\/10\/528364527_18005958914795376_2869807498430373667_n-1152x1536.jpg 1152w, https:\/\/adra.md\/wp-content\/uploads\/2025\/10\/528364527_18005958914795376_2869807498430373667_n-9x12.jpg 9w, https:\/\/adra.md\/wp-content\/uploads\/2025\/10\/528364527_18005958914795376_2869807498430373667_n.jpg 1440w\" sizes=\"(max-width: 221px) 100vw, 221px\" \/><\/p>\n<p><img loading=\"lazy\" decoding=\"async\" class=\"alignnone  wp-image-22661\" src=\"https:\/\/adra.md\/wp-content\/uploads\/2025\/10\/528681268_18005958893795376_7987540776810421808_n-768x1024.jpg\" alt=\"\" width=\"217\" height=\"290\" srcset=\"https:\/\/adra.md\/wp-content\/uploads\/2025\/10\/528681268_18005958893795376_7987540776810421808_n-768x1024.jpg 768w, https:\/\/adra.md\/wp-content\/uploads\/2025\/10\/528681268_18005958893795376_7987540776810421808_n-225x300.jpg 225w, https:\/\/adra.md\/wp-content\/uploads\/2025\/10\/528681268_18005958893795376_7987540776810421808_n-1152x1536.jpg 1152w, https:\/\/adra.md\/wp-content\/uploads\/2025\/10\/528681268_18005958893795376_7987540776810421808_n-9x12.jpg 9w, https:\/\/adra.md\/wp-content\/uploads\/2025\/10\/528681268_18005958893795376_7987540776810421808_n.jpg 1440w\" sizes=\"(max-width: 217px) 100vw, 217px\" \/><\/p>","protected":false},"excerpt":{"rendered":"<p>Activit\u0103\u021bi creative care aduc culoare \u0219i bucurie \u00een Centrul ADRA din Chi\u0219in\u0103u Ai pictat vreodat\u0103 un tablou pe numere? Dac\u0103 nu, acum ai ocazia perfect\u0103 s\u0103 \u00eencerci aceast\u0103 experien\u021b\u0103 relaxant\u0103 \u0219i plin\u0103 de satisfac\u021bie! \u00cen Centrul ADRA din Chi\u0219in\u0103u, situat pe strada Ion Neculce 59, se desf\u0103\u0219oar\u0103 zilnic activit\u0103\u021bi creative dedicate refugia\u021bilor din Ucraina \u0219i [&hellip;]<\/p>\n","protected":false},"author":9,"featured_media":22662,"comment_status":"closed","ping_status":"closed","sticky":false,"template":"","format":"standard","meta":{"_acf_changed":false,"footnotes":""},"categories":[294],"tags":[],"class_list":["post-22656","post","type-post","status-publish","format-standard","has-post-thumbnail","hentry","category-news"],"acf":[],"yoast_head":"<!-- This site is optimized with the Yoast SEO plugin v27.4 - https:\/\/yoast.com\/product\/yoast-seo-wordpress\/ -->\n<title>Culoare \u0219i bucurie - ADRA Moldova<\/title>\n<meta name=\"robots\" content=\"index, follow, max-snippet:-1, max-image-preview:large, max-video-preview:-1\" \/>\n<link rel=\"canonical\" href=\"https:\/\/adra.md\/ru\/culoare-si-bucurie\/\" \/>\n<meta property=\"og:locale\" content=\"ru_RU\" \/>\n<meta property=\"og:type\" content=\"article\" \/>\n<meta property=\"og:title\" content=\"Culoare \u0219i bucurie - ADRA Moldova\" \/>\n<meta property=\"og:description\" content=\"Activit\u0103\u021bi creative care aduc culoare \u0219i bucurie \u00een Centrul ADRA din Chi\u0219in\u0103u Ai pictat vreodat\u0103 un tablou pe numere? Dac\u0103 nu, acum ai ocazia perfect\u0103 s\u0103 \u00eencerci aceast\u0103 experien\u021b\u0103 relaxant\u0103 \u0219i plin\u0103 de satisfac\u021bie! \u00cen Centrul ADRA din Chi\u0219in\u0103u, situat pe strada Ion Neculce 59, se desf\u0103\u0219oar\u0103 zilnic activit\u0103\u021bi creative dedicate refugia\u021bilor din Ucraina \u0219i [&hellip;]\" \/>\n<meta property=\"og:url\" content=\"https:\/\/adra.md\/ru\/culoare-si-bucurie\/\" \/>\n<meta property=\"og:site_name\" content=\"ADRA Moldova\" \/>\n<meta property=\"article:published_time\" content=\"2025-10-10T11:26:15+00:00\" \/>\n<meta property=\"og:image\" content=\"https:\/\/adra.md\/wp-content\/uploads\/2025\/10\/528364527_18005958914795376_2869807498430373667_n-1.jpg\" \/>\n\t<meta property=\"og:image:width\" content=\"1440\" \/>\n\t<meta property=\"og:image:height\" content=\"1920\" \/>\n\t<meta property=\"og:image:type\" content=\"image\/jpeg\" \/>\n<meta name=\"author\" content=\"ADRA Moldova\" \/>\n<meta name=\"twitter:card\" content=\"summary_large_image\" \/>\n<meta name=\"twitter:label1\" content=\"\u041d\u0430\u043f\u0438\u0441\u0430\u043d\u043e \u0430\u0432\u0442\u043e\u0440\u043e\u043c\" \/>\n\t<meta name=\"twitter:data1\" content=\"ADRA Moldova\" \/>\n\t<meta name=\"twitter:label2\" content=\"\u041f\u0440\u0438\u043c\u0435\u0440\u043d\u043e\u0435 \u0432\u0440\u0435\u043c\u044f \u0434\u043b\u044f \u0447\u0442\u0435\u043d\u0438\u044f\" \/>\n\t<meta name=\"twitter:data2\" content=\"1 \u043c\u0438\u043d\u0443\u0442\u0430\" \/>\n<script type=\"application\/ld+json\" class=\"yoast-schema-graph\">{\"@context\":\"https:\\\/\\\/schema.org\",\"@graph\":[{\"@type\":\"Article\",\"@id\":\"https:\\\/\\\/adra.md\\\/culoare-si-bucurie\\\/#article\",\"isPartOf\":{\"@id\":\"https:\\\/\\\/adra.md\\\/culoare-si-bucurie\\\/\"},\"author\":{\"name\":\"ADRA Moldova\",\"@id\":\"https:\\\/\\\/adra.md\\\/#\\\/schema\\\/person\\\/b0181e611ee89738cefb7dc2db2bb8d1\"},\"headline\":\"Culoare \u0219i bucurie\",\"datePublished\":\"2025-10-10T11:26:15+00:00\",\"mainEntityOfPage\":{\"@id\":\"https:\\\/\\\/adra.md\\\/culoare-si-bucurie\\\/\"},\"wordCount\":270,\"publisher\":{\"@id\":\"https:\\\/\\\/adra.md\\\/#organization\"},\"image\":{\"@id\":\"https:\\\/\\\/adra.md\\\/culoare-si-bucurie\\\/#primaryimage\"},\"thumbnailUrl\":\"https:\\\/\\\/adra.md\\\/wp-content\\\/uploads\\\/2025\\\/10\\\/528364527_18005958914795376_2869807498430373667_n-1.jpg\",\"articleSection\":[\"News\"],\"inLanguage\":\"ru-RU\"},{\"@type\":\"WebPage\",\"@id\":\"https:\\\/\\\/adra.md\\\/culoare-si-bucurie\\\/\",\"url\":\"https:\\\/\\\/adra.md\\\/culoare-si-bucurie\\\/\",\"name\":\"Culoare \u0219i bucurie - ADRA Moldova\",\"isPartOf\":{\"@id\":\"https:\\\/\\\/adra.md\\\/#website\"},\"primaryImageOfPage\":{\"@id\":\"https:\\\/\\\/adra.md\\\/culoare-si-bucurie\\\/#primaryimage\"},\"image\":{\"@id\":\"https:\\\/\\\/adra.md\\\/culoare-si-bucurie\\\/#primaryimage\"},\"thumbnailUrl\":\"https:\\\/\\\/adra.md\\\/wp-content\\\/uploads\\\/2025\\\/10\\\/528364527_18005958914795376_2869807498430373667_n-1.jpg\",\"datePublished\":\"2025-10-10T11:26:15+00:00\",\"breadcrumb\":{\"@id\":\"https:\\\/\\\/adra.md\\\/culoare-si-bucurie\\\/#breadcrumb\"},\"inLanguage\":\"ru-RU\",\"potentialAction\":[{\"@type\":\"ReadAction\",\"target\":[\"https:\\\/\\\/adra.md\\\/culoare-si-bucurie\\\/\"]}]},{\"@type\":\"ImageObject\",\"inLanguage\":\"ru-RU\",\"@id\":\"https:\\\/\\\/adra.md\\\/culoare-si-bucurie\\\/#primaryimage\",\"url\":\"https:\\\/\\\/adra.md\\\/wp-content\\\/uploads\\\/2025\\\/10\\\/528364527_18005958914795376_2869807498430373667_n-1.jpg\",\"contentUrl\":\"https:\\\/\\\/adra.md\\\/wp-content\\\/uploads\\\/2025\\\/10\\\/528364527_18005958914795376_2869807498430373667_n-1.jpg\",\"width\":1440,\"height\":1920},{\"@type\":\"BreadcrumbList\",\"@id\":\"https:\\\/\\\/adra.md\\\/culoare-si-bucurie\\\/#breadcrumb\",\"itemListElement\":[{\"@type\":\"ListItem\",\"position\":1,\"name\":\"Home\",\"item\":\"https:\\\/\\\/adra.md\\\/\"},{\"@type\":\"ListItem\",\"position\":2,\"name\":\"Culoare \u0219i bucurie\"}]},{\"@type\":\"WebSite\",\"@id\":\"https:\\\/\\\/adra.md\\\/#website\",\"url\":\"https:\\\/\\\/adra.md\\\/\",\"name\":\"ADRA Moldova\",\"description\":\"Agen\u0163ia Adventist\u0103 pentru Dezvoltare, Refacere \u015fi Ajutor\",\"publisher\":{\"@id\":\"https:\\\/\\\/adra.md\\\/#organization\"},\"potentialAction\":[{\"@type\":\"SearchAction\",\"target\":{\"@type\":\"EntryPoint\",\"urlTemplate\":\"https:\\\/\\\/adra.md\\\/?s={search_term_string}\"},\"query-input\":{\"@type\":\"PropertyValueSpecification\",\"valueRequired\":true,\"valueName\":\"search_term_string\"}}],\"inLanguage\":\"ru-RU\"},{\"@type\":\"Organization\",\"@id\":\"https:\\\/\\\/adra.md\\\/#organization\",\"name\":\"ADRA Moldova\",\"url\":\"https:\\\/\\\/adra.md\\\/\",\"logo\":{\"@type\":\"ImageObject\",\"inLanguage\":\"ru-RU\",\"@id\":\"https:\\\/\\\/adra.md\\\/#\\\/schema\\\/logo\\\/image\\\/\",\"url\":\"https:\\\/\\\/adra.md\\\/wp-content\\\/uploads\\\/2019\\\/11\\\/group-435.png\",\"contentUrl\":\"https:\\\/\\\/adra.md\\\/wp-content\\\/uploads\\\/2019\\\/11\\\/group-435.png\",\"width\":500,\"height\":133,\"caption\":\"ADRA Moldova\"},\"image\":{\"@id\":\"https:\\\/\\\/adra.md\\\/#\\\/schema\\\/logo\\\/image\\\/\"}},{\"@type\":\"Person\",\"@id\":\"https:\\\/\\\/adra.md\\\/#\\\/schema\\\/person\\\/b0181e611ee89738cefb7dc2db2bb8d1\",\"name\":\"ADRA Moldova\",\"url\":\"https:\\\/\\\/adra.md\\\/ru\\\/author\\\/andrei-girleanu\\\/\"}]}<\/script>\n<!-- \/ Yoast SEO plugin. -->","yoast_head_json":{"title":"Culoare \u0219i bucurie - ADRA Moldova","robots":{"index":"index","follow":"follow","max-snippet":"max-snippet:-1","max-image-preview":"max-image-preview:large","max-video-preview":"max-video-preview:-1"},"canonical":"https:\/\/adra.md\/ru\/culoare-si-bucurie\/","og_locale":"ru_RU","og_type":"article","og_title":"Culoare \u0219i bucurie - ADRA Moldova","og_description":"Activit\u0103\u021bi creative care aduc culoare \u0219i bucurie \u00een Centrul ADRA din Chi\u0219in\u0103u Ai pictat vreodat\u0103 un tablou pe numere? Dac\u0103 nu, acum ai ocazia perfect\u0103 s\u0103 \u00eencerci aceast\u0103 experien\u021b\u0103 relaxant\u0103 \u0219i plin\u0103 de satisfac\u021bie! \u00cen Centrul ADRA din Chi\u0219in\u0103u, situat pe strada Ion Neculce 59, se desf\u0103\u0219oar\u0103 zilnic activit\u0103\u021bi creative dedicate refugia\u021bilor din Ucraina \u0219i [&hellip;]","og_url":"https:\/\/adra.md\/ru\/culoare-si-bucurie\/","og_site_name":"ADRA Moldova","article_published_time":"2025-10-10T11:26:15+00:00","og_image":[{"width":1440,"height":1920,"url":"https:\/\/adra.md\/wp-content\/uploads\/2025\/10\/528364527_18005958914795376_2869807498430373667_n-1.jpg","type":"image\/jpeg"}],"author":"ADRA Moldova","twitter_card":"summary_large_image","twitter_misc":{"\u041d\u0430\u043f\u0438\u0441\u0430\u043d\u043e \u0430\u0432\u0442\u043e\u0440\u043e\u043c":"ADRA Moldova","\u041f\u0440\u0438\u043c\u0435\u0440\u043d\u043e\u0435 \u0432\u0440\u0435\u043c\u044f \u0434\u043b\u044f \u0447\u0442\u0435\u043d\u0438\u044f":"1 \u043c\u0438\u043d\u0443\u0442\u0430"},"schema":{"@context":"https:\/\/schema.org","@graph":[{"@type":"Article","@id":"https:\/\/adra.md\/culoare-si-bucurie\/#article","isPartOf":{"@id":"https:\/\/adra.md\/culoare-si-bucurie\/"},"author":{"name":"ADRA Moldova","@id":"https:\/\/adra.md\/#\/schema\/person\/b0181e611ee89738cefb7dc2db2bb8d1"},"headline":"Culoare \u0219i bucurie","datePublished":"2025-10-10T11:26:15+00:00","mainEntityOfPage":{"@id":"https:\/\/adra.md\/culoare-si-bucurie\/"},"wordCount":270,"publisher":{"@id":"https:\/\/adra.md\/#organization"},"image":{"@id":"https:\/\/adra.md\/culoare-si-bucurie\/#primaryimage"},"thumbnailUrl":"https:\/\/adra.md\/wp-content\/uploads\/2025\/10\/528364527_18005958914795376_2869807498430373667_n-1.jpg","articleSection":["News"],"inLanguage":"ru-RU"},{"@type":"WebPage","@id":"https:\/\/adra.md\/culoare-si-bucurie\/","url":"https:\/\/adra.md\/culoare-si-bucurie\/","name":"Culoare \u0219i bucurie - ADRA Moldova","isPartOf":{"@id":"https:\/\/adra.md\/#website"},"primaryImageOfPage":{"@id":"https:\/\/adra.md\/culoare-si-bucurie\/#primaryimage"},"image":{"@id":"https:\/\/adra.md\/culoare-si-bucurie\/#primaryimage"},"thumbnailUrl":"https:\/\/adra.md\/wp-content\/uploads\/2025\/10\/528364527_18005958914795376_2869807498430373667_n-1.jpg","datePublished":"2025-10-10T11:26:15+00:00","breadcrumb":{"@id":"https:\/\/adra.md\/culoare-si-bucurie\/#breadcrumb"},"inLanguage":"ru-RU","potentialAction":[{"@type":"ReadAction","target":["https:\/\/adra.md\/culoare-si-bucurie\/"]}]},{"@type":"ImageObject","inLanguage":"ru-RU","@id":"https:\/\/adra.md\/culoare-si-bucurie\/#primaryimage","url":"https:\/\/adra.md\/wp-content\/uploads\/2025\/10\/528364527_18005958914795376_2869807498430373667_n-1.jpg","contentUrl":"https:\/\/adra.md\/wp-content\/uploads\/2025\/10\/528364527_18005958914795376_2869807498430373667_n-1.jpg","width":1440,"height":1920},{"@type":"BreadcrumbList","@id":"https:\/\/adra.md\/culoare-si-bucurie\/#breadcrumb","itemListElement":[{"@type":"ListItem","position":1,"name":"Home","item":"https:\/\/adra.md\/"},{"@type":"ListItem","position":2,"name":"Culoare \u0219i bucurie"}]},{"@type":"WebSite","@id":"https:\/\/adra.md\/#website","url":"https:\/\/adra.md\/","name":"ADRA Moldova","description":"Agen\u0163ia Adventist\u0103 pentru Dezvoltare, Refacere \u015fi Ajutor","publisher":{"@id":"https:\/\/adra.md\/#organization"},"potentialAction":[{"@type":"SearchAction","target":{"@type":"EntryPoint","urlTemplate":"https:\/\/adra.md\/?s={search_term_string}"},"query-input":{"@type":"PropertyValueSpecification","valueRequired":true,"valueName":"search_term_string"}}],"inLanguage":"ru-RU"},{"@type":"Organization","@id":"https:\/\/adra.md\/#organization","name":"ADRA Moldova","url":"https:\/\/adra.md\/","logo":{"@type":"ImageObject","inLanguage":"ru-RU","@id":"https:\/\/adra.md\/#\/schema\/logo\/image\/","url":"https:\/\/adra.md\/wp-content\/uploads\/2019\/11\/group-435.png","contentUrl":"https:\/\/adra.md\/wp-content\/uploads\/2019\/11\/group-435.png","width":500,"height":133,"caption":"ADRA Moldova"},"image":{"@id":"https:\/\/adra.md\/#\/schema\/logo\/image\/"}},{"@type":"Person","@id":"https:\/\/adra.md\/#\/schema\/person\/b0181e611ee89738cefb7dc2db2bb8d1","name":"ADRA Moldova","url":"https:\/\/adra.md\/ru\/author\/andrei-girleanu\/"}]}},"_links":{"self":[{"href":"https:\/\/adra.md\/ru\/wp-json\/wp\/v2\/posts\/22656","targetHints":{"allow":["GET"]}}],"collection":[{"href":"https:\/\/adra.md\/ru\/wp-json\/wp\/v2\/posts"}],"about":[{"href":"https:\/\/adra.md\/ru\/wp-json\/wp\/v2\/types\/post"}],"author":[{"embeddable":true,"href":"https:\/\/adra.md\/ru\/wp-json\/wp\/v2\/users\/9"}],"replies":[{"embeddable":true,"href":"https:\/\/adra.md\/ru\/wp-json\/wp\/v2\/comments?post=22656"}],"version-history":[{"count":1,"href":"https:\/\/adra.md\/ru\/wp-json\/wp\/v2\/posts\/22656\/revisions"}],"predecessor-version":[{"id":22663,"href":"https:\/\/adra.md\/ru\/wp-json\/wp\/v2\/posts\/22656\/revisions\/22663"}],"wp:featuredmedia":[{"embeddable":true,"href":"https:\/\/adra.md\/ru\/wp-json\/wp\/v2\/media\/22662"}],"wp:attachment":[{"href":"https:\/\/adra.md\/ru\/wp-json\/wp\/v2\/media?parent=22656"}],"wp:term":[{"taxonomy":"category","embeddable":true,"href":"https:\/\/adra.md\/ru\/wp-json\/wp\/v2\/categories?post=22656"},{"taxonomy":"post_tag","embeddable":true,"href":"https:\/\/adra.md\/ru\/wp-json\/wp\/v2\/tags?post=22656"}],"curies":[{"name":"wp","href":"https:\/\/api.w.org\/{rel}","templated":true}]}}