{"id":22667,"date":"2025-10-10T11:29:57","date_gmt":"2025-10-10T11:29:57","guid":{"rendered":"https:\/\/adra.md\/?p=22667"},"modified":"2025-10-10T11:29:57","modified_gmt":"2025-10-10T11:29:57","slug":"am-schimbat-locatia","status":"publish","type":"post","link":"https:\/\/adra.md\/ru\/am-schimbat-locatia\/","title":{"rendered":"Am schimbat loca\u021bia!"},"content":{"rendered":"<div class=\"xdj266r x14z9mp xat24cr x1lziwak x1vvkbs x126k92a\">\n<div dir=\"auto\">V\u0103 anun\u021b\u0103m c\u0103 oficiul din R\u00eebni\u021ba are o nou\u0103 loca\u021bie.<\/div>\n<div dir=\"auto\">Din 1 august toate \u00eenregistr\u0103rile se efectueaz\u0103 pe adresa:<\/div>\n<div dir=\"auto\">Or. R\u00ceBNI\u021aA<\/div>\n<div dir=\"auto\">Str. KIROVA 146 (etajul 1)<\/div>\n<\/div>\n<div class=\"x14z9mp xat24cr x1lziwak x1vvkbs xtlvy1s x126k92a\">\n<div dir=\"auto\">Aici sunt a\u0219tepta\u021bi to\u021bi beneficiarii proiectului de asisten\u021b\u0103 financiar\u0103, sus\u021binut de <span class=\"html-span xdj266r x14z9mp xat24cr x1lziwak xexx8yu xyri2b x18d9i69 x1c1uobl x1hl2dhg x16tdsg8 x1vvkbs\"><a class=\"x1i10hfl xjbqb8w x1ejq31n x18oe1m7 x1sy0etr xstzfhl x972fbf x10w94by x1qhh985 x14e42zd x9f619 x1ypdohk xt0psk2 x3ct3a4 xdj266r x14z9mp xat24cr x1lziwak xexx8yu xyri2b x18d9i69 x1c1uobl x16tdsg8 x1hl2dhg xggy1nq x1a2a7pz xkrqix3 x1sur9pj x1fey0fg x1s688f\" tabindex=\"0\" role=\"link\" href=\"https:\/\/www.facebook.com\/iom.moldova?__cft__[0]=AZVDwRT_MSGr69JlYH71qZnuvoq47MoTtLp3_UIwaiDZY0sACeneMpdr-_fApE6a01FcraTVEHty0esl_g5Tte9v21L5K2j8aHu-YTmHfX2KAG1CvX4otwlAqA_1W4AggE5jtz5Jap0bfj4zRZkCuXQy&amp;__tn__=-]K-R\"><span class=\"xt0psk2\"><span class=\"xjp7ctv\">IOM Moldova<\/span><\/span><\/a><\/span><\/div>\n<\/div>\n<div class=\"x14z9mp xat24cr x1lziwak x1vvkbs xtlvy1s x126k92a\">\n<div dir=\"auto\"><span class=\"html-span xdj266r x14z9mp xat24cr x1lziwak xexx8yu xyri2b x18d9i69 x1c1uobl x1hl2dhg x16tdsg8 x1vvkbs\"><a class=\"x1i10hfl xjbqb8w x1ejq31n x18oe1m7 x1sy0etr xstzfhl x972fbf x10w94by x1qhh985 x14e42zd x9f619 x1ypdohk xt0psk2 x3ct3a4 xdj266r x14z9mp xat24cr x1lziwak xexx8yu xyri2b x18d9i69 x1c1uobl x16tdsg8 x1hl2dhg xggy1nq x1a2a7pz xkrqix3 x1sur9pj x1fey0fg x1s688f\" tabindex=\"0\" role=\"link\" href=\"https:\/\/www.facebook.com\/hashtag\/adra?__cft__[0]=AZVDwRT_MSGr69JlYH71qZnuvoq47MoTtLp3_UIwaiDZY0sACeneMpdr-_fApE6a01FcraTVEHty0esl_g5Tte9v21L5K2j8aHu-YTmHfX2KAG1CvX4otwlAqA_1W4AggE5jtz5Jap0bfj4zRZkCuXQy&amp;__tn__=*NK-R\">#adra<\/a><\/span> <span class=\"html-span xdj266r x14z9mp xat24cr x1lziwak xexx8yu xyri2b x18d9i69 x1c1uobl x1hl2dhg x16tdsg8 x1vvkbs\"><a class=\"x1i10hfl xjbqb8w x1ejq31n x18oe1m7 x1sy0etr xstzfhl x972fbf x10w94by x1qhh985 x14e42zd x9f619 x1ypdohk xt0psk2 x3ct3a4 xdj266r x14z9mp xat24cr x1lziwak xexx8yu xyri2b x18d9i69 x1c1uobl x16tdsg8 x1hl2dhg xggy1nq x1a2a7pz xkrqix3 x1sur9pj x1fey0fg x1s688f\" tabindex=\"0\" role=\"link\" href=\"https:\/\/www.facebook.com\/hashtag\/adramoldova?__cft__[0]=AZVDwRT_MSGr69JlYH71qZnuvoq47MoTtLp3_UIwaiDZY0sACeneMpdr-_fApE6a01FcraTVEHty0esl_g5Tte9v21L5K2j8aHu-YTmHfX2KAG1CvX4otwlAqA_1W4AggE5jtz5Jap0bfj4zRZkCuXQy&amp;__tn__=*NK-R\">#adramoldova<\/a><\/span> <span class=\"html-span xdj266r x14z9mp xat24cr x1lziwak xexx8yu xyri2b x18d9i69 x1c1uobl x1hl2dhg x16tdsg8 x1vvkbs\"><a class=\"x1i10hfl xjbqb8w x1ejq31n x18oe1m7 x1sy0etr xstzfhl x972fbf x10w94by x1qhh985 x14e42zd x9f619 x1ypdohk xt0psk2 x3ct3a4 xdj266r x14z9mp xat24cr x1lziwak xexx8yu xyri2b x18d9i69 x1c1uobl x16tdsg8 x1hl2dhg xggy1nq x1a2a7pz xkrqix3 x1sur9pj x1fey0fg x1s688f\" tabindex=\"0\" role=\"link\" href=\"https:\/\/www.facebook.com\/hashtag\/iom_moldova?__cft__[0]=AZVDwRT_MSGr69JlYH71qZnuvoq47MoTtLp3_UIwaiDZY0sACeneMpdr-_fApE6a01FcraTVEHty0esl_g5Tte9v21L5K2j8aHu-YTmHfX2KAG1CvX4otwlAqA_1W4AggE5jtz5Jap0bfj4zRZkCuXQy&amp;__tn__=*NK-R\">#iom_moldova<\/a><\/span> <span class=\"html-span xdj266r x14z9mp xat24cr x1lziwak xexx8yu xyri2b x18d9i69 x1c1uobl x1hl2dhg x16tdsg8 x1vvkbs\"><a class=\"x1i10hfl xjbqb8w x1ejq31n x18oe1m7 x1sy0etr xstzfhl x972fbf x10w94by x1qhh985 x14e42zd x9f619 x1ypdohk xt0psk2 x3ct3a4 xdj266r x14z9mp xat24cr x1lziwak xexx8yu xyri2b x18d9i69 x1c1uobl x16tdsg8 x1hl2dhg xggy1nq x1a2a7pz xkrqix3 x1sur9pj x1fey0fg x1s688f\" tabindex=\"0\" role=\"link\" href=\"https:\/\/www.facebook.com\/hashtag\/newlocation?__cft__[0]=AZVDwRT_MSGr69JlYH71qZnuvoq47MoTtLp3_UIwaiDZY0sACeneMpdr-_fApE6a01FcraTVEHty0esl_g5Tte9v21L5K2j8aHu-YTmHfX2KAG1CvX4otwlAqA_1W4AggE5jtz5Jap0bfj4zRZkCuXQy&amp;__tn__=*NK-R\">#newlocation<\/a><\/span><\/div>\n<\/div>\n<div dir=\"auto\"><img fetchpriority=\"high\" decoding=\"async\" class=\"alignnone  wp-image-22668\" src=\"https:\/\/adra.md\/wp-content\/uploads\/2025\/10\/532400108_18007029965795376_7378885996043653877_n-768x1024.jpg\" alt=\"\" width=\"457\" height=\"609\" srcset=\"https:\/\/adra.md\/wp-content\/uploads\/2025\/10\/532400108_18007029965795376_7378885996043653877_n-768x1024.jpg 768w, https:\/\/adra.md\/wp-content\/uploads\/2025\/10\/532400108_18007029965795376_7378885996043653877_n-225x300.jpg 225w, https:\/\/adra.md\/wp-content\/uploads\/2025\/10\/532400108_18007029965795376_7378885996043653877_n-1152x1536.jpg 1152w, https:\/\/adra.md\/wp-content\/uploads\/2025\/10\/532400108_18007029965795376_7378885996043653877_n-9x12.jpg 9w, https:\/\/adra.md\/wp-content\/uploads\/2025\/10\/532400108_18007029965795376_7378885996043653877_n.jpg 1440w\" sizes=\"(max-width: 457px) 100vw, 457px\" \/><\/div>\n","protected":false},"excerpt":{"rendered":"<p>V\u0103 anun\u021b\u0103m c\u0103 oficiul din R\u00eebni\u021ba are o nou\u0103 loca\u021bie. Din 1 august toate \u00eenregistr\u0103rile se efectueaz\u0103 pe adresa: Or. R\u00ceBNI\u021aA Str. KIROVA 146 (etajul 1) Aici sunt a\u0219tepta\u021bi to\u021bi beneficiarii proiectului de asisten\u021b\u0103 financiar\u0103, sus\u021binut de IOM Moldova #adra #adramoldova #iom_moldova #newlocation<\/p>","protected":false},"author":9,"featured_media":22668,"comment_status":"closed","ping_status":"closed","sticky":false,"template":"","format":"standard","meta":{"_acf_changed":false,"footnotes":""},"categories":[294],"tags":[],"class_list":["post-22667","post","type-post","status-publish","format-standard","has-post-thumbnail","hentry","category-news"],"acf":[],"yoast_head":"<!-- This site is optimized with the Yoast SEO plugin v27.4 - https:\/\/yoast.com\/product\/yoast-seo-wordpress\/ -->\n<title>Am schimbat loca\u021bia! - ADRA Moldova<\/title>\n<meta name=\"robots\" content=\"index, follow, max-snippet:-1, max-image-preview:large, max-video-preview:-1\" \/>\n<link rel=\"canonical\" href=\"https:\/\/adra.md\/ru\/am-schimbat-locatia\/\" \/>\n<meta property=\"og:locale\" content=\"ru_RU\" \/>\n<meta property=\"og:type\" content=\"article\" \/>\n<meta property=\"og:title\" content=\"Am schimbat loca\u021bia! - ADRA Moldova\" \/>\n<meta property=\"og:description\" content=\"V\u0103 anun\u021b\u0103m c\u0103 oficiul din R\u00eebni\u021ba are o nou\u0103 loca\u021bie. Din 1 august toate \u00eenregistr\u0103rile se efectueaz\u0103 pe adresa: Or. R\u00ceBNI\u021aA Str. KIROVA 146 (etajul 1) Aici sunt a\u0219tepta\u021bi to\u021bi beneficiarii proiectului de asisten\u021b\u0103 financiar\u0103, sus\u021binut de IOM Moldova #adra #adramoldova #iom_moldova #newlocation\" \/>\n<meta property=\"og:url\" content=\"https:\/\/adra.md\/ru\/am-schimbat-locatia\/\" \/>\n<meta property=\"og:site_name\" content=\"ADRA Moldova\" \/>\n<meta property=\"article:published_time\" content=\"2025-10-10T11:29:57+00:00\" \/>\n<meta property=\"og:image\" content=\"https:\/\/adra.md\/wp-content\/uploads\/2025\/10\/532400108_18007029965795376_7378885996043653877_n.jpg\" \/>\n\t<meta property=\"og:image:width\" content=\"1440\" \/>\n\t<meta property=\"og:image:height\" content=\"1920\" \/>\n\t<meta property=\"og:image:type\" content=\"image\/jpeg\" \/>\n<meta name=\"author\" content=\"ADRA Moldova\" \/>\n<meta name=\"twitter:card\" content=\"summary_large_image\" \/>\n<meta name=\"twitter:label1\" content=\"\u041d\u0430\u043f\u0438\u0441\u0430\u043d\u043e \u0430\u0432\u0442\u043e\u0440\u043e\u043c\" \/>\n\t<meta name=\"twitter:data1\" content=\"ADRA Moldova\" \/>\n<script type=\"application\/ld+json\" class=\"yoast-schema-graph\">{\"@context\":\"https:\\\/\\\/schema.org\",\"@graph\":[{\"@type\":\"Article\",\"@id\":\"https:\\\/\\\/adra.md\\\/am-schimbat-locatia\\\/#article\",\"isPartOf\":{\"@id\":\"https:\\\/\\\/adra.md\\\/am-schimbat-locatia\\\/\"},\"author\":{\"name\":\"ADRA Moldova\",\"@id\":\"https:\\\/\\\/adra.md\\\/#\\\/schema\\\/person\\\/b0181e611ee89738cefb7dc2db2bb8d1\"},\"headline\":\"Am schimbat loca\u021bia!\",\"datePublished\":\"2025-10-10T11:29:57+00:00\",\"mainEntityOfPage\":{\"@id\":\"https:\\\/\\\/adra.md\\\/am-schimbat-locatia\\\/\"},\"wordCount\":56,\"publisher\":{\"@id\":\"https:\\\/\\\/adra.md\\\/#organization\"},\"image\":{\"@id\":\"https:\\\/\\\/adra.md\\\/am-schimbat-locatia\\\/#primaryimage\"},\"thumbnailUrl\":\"https:\\\/\\\/adra.md\\\/wp-content\\\/uploads\\\/2025\\\/10\\\/532400108_18007029965795376_7378885996043653877_n.jpg\",\"articleSection\":[\"News\"],\"inLanguage\":\"ru-RU\"},{\"@type\":\"WebPage\",\"@id\":\"https:\\\/\\\/adra.md\\\/am-schimbat-locatia\\\/\",\"url\":\"https:\\\/\\\/adra.md\\\/am-schimbat-locatia\\\/\",\"name\":\"Am schimbat loca\u021bia! - ADRA Moldova\",\"isPartOf\":{\"@id\":\"https:\\\/\\\/adra.md\\\/#website\"},\"primaryImageOfPage\":{\"@id\":\"https:\\\/\\\/adra.md\\\/am-schimbat-locatia\\\/#primaryimage\"},\"image\":{\"@id\":\"https:\\\/\\\/adra.md\\\/am-schimbat-locatia\\\/#primaryimage\"},\"thumbnailUrl\":\"https:\\\/\\\/adra.md\\\/wp-content\\\/uploads\\\/2025\\\/10\\\/532400108_18007029965795376_7378885996043653877_n.jpg\",\"datePublished\":\"2025-10-10T11:29:57+00:00\",\"breadcrumb\":{\"@id\":\"https:\\\/\\\/adra.md\\\/am-schimbat-locatia\\\/#breadcrumb\"},\"inLanguage\":\"ru-RU\",\"potentialAction\":[{\"@type\":\"ReadAction\",\"target\":[\"https:\\\/\\\/adra.md\\\/am-schimbat-locatia\\\/\"]}]},{\"@type\":\"ImageObject\",\"inLanguage\":\"ru-RU\",\"@id\":\"https:\\\/\\\/adra.md\\\/am-schimbat-locatia\\\/#primaryimage\",\"url\":\"https:\\\/\\\/adra.md\\\/wp-content\\\/uploads\\\/2025\\\/10\\\/532400108_18007029965795376_7378885996043653877_n.jpg\",\"contentUrl\":\"https:\\\/\\\/adra.md\\\/wp-content\\\/uploads\\\/2025\\\/10\\\/532400108_18007029965795376_7378885996043653877_n.jpg\",\"width\":1440,\"height\":1920},{\"@type\":\"BreadcrumbList\",\"@id\":\"https:\\\/\\\/adra.md\\\/am-schimbat-locatia\\\/#breadcrumb\",\"itemListElement\":[{\"@type\":\"ListItem\",\"position\":1,\"name\":\"Home\",\"item\":\"https:\\\/\\\/adra.md\\\/\"},{\"@type\":\"ListItem\",\"position\":2,\"name\":\"Am schimbat loca\u021bia!\"}]},{\"@type\":\"WebSite\",\"@id\":\"https:\\\/\\\/adra.md\\\/#website\",\"url\":\"https:\\\/\\\/adra.md\\\/\",\"name\":\"ADRA Moldova\",\"description\":\"Agen\u0163ia Adventist\u0103 pentru Dezvoltare, Refacere \u015fi Ajutor\",\"publisher\":{\"@id\":\"https:\\\/\\\/adra.md\\\/#organization\"},\"potentialAction\":[{\"@type\":\"SearchAction\",\"target\":{\"@type\":\"EntryPoint\",\"urlTemplate\":\"https:\\\/\\\/adra.md\\\/?s={search_term_string}\"},\"query-input\":{\"@type\":\"PropertyValueSpecification\",\"valueRequired\":true,\"valueName\":\"search_term_string\"}}],\"inLanguage\":\"ru-RU\"},{\"@type\":\"Organization\",\"@id\":\"https:\\\/\\\/adra.md\\\/#organization\",\"name\":\"ADRA Moldova\",\"url\":\"https:\\\/\\\/adra.md\\\/\",\"logo\":{\"@type\":\"ImageObject\",\"inLanguage\":\"ru-RU\",\"@id\":\"https:\\\/\\\/adra.md\\\/#\\\/schema\\\/logo\\\/image\\\/\",\"url\":\"https:\\\/\\\/adra.md\\\/wp-content\\\/uploads\\\/2019\\\/11\\\/group-435.png\",\"contentUrl\":\"https:\\\/\\\/adra.md\\\/wp-content\\\/uploads\\\/2019\\\/11\\\/group-435.png\",\"width\":500,\"height\":133,\"caption\":\"ADRA Moldova\"},\"image\":{\"@id\":\"https:\\\/\\\/adra.md\\\/#\\\/schema\\\/logo\\\/image\\\/\"}},{\"@type\":\"Person\",\"@id\":\"https:\\\/\\\/adra.md\\\/#\\\/schema\\\/person\\\/b0181e611ee89738cefb7dc2db2bb8d1\",\"name\":\"ADRA Moldova\",\"url\":\"https:\\\/\\\/adra.md\\\/ru\\\/author\\\/andrei-girleanu\\\/\"}]}<\/script>\n<!-- \/ Yoast SEO plugin. -->","yoast_head_json":{"title":"Am schimbat loca\u021bia! - ADRA Moldova","robots":{"index":"index","follow":"follow","max-snippet":"max-snippet:-1","max-image-preview":"max-image-preview:large","max-video-preview":"max-video-preview:-1"},"canonical":"https:\/\/adra.md\/ru\/am-schimbat-locatia\/","og_locale":"ru_RU","og_type":"article","og_title":"Am schimbat loca\u021bia! - ADRA Moldova","og_description":"V\u0103 anun\u021b\u0103m c\u0103 oficiul din R\u00eebni\u021ba are o nou\u0103 loca\u021bie. Din 1 august toate \u00eenregistr\u0103rile se efectueaz\u0103 pe adresa: Or. R\u00ceBNI\u021aA Str. KIROVA 146 (etajul 1) Aici sunt a\u0219tepta\u021bi to\u021bi beneficiarii proiectului de asisten\u021b\u0103 financiar\u0103, sus\u021binut de IOM Moldova #adra #adramoldova #iom_moldova #newlocation","og_url":"https:\/\/adra.md\/ru\/am-schimbat-locatia\/","og_site_name":"ADRA Moldova","article_published_time":"2025-10-10T11:29:57+00:00","og_image":[{"width":1440,"height":1920,"url":"https:\/\/adra.md\/wp-content\/uploads\/2025\/10\/532400108_18007029965795376_7378885996043653877_n.jpg","type":"image\/jpeg"}],"author":"ADRA Moldova","twitter_card":"summary_large_image","twitter_misc":{"\u041d\u0430\u043f\u0438\u0441\u0430\u043d\u043e \u0430\u0432\u0442\u043e\u0440\u043e\u043c":"ADRA Moldova"},"schema":{"@context":"https:\/\/schema.org","@graph":[{"@type":"Article","@id":"https:\/\/adra.md\/am-schimbat-locatia\/#article","isPartOf":{"@id":"https:\/\/adra.md\/am-schimbat-locatia\/"},"author":{"name":"ADRA Moldova","@id":"https:\/\/adra.md\/#\/schema\/person\/b0181e611ee89738cefb7dc2db2bb8d1"},"headline":"Am schimbat loca\u021bia!","datePublished":"2025-10-10T11:29:57+00:00","mainEntityOfPage":{"@id":"https:\/\/adra.md\/am-schimbat-locatia\/"},"wordCount":56,"publisher":{"@id":"https:\/\/adra.md\/#organization"},"image":{"@id":"https:\/\/adra.md\/am-schimbat-locatia\/#primaryimage"},"thumbnailUrl":"https:\/\/adra.md\/wp-content\/uploads\/2025\/10\/532400108_18007029965795376_7378885996043653877_n.jpg","articleSection":["News"],"inLanguage":"ru-RU"},{"@type":"WebPage","@id":"https:\/\/adra.md\/am-schimbat-locatia\/","url":"https:\/\/adra.md\/am-schimbat-locatia\/","name":"Am schimbat loca\u021bia! - ADRA Moldova","isPartOf":{"@id":"https:\/\/adra.md\/#website"},"primaryImageOfPage":{"@id":"https:\/\/adra.md\/am-schimbat-locatia\/#primaryimage"},"image":{"@id":"https:\/\/adra.md\/am-schimbat-locatia\/#primaryimage"},"thumbnailUrl":"https:\/\/adra.md\/wp-content\/uploads\/2025\/10\/532400108_18007029965795376_7378885996043653877_n.jpg","datePublished":"2025-10-10T11:29:57+00:00","breadcrumb":{"@id":"https:\/\/adra.md\/am-schimbat-locatia\/#breadcrumb"},"inLanguage":"ru-RU","potentialAction":[{"@type":"ReadAction","target":["https:\/\/adra.md\/am-schimbat-locatia\/"]}]},{"@type":"ImageObject","inLanguage":"ru-RU","@id":"https:\/\/adra.md\/am-schimbat-locatia\/#primaryimage","url":"https:\/\/adra.md\/wp-content\/uploads\/2025\/10\/532400108_18007029965795376_7378885996043653877_n.jpg","contentUrl":"https:\/\/adra.md\/wp-content\/uploads\/2025\/10\/532400108_18007029965795376_7378885996043653877_n.jpg","width":1440,"height":1920},{"@type":"BreadcrumbList","@id":"https:\/\/adra.md\/am-schimbat-locatia\/#breadcrumb","itemListElement":[{"@type":"ListItem","position":1,"name":"Home","item":"https:\/\/adra.md\/"},{"@type":"ListItem","position":2,"name":"Am schimbat loca\u021bia!"}]},{"@type":"WebSite","@id":"https:\/\/adra.md\/#website","url":"https:\/\/adra.md\/","name":"ADRA Moldova","description":"Agen\u0163ia Adventist\u0103 pentru Dezvoltare, Refacere \u015fi Ajutor","publisher":{"@id":"https:\/\/adra.md\/#organization"},"potentialAction":[{"@type":"SearchAction","target":{"@type":"EntryPoint","urlTemplate":"https:\/\/adra.md\/?s={search_term_string}"},"query-input":{"@type":"PropertyValueSpecification","valueRequired":true,"valueName":"search_term_string"}}],"inLanguage":"ru-RU"},{"@type":"Organization","@id":"https:\/\/adra.md\/#organization","name":"ADRA Moldova","url":"https:\/\/adra.md\/","logo":{"@type":"ImageObject","inLanguage":"ru-RU","@id":"https:\/\/adra.md\/#\/schema\/logo\/image\/","url":"https:\/\/adra.md\/wp-content\/uploads\/2019\/11\/group-435.png","contentUrl":"https:\/\/adra.md\/wp-content\/uploads\/2019\/11\/group-435.png","width":500,"height":133,"caption":"ADRA Moldova"},"image":{"@id":"https:\/\/adra.md\/#\/schema\/logo\/image\/"}},{"@type":"Person","@id":"https:\/\/adra.md\/#\/schema\/person\/b0181e611ee89738cefb7dc2db2bb8d1","name":"ADRA Moldova","url":"https:\/\/adra.md\/ru\/author\/andrei-girleanu\/"}]}},"_links":{"self":[{"href":"https:\/\/adra.md\/ru\/wp-json\/wp\/v2\/posts\/22667","targetHints":{"allow":["GET"]}}],"collection":[{"href":"https:\/\/adra.md\/ru\/wp-json\/wp\/v2\/posts"}],"about":[{"href":"https:\/\/adra.md\/ru\/wp-json\/wp\/v2\/types\/post"}],"author":[{"embeddable":true,"href":"https:\/\/adra.md\/ru\/wp-json\/wp\/v2\/users\/9"}],"replies":[{"embeddable":true,"href":"https:\/\/adra.md\/ru\/wp-json\/wp\/v2\/comments?post=22667"}],"version-history":[{"count":1,"href":"https:\/\/adra.md\/ru\/wp-json\/wp\/v2\/posts\/22667\/revisions"}],"predecessor-version":[{"id":22669,"href":"https:\/\/adra.md\/ru\/wp-json\/wp\/v2\/posts\/22667\/revisions\/22669"}],"wp:featuredmedia":[{"embeddable":true,"href":"https:\/\/adra.md\/ru\/wp-json\/wp\/v2\/media\/22668"}],"wp:attachment":[{"href":"https:\/\/adra.md\/ru\/wp-json\/wp\/v2\/media?parent=22667"}],"wp:term":[{"taxonomy":"category","embeddable":true,"href":"https:\/\/adra.md\/ru\/wp-json\/wp\/v2\/categories?post=22667"},{"taxonomy":"post_tag","embeddable":true,"href":"https:\/\/adra.md\/ru\/wp-json\/wp\/v2\/tags?post=22667"}],"curies":[{"name":"wp","href":"https:\/\/api.w.org\/{rel}","templated":true}]}}