{"id":22675,"date":"2025-10-10T11:37:01","date_gmt":"2025-10-10T11:37:01","guid":{"rendered":"https:\/\/adra.md\/?p=22675"},"modified":"2025-10-10T11:37:01","modified_gmt":"2025-10-10T11:37:01","slug":"sprijin-pentru-familiile-vulnerabile-din-stanga-nistrului","status":"publish","type":"post","link":"https:\/\/adra.md\/ru\/sprijin-pentru-familiile-vulnerabile-din-stanga-nistrului\/","title":{"rendered":"Sprijin pentru familiile vulnerabile din st\u00e2nga Nistrului"},"content":{"rendered":"<div class=\"xdj266r x14z9mp xat24cr x1lziwak x1vvkbs x126k92a\">\n<div dir=\"auto\">Sprijin pentru familiile vulnerabile din st\u00e2nga Nistrului<\/div>\n<\/div>\n<div class=\"x14z9mp xat24cr x1lziwak x1vvkbs xtlvy1s x126k92a\">\n<div dir=\"auto\">\u00cen perioada 18\u201322 august 2025, \u00een oficiile ADRA din Tiraspol \u0219i R\u00eebni\u021ba au fost \u00eenregistrate 79 de familii, care vor beneficia, timp de 6 luni, de ajutor pentru achitarea chiriei.<\/div>\n<\/div>\n<div class=\"x14z9mp xat24cr x1lziwak x1vvkbs xtlvy1s x126k92a\">\n<div dir=\"auto\">Proiectul este sus\u021binut de c\u0103tre Organiza\u021bia Interna\u021bional\u0103 pentru Migra\u021bie (IOM) \u0219i implementat prin ADRA Moldova. Familiile au fost selectate cu grij\u0103, pe baza unor criterii de vulnerabilitate clar stabilite \u0219i transparente, dintre un num\u0103r mult mai mare de solicitan\u021bi.<\/div>\n<\/div>\n<div class=\"x14z9mp xat24cr x1lziwak x1vvkbs xtlvy1s x126k92a\">\n<div dir=\"auto\">Prin acest sprijin, oferim nu doar siguran\u021ba unui acoperi\u0219 deasupra capului, ci \u0219i \u00eencrederea c\u0103 \u00eempreun\u0103 putem construi o via\u021b\u0103 mai stabil\u0103 \u0219i mai demn\u0103 pentru cei afla\u021bi \u00een nevoie.<\/div>\n<\/div>\n<div class=\"x14z9mp xat24cr x1lziwak x1vvkbs xtlvy1s x126k92a\">\n<div dir=\"auto\"><span class=\"html-span xexx8yu xyri2b x18d9i69 x1c1uobl x1hl2dhg x16tdsg8 x1vvkbs x3nfvp2 x1j61x8r x1fcty0u xdj266r xat24cr xm2jcoa x1mpyi22 xxymvpz xlup9mm x1kky2od\"><img decoding=\"async\" class=\"xz74otr x15mokao x1ga7v0g x16uus16 xbiv7yw\" src=\"https:\/\/static.xx.fbcdn.net\/images\/emoji.php\/v9\/t1f\/2\/16\/1f64f.png\" alt=\"\ud83d\ude4f\" width=\"16\" height=\"16\" \/><\/span> Mul\u021bumim partenerilor \u0219i sus\u021bin\u0103torilor care fac posibil\u0103 aceast\u0103 lucrare! <span class=\"html-span xdj266r x14z9mp xat24cr x1lziwak xexx8yu xyri2b x18d9i69 x1c1uobl x1hl2dhg x16tdsg8 x1vvkbs\"><a class=\"x1i10hfl xjbqb8w x1ejq31n x18oe1m7 x1sy0etr xstzfhl x972fbf x10w94by x1qhh985 x14e42zd x9f619 x1ypdohk xt0psk2 x3ct3a4 xdj266r x14z9mp xat24cr x1lziwak xexx8yu xyri2b x18d9i69 x1c1uobl x16tdsg8 x1hl2dhg xggy1nq x1a2a7pz xkrqix3 x1sur9pj x1fey0fg x1s688f\" tabindex=\"0\" role=\"link\" href=\"https:\/\/www.facebook.com\/iom.moldova?__cft__[0]=AZUBmM5Nl_ZyNOjRTvuYn-m4g08TGyIbTXRRyfCRytm-SFU4XqXXqcQuALxRwKeH2Euexz5x9crRG5Wvl1v9VSO483pxqREp0rs9YDIZDuI84NzgG6Soi3J8Q7ZGE_UDRWsqjrXEza_8mAkzZcitscT8_DBx3WmnmiNWqqfa7uIZM_urdqZ9qCOZl1HoNVkH7JA&amp;__tn__=-]K-R\"><span class=\"xt0psk2\"><span class=\"xjp7ctv\">IOM Moldova<\/span><\/span><\/a><\/span><\/div>\n<\/div>\n<div dir=\"auto\"><img fetchpriority=\"high\" decoding=\"async\" class=\"alignnone  wp-image-22679\" src=\"https:\/\/adra.md\/wp-content\/uploads\/2025\/10\/539122799_18008112371795376_6949193969026005063_n-1-768x1024.jpg\" alt=\"\" width=\"282\" height=\"376\" srcset=\"https:\/\/adra.md\/wp-content\/uploads\/2025\/10\/539122799_18008112371795376_6949193969026005063_n-1-768x1024.jpg 768w, https:\/\/adra.md\/wp-content\/uploads\/2025\/10\/539122799_18008112371795376_6949193969026005063_n-1-225x300.jpg 225w, https:\/\/adra.md\/wp-content\/uploads\/2025\/10\/539122799_18008112371795376_6949193969026005063_n-1-1152x1536.jpg 1152w, https:\/\/adra.md\/wp-content\/uploads\/2025\/10\/539122799_18008112371795376_6949193969026005063_n-1-9x12.jpg 9w, https:\/\/adra.md\/wp-content\/uploads\/2025\/10\/539122799_18008112371795376_6949193969026005063_n-1.jpg 1440w\" sizes=\"(max-width: 282px) 100vw, 282px\" \/> <img decoding=\"async\" class=\"alignnone  wp-image-22680\" src=\"https:\/\/adra.md\/wp-content\/uploads\/2025\/10\/539251645_18008112350795376_61582639142293999_n-1-768x1024.jpg\" alt=\"\" width=\"280\" height=\"374\" srcset=\"https:\/\/adra.md\/wp-content\/uploads\/2025\/10\/539251645_18008112350795376_61582639142293999_n-1-768x1024.jpg 768w, https:\/\/adra.md\/wp-content\/uploads\/2025\/10\/539251645_18008112350795376_61582639142293999_n-1-225x300.jpg 225w, https:\/\/adra.md\/wp-content\/uploads\/2025\/10\/539251645_18008112350795376_61582639142293999_n-1-1152x1536.jpg 1152w, https:\/\/adra.md\/wp-content\/uploads\/2025\/10\/539251645_18008112350795376_61582639142293999_n-1-9x12.jpg 9w, https:\/\/adra.md\/wp-content\/uploads\/2025\/10\/539251645_18008112350795376_61582639142293999_n-1.jpg 1440w\" sizes=\"(max-width: 280px) 100vw, 280px\" \/> <img loading=\"lazy\" decoding=\"async\" class=\"alignnone  wp-image-22681\" src=\"https:\/\/adra.md\/wp-content\/uploads\/2025\/10\/539671875_18008112362795376_7778874068461449017_n-1-768x1024.jpg\" alt=\"\" width=\"279\" height=\"372\" srcset=\"https:\/\/adra.md\/wp-content\/uploads\/2025\/10\/539671875_18008112362795376_7778874068461449017_n-1-768x1024.jpg 768w, https:\/\/adra.md\/wp-content\/uploads\/2025\/10\/539671875_18008112362795376_7778874068461449017_n-1-225x300.jpg 225w, https:\/\/adra.md\/wp-content\/uploads\/2025\/10\/539671875_18008112362795376_7778874068461449017_n-1-1152x1536.jpg 1152w, https:\/\/adra.md\/wp-content\/uploads\/2025\/10\/539671875_18008112362795376_7778874068461449017_n-1-9x12.jpg 9w, https:\/\/adra.md\/wp-content\/uploads\/2025\/10\/539671875_18008112362795376_7778874068461449017_n-1.jpg 1440w\" sizes=\"(max-width: 279px) 100vw, 279px\" \/><\/div>\n","protected":false},"excerpt":{"rendered":"<p>Sprijin pentru familiile vulnerabile din st\u00e2nga Nistrului \u00cen perioada 18\u201322 august 2025, \u00een oficiile ADRA din Tiraspol \u0219i R\u00eebni\u021ba au fost \u00eenregistrate 79 de familii, care vor beneficia, timp de 6 luni, de ajutor pentru achitarea chiriei. Proiectul este sus\u021binut de c\u0103tre Organiza\u021bia Interna\u021bional\u0103 pentru Migra\u021bie (IOM) \u0219i implementat prin ADRA Moldova. Familiile au fost [&hellip;]<\/p>\n","protected":false},"author":9,"featured_media":22678,"comment_status":"closed","ping_status":"closed","sticky":false,"template":"","format":"standard","meta":{"_acf_changed":false,"footnotes":""},"categories":[294],"tags":[],"class_list":["post-22675","post","type-post","status-publish","format-standard","has-post-thumbnail","hentry","category-news"],"acf":[],"yoast_head":"<!-- This site is optimized with the Yoast SEO plugin v27.4 - https:\/\/yoast.com\/product\/yoast-seo-wordpress\/ -->\n<title>Sprijin pentru familiile vulnerabile din st\u00e2nga Nistrului - ADRA Moldova<\/title>\n<meta name=\"robots\" content=\"index, follow, max-snippet:-1, max-image-preview:large, max-video-preview:-1\" \/>\n<link rel=\"canonical\" href=\"https:\/\/adra.md\/ru\/sprijin-pentru-familiile-vulnerabile-din-stanga-nistrului\/\" \/>\n<meta property=\"og:locale\" content=\"ru_RU\" \/>\n<meta property=\"og:type\" content=\"article\" \/>\n<meta property=\"og:title\" content=\"Sprijin pentru familiile vulnerabile din st\u00e2nga Nistrului - ADRA Moldova\" \/>\n<meta property=\"og:description\" content=\"Sprijin pentru familiile vulnerabile din st\u00e2nga Nistrului \u00cen perioada 18\u201322 august 2025, \u00een oficiile ADRA din Tiraspol \u0219i R\u00eebni\u021ba au fost \u00eenregistrate 79 de familii, care vor beneficia, timp de 6 luni, de ajutor pentru achitarea chiriei. Proiectul este sus\u021binut de c\u0103tre Organiza\u021bia Interna\u021bional\u0103 pentru Migra\u021bie (IOM) \u0219i implementat prin ADRA Moldova. Familiile au fost [&hellip;]\" \/>\n<meta property=\"og:url\" content=\"https:\/\/adra.md\/ru\/sprijin-pentru-familiile-vulnerabile-din-stanga-nistrului\/\" \/>\n<meta property=\"og:site_name\" content=\"ADRA Moldova\" \/>\n<meta property=\"article:published_time\" content=\"2025-10-10T11:37:01+00:00\" \/>\n<meta property=\"og:image\" content=\"https:\/\/adra.md\/wp-content\/uploads\/2025\/10\/539671875_18008112362795376_7778874068461449017_n.jpg\" \/>\n\t<meta property=\"og:image:width\" content=\"1440\" \/>\n\t<meta property=\"og:image:height\" content=\"1920\" \/>\n\t<meta property=\"og:image:type\" content=\"image\/jpeg\" \/>\n<meta name=\"author\" content=\"ADRA Moldova\" \/>\n<meta name=\"twitter:card\" content=\"summary_large_image\" \/>\n<meta name=\"twitter:label1\" content=\"\u041d\u0430\u043f\u0438\u0441\u0430\u043d\u043e \u0430\u0432\u0442\u043e\u0440\u043e\u043c\" \/>\n\t<meta name=\"twitter:data1\" content=\"ADRA Moldova\" \/>\n\t<meta name=\"twitter:label2\" content=\"\u041f\u0440\u0438\u043c\u0435\u0440\u043d\u043e\u0435 \u0432\u0440\u0435\u043c\u044f \u0434\u043b\u044f \u0447\u0442\u0435\u043d\u0438\u044f\" \/>\n\t<meta name=\"twitter:data2\" content=\"1 \u043c\u0438\u043d\u0443\u0442\u0430\" \/>\n<script type=\"application\/ld+json\" class=\"yoast-schema-graph\">{\"@context\":\"https:\\\/\\\/schema.org\",\"@graph\":[{\"@type\":\"Article\",\"@id\":\"https:\\\/\\\/adra.md\\\/sprijin-pentru-familiile-vulnerabile-din-stanga-nistrului\\\/#article\",\"isPartOf\":{\"@id\":\"https:\\\/\\\/adra.md\\\/sprijin-pentru-familiile-vulnerabile-din-stanga-nistrului\\\/\"},\"author\":{\"name\":\"ADRA Moldova\",\"@id\":\"https:\\\/\\\/adra.md\\\/#\\\/schema\\\/person\\\/b0181e611ee89738cefb7dc2db2bb8d1\"},\"headline\":\"Sprijin pentru familiile vulnerabile din st\u00e2nga Nistrului\",\"datePublished\":\"2025-10-10T11:37:01+00:00\",\"mainEntityOfPage\":{\"@id\":\"https:\\\/\\\/adra.md\\\/sprijin-pentru-familiile-vulnerabile-din-stanga-nistrului\\\/\"},\"wordCount\":136,\"publisher\":{\"@id\":\"https:\\\/\\\/adra.md\\\/#organization\"},\"image\":{\"@id\":\"https:\\\/\\\/adra.md\\\/sprijin-pentru-familiile-vulnerabile-din-stanga-nistrului\\\/#primaryimage\"},\"thumbnailUrl\":\"https:\\\/\\\/adra.md\\\/wp-content\\\/uploads\\\/2025\\\/10\\\/539671875_18008112362795376_7778874068461449017_n.jpg\",\"articleSection\":[\"News\"],\"inLanguage\":\"ru-RU\"},{\"@type\":\"WebPage\",\"@id\":\"https:\\\/\\\/adra.md\\\/sprijin-pentru-familiile-vulnerabile-din-stanga-nistrului\\\/\",\"url\":\"https:\\\/\\\/adra.md\\\/sprijin-pentru-familiile-vulnerabile-din-stanga-nistrului\\\/\",\"name\":\"Sprijin pentru familiile vulnerabile din st\u00e2nga Nistrului - ADRA Moldova\",\"isPartOf\":{\"@id\":\"https:\\\/\\\/adra.md\\\/#website\"},\"primaryImageOfPage\":{\"@id\":\"https:\\\/\\\/adra.md\\\/sprijin-pentru-familiile-vulnerabile-din-stanga-nistrului\\\/#primaryimage\"},\"image\":{\"@id\":\"https:\\\/\\\/adra.md\\\/sprijin-pentru-familiile-vulnerabile-din-stanga-nistrului\\\/#primaryimage\"},\"thumbnailUrl\":\"https:\\\/\\\/adra.md\\\/wp-content\\\/uploads\\\/2025\\\/10\\\/539671875_18008112362795376_7778874068461449017_n.jpg\",\"datePublished\":\"2025-10-10T11:37:01+00:00\",\"breadcrumb\":{\"@id\":\"https:\\\/\\\/adra.md\\\/sprijin-pentru-familiile-vulnerabile-din-stanga-nistrului\\\/#breadcrumb\"},\"inLanguage\":\"ru-RU\",\"potentialAction\":[{\"@type\":\"ReadAction\",\"target\":[\"https:\\\/\\\/adra.md\\\/sprijin-pentru-familiile-vulnerabile-din-stanga-nistrului\\\/\"]}]},{\"@type\":\"ImageObject\",\"inLanguage\":\"ru-RU\",\"@id\":\"https:\\\/\\\/adra.md\\\/sprijin-pentru-familiile-vulnerabile-din-stanga-nistrului\\\/#primaryimage\",\"url\":\"https:\\\/\\\/adra.md\\\/wp-content\\\/uploads\\\/2025\\\/10\\\/539671875_18008112362795376_7778874068461449017_n.jpg\",\"contentUrl\":\"https:\\\/\\\/adra.md\\\/wp-content\\\/uploads\\\/2025\\\/10\\\/539671875_18008112362795376_7778874068461449017_n.jpg\",\"width\":1440,\"height\":1920},{\"@type\":\"BreadcrumbList\",\"@id\":\"https:\\\/\\\/adra.md\\\/sprijin-pentru-familiile-vulnerabile-din-stanga-nistrului\\\/#breadcrumb\",\"itemListElement\":[{\"@type\":\"ListItem\",\"position\":1,\"name\":\"Home\",\"item\":\"https:\\\/\\\/adra.md\\\/\"},{\"@type\":\"ListItem\",\"position\":2,\"name\":\"Sprijin pentru familiile vulnerabile din st\u00e2nga Nistrului\"}]},{\"@type\":\"WebSite\",\"@id\":\"https:\\\/\\\/adra.md\\\/#website\",\"url\":\"https:\\\/\\\/adra.md\\\/\",\"name\":\"ADRA Moldova\",\"description\":\"Agen\u0163ia Adventist\u0103 pentru Dezvoltare, Refacere \u015fi Ajutor\",\"publisher\":{\"@id\":\"https:\\\/\\\/adra.md\\\/#organization\"},\"potentialAction\":[{\"@type\":\"SearchAction\",\"target\":{\"@type\":\"EntryPoint\",\"urlTemplate\":\"https:\\\/\\\/adra.md\\\/?s={search_term_string}\"},\"query-input\":{\"@type\":\"PropertyValueSpecification\",\"valueRequired\":true,\"valueName\":\"search_term_string\"}}],\"inLanguage\":\"ru-RU\"},{\"@type\":\"Organization\",\"@id\":\"https:\\\/\\\/adra.md\\\/#organization\",\"name\":\"ADRA Moldova\",\"url\":\"https:\\\/\\\/adra.md\\\/\",\"logo\":{\"@type\":\"ImageObject\",\"inLanguage\":\"ru-RU\",\"@id\":\"https:\\\/\\\/adra.md\\\/#\\\/schema\\\/logo\\\/image\\\/\",\"url\":\"https:\\\/\\\/adra.md\\\/wp-content\\\/uploads\\\/2019\\\/11\\\/group-435.png\",\"contentUrl\":\"https:\\\/\\\/adra.md\\\/wp-content\\\/uploads\\\/2019\\\/11\\\/group-435.png\",\"width\":500,\"height\":133,\"caption\":\"ADRA Moldova\"},\"image\":{\"@id\":\"https:\\\/\\\/adra.md\\\/#\\\/schema\\\/logo\\\/image\\\/\"}},{\"@type\":\"Person\",\"@id\":\"https:\\\/\\\/adra.md\\\/#\\\/schema\\\/person\\\/b0181e611ee89738cefb7dc2db2bb8d1\",\"name\":\"ADRA Moldova\",\"url\":\"https:\\\/\\\/adra.md\\\/ru\\\/author\\\/andrei-girleanu\\\/\"}]}<\/script>\n<!-- \/ Yoast SEO plugin. -->","yoast_head_json":{"title":"Sprijin pentru familiile vulnerabile din st\u00e2nga Nistrului - ADRA Moldova","robots":{"index":"index","follow":"follow","max-snippet":"max-snippet:-1","max-image-preview":"max-image-preview:large","max-video-preview":"max-video-preview:-1"},"canonical":"https:\/\/adra.md\/ru\/sprijin-pentru-familiile-vulnerabile-din-stanga-nistrului\/","og_locale":"ru_RU","og_type":"article","og_title":"Sprijin pentru familiile vulnerabile din st\u00e2nga Nistrului - ADRA Moldova","og_description":"Sprijin pentru familiile vulnerabile din st\u00e2nga Nistrului \u00cen perioada 18\u201322 august 2025, \u00een oficiile ADRA din Tiraspol \u0219i R\u00eebni\u021ba au fost \u00eenregistrate 79 de familii, care vor beneficia, timp de 6 luni, de ajutor pentru achitarea chiriei. Proiectul este sus\u021binut de c\u0103tre Organiza\u021bia Interna\u021bional\u0103 pentru Migra\u021bie (IOM) \u0219i implementat prin ADRA Moldova. Familiile au fost [&hellip;]","og_url":"https:\/\/adra.md\/ru\/sprijin-pentru-familiile-vulnerabile-din-stanga-nistrului\/","og_site_name":"ADRA Moldova","article_published_time":"2025-10-10T11:37:01+00:00","og_image":[{"width":1440,"height":1920,"url":"https:\/\/adra.md\/wp-content\/uploads\/2025\/10\/539671875_18008112362795376_7778874068461449017_n.jpg","type":"image\/jpeg"}],"author":"ADRA Moldova","twitter_card":"summary_large_image","twitter_misc":{"\u041d\u0430\u043f\u0438\u0441\u0430\u043d\u043e \u0430\u0432\u0442\u043e\u0440\u043e\u043c":"ADRA Moldova","\u041f\u0440\u0438\u043c\u0435\u0440\u043d\u043e\u0435 \u0432\u0440\u0435\u043c\u044f \u0434\u043b\u044f \u0447\u0442\u0435\u043d\u0438\u044f":"1 \u043c\u0438\u043d\u0443\u0442\u0430"},"schema":{"@context":"https:\/\/schema.org","@graph":[{"@type":"Article","@id":"https:\/\/adra.md\/sprijin-pentru-familiile-vulnerabile-din-stanga-nistrului\/#article","isPartOf":{"@id":"https:\/\/adra.md\/sprijin-pentru-familiile-vulnerabile-din-stanga-nistrului\/"},"author":{"name":"ADRA Moldova","@id":"https:\/\/adra.md\/#\/schema\/person\/b0181e611ee89738cefb7dc2db2bb8d1"},"headline":"Sprijin pentru familiile vulnerabile din st\u00e2nga Nistrului","datePublished":"2025-10-10T11:37:01+00:00","mainEntityOfPage":{"@id":"https:\/\/adra.md\/sprijin-pentru-familiile-vulnerabile-din-stanga-nistrului\/"},"wordCount":136,"publisher":{"@id":"https:\/\/adra.md\/#organization"},"image":{"@id":"https:\/\/adra.md\/sprijin-pentru-familiile-vulnerabile-din-stanga-nistrului\/#primaryimage"},"thumbnailUrl":"https:\/\/adra.md\/wp-content\/uploads\/2025\/10\/539671875_18008112362795376_7778874068461449017_n.jpg","articleSection":["News"],"inLanguage":"ru-RU"},{"@type":"WebPage","@id":"https:\/\/adra.md\/sprijin-pentru-familiile-vulnerabile-din-stanga-nistrului\/","url":"https:\/\/adra.md\/sprijin-pentru-familiile-vulnerabile-din-stanga-nistrului\/","name":"Sprijin pentru familiile vulnerabile din st\u00e2nga Nistrului - ADRA Moldova","isPartOf":{"@id":"https:\/\/adra.md\/#website"},"primaryImageOfPage":{"@id":"https:\/\/adra.md\/sprijin-pentru-familiile-vulnerabile-din-stanga-nistrului\/#primaryimage"},"image":{"@id":"https:\/\/adra.md\/sprijin-pentru-familiile-vulnerabile-din-stanga-nistrului\/#primaryimage"},"thumbnailUrl":"https:\/\/adra.md\/wp-content\/uploads\/2025\/10\/539671875_18008112362795376_7778874068461449017_n.jpg","datePublished":"2025-10-10T11:37:01+00:00","breadcrumb":{"@id":"https:\/\/adra.md\/sprijin-pentru-familiile-vulnerabile-din-stanga-nistrului\/#breadcrumb"},"inLanguage":"ru-RU","potentialAction":[{"@type":"ReadAction","target":["https:\/\/adra.md\/sprijin-pentru-familiile-vulnerabile-din-stanga-nistrului\/"]}]},{"@type":"ImageObject","inLanguage":"ru-RU","@id":"https:\/\/adra.md\/sprijin-pentru-familiile-vulnerabile-din-stanga-nistrului\/#primaryimage","url":"https:\/\/adra.md\/wp-content\/uploads\/2025\/10\/539671875_18008112362795376_7778874068461449017_n.jpg","contentUrl":"https:\/\/adra.md\/wp-content\/uploads\/2025\/10\/539671875_18008112362795376_7778874068461449017_n.jpg","width":1440,"height":1920},{"@type":"BreadcrumbList","@id":"https:\/\/adra.md\/sprijin-pentru-familiile-vulnerabile-din-stanga-nistrului\/#breadcrumb","itemListElement":[{"@type":"ListItem","position":1,"name":"Home","item":"https:\/\/adra.md\/"},{"@type":"ListItem","position":2,"name":"Sprijin pentru familiile vulnerabile din st\u00e2nga Nistrului"}]},{"@type":"WebSite","@id":"https:\/\/adra.md\/#website","url":"https:\/\/adra.md\/","name":"ADRA Moldova","description":"Agen\u0163ia Adventist\u0103 pentru Dezvoltare, Refacere \u015fi Ajutor","publisher":{"@id":"https:\/\/adra.md\/#organization"},"potentialAction":[{"@type":"SearchAction","target":{"@type":"EntryPoint","urlTemplate":"https:\/\/adra.md\/?s={search_term_string}"},"query-input":{"@type":"PropertyValueSpecification","valueRequired":true,"valueName":"search_term_string"}}],"inLanguage":"ru-RU"},{"@type":"Organization","@id":"https:\/\/adra.md\/#organization","name":"ADRA Moldova","url":"https:\/\/adra.md\/","logo":{"@type":"ImageObject","inLanguage":"ru-RU","@id":"https:\/\/adra.md\/#\/schema\/logo\/image\/","url":"https:\/\/adra.md\/wp-content\/uploads\/2019\/11\/group-435.png","contentUrl":"https:\/\/adra.md\/wp-content\/uploads\/2019\/11\/group-435.png","width":500,"height":133,"caption":"ADRA Moldova"},"image":{"@id":"https:\/\/adra.md\/#\/schema\/logo\/image\/"}},{"@type":"Person","@id":"https:\/\/adra.md\/#\/schema\/person\/b0181e611ee89738cefb7dc2db2bb8d1","name":"ADRA Moldova","url":"https:\/\/adra.md\/ru\/author\/andrei-girleanu\/"}]}},"_links":{"self":[{"href":"https:\/\/adra.md\/ru\/wp-json\/wp\/v2\/posts\/22675","targetHints":{"allow":["GET"]}}],"collection":[{"href":"https:\/\/adra.md\/ru\/wp-json\/wp\/v2\/posts"}],"about":[{"href":"https:\/\/adra.md\/ru\/wp-json\/wp\/v2\/types\/post"}],"author":[{"embeddable":true,"href":"https:\/\/adra.md\/ru\/wp-json\/wp\/v2\/users\/9"}],"replies":[{"embeddable":true,"href":"https:\/\/adra.md\/ru\/wp-json\/wp\/v2\/comments?post=22675"}],"version-history":[{"count":1,"href":"https:\/\/adra.md\/ru\/wp-json\/wp\/v2\/posts\/22675\/revisions"}],"predecessor-version":[{"id":22682,"href":"https:\/\/adra.md\/ru\/wp-json\/wp\/v2\/posts\/22675\/revisions\/22682"}],"wp:featuredmedia":[{"embeddable":true,"href":"https:\/\/adra.md\/ru\/wp-json\/wp\/v2\/media\/22678"}],"wp:attachment":[{"href":"https:\/\/adra.md\/ru\/wp-json\/wp\/v2\/media?parent=22675"}],"wp:term":[{"taxonomy":"category","embeddable":true,"href":"https:\/\/adra.md\/ru\/wp-json\/wp\/v2\/categories?post=22675"},{"taxonomy":"post_tag","embeddable":true,"href":"https:\/\/adra.md\/ru\/wp-json\/wp\/v2\/tags?post=22675"}],"curies":[{"name":"wp","href":"https:\/\/api.w.org\/{rel}","templated":true}]}}