{"id":22730,"date":"2025-10-13T09:02:57","date_gmt":"2025-10-13T09:02:57","guid":{"rendered":"https:\/\/adra.md\/?p=22730"},"modified":"2025-10-13T09:02:57","modified_gmt":"2025-10-13T09:02:57","slug":"arta-o-punte-catre-suflet","status":"publish","type":"post","link":"https:\/\/adra.md\/ru\/arta-o-punte-catre-suflet\/","title":{"rendered":"Arta &#8211; o punte c\u0103tre suflet"},"content":{"rendered":"<div class=\"xdj266r x14z9mp xat24cr x1lziwak x1vvkbs x126k92a\">\n<div dir=\"auto\">La Centrul ADRA din Chi\u0219in\u0103u, arta nu este doar o activitate, ci o punte c\u0103tre suflet. <span class=\"html-span xexx8yu xyri2b x18d9i69 x1c1uobl x1hl2dhg x16tdsg8 x1vvkbs x3nfvp2 x1j61x8r x1fcty0u xdj266r xat24cr xm2jcoa x1mpyi22 xxymvpz xlup9mm x1kky2od\"><img decoding=\"async\" class=\"xz74otr x15mokao x1ga7v0g x16uus16 xbiv7yw\" src=\"https:\/\/static.xx.fbcdn.net\/images\/emoji.php\/v9\/t21\/2\/16\/1f3a8.png\" alt=\"\ud83c\udfa8\" width=\"16\" height=\"16\" \/><\/span><\/div>\n<div dir=\"auto\">Prin culoare, creativitate \u0219i crea\u021bie, \u00eenv\u0103\u021b\u0103m s\u0103 ne deschidem inimile, s\u0103 \u00eemp\u0103rt\u0103\u0219im emo\u021bii \u0219i s\u0103 descoperim frumuse\u021bea din noi \u0219i din ceilal\u021bi.<\/div>\n<\/div>\n<div class=\"x14z9mp xat24cr x1lziwak x1vvkbs xtlvy1s x126k92a\">\n<div dir=\"auto\">Aici, fiecare moment artistic devine o oportunitate de a fi mai aproape unii de al\u021bii, de a ne exprima liber \u0219i de a construi \u00eempreun\u0103 un spa\u021biu plin de c\u0103ldur\u0103 \u0219i deschidere. <span class=\"html-span xexx8yu xyri2b x18d9i69 x1c1uobl x1hl2dhg x16tdsg8 x1vvkbs x3nfvp2 x1j61x8r x1fcty0u xdj266r xat24cr xm2jcoa x1mpyi22 xxymvpz xlup9mm x1kky2od\"><img decoding=\"async\" class=\"xz74otr x15mokao x1ga7v0g x16uus16 xbiv7yw\" src=\"https:\/\/static.xx.fbcdn.net\/images\/emoji.php\/v9\/ted\/2\/16\/2764.png\" alt=\"\u2764\ufe0f\" width=\"16\" height=\"16\" \/><\/span><\/div>\n<\/div>\n<div class=\"x14z9mp xat24cr x1lziwak x1vvkbs xtlvy1s x126k92a\">\n<div dir=\"auto\"><span class=\"html-span xdj266r x14z9mp xat24cr x1lziwak xexx8yu xyri2b x18d9i69 x1c1uobl x1hl2dhg x16tdsg8 x1vvkbs\"><a class=\"x1i10hfl xjbqb8w x1ejq31n x18oe1m7 x1sy0etr xstzfhl x972fbf x10w94by x1qhh985 x14e42zd x9f619 x1ypdohk xt0psk2 x3ct3a4 xdj266r x14z9mp xat24cr x1lziwak xexx8yu xyri2b x18d9i69 x1c1uobl x16tdsg8 x1hl2dhg xggy1nq x1a2a7pz xkrqix3 x1sur9pj x1fey0fg x1s688f\" tabindex=\"0\" role=\"link\" href=\"https:\/\/www.facebook.com\/hashtag\/adramoldova?__cft__[0]=AZVbdPYRqleQrpRoY6bcfL8Oo1KouLq9Lw9uq_--xBqfJGofF5WSLVj7OTlah4ot5c9jzwb_pTPVhQs10rcE_OCRUdEuNPJhD-KyvAO10S4TKDmtQdzC3PskRWpaWwuoHEE_3kSeHexnPZWr5QElcGDpYJ8fwSdhUKy7rnnJ1LX_AM427XZmrX3FTp1j6Knxr5I&amp;__tn__=*NK-R\">#ADRAmoldova<\/a><\/span> <span class=\"html-span xdj266r x14z9mp xat24cr x1lziwak xexx8yu xyri2b x18d9i69 x1c1uobl x1hl2dhg x16tdsg8 x1vvkbs\"><a class=\"x1i10hfl xjbqb8w x1ejq31n x18oe1m7 x1sy0etr xstzfhl x972fbf x10w94by x1qhh985 x14e42zd x9f619 x1ypdohk xt0psk2 x3ct3a4 xdj266r x14z9mp xat24cr x1lziwak xexx8yu xyri2b x18d9i69 x1c1uobl x16tdsg8 x1hl2dhg xggy1nq x1a2a7pz xkrqix3 x1sur9pj x1fey0fg x1s688f\" tabindex=\"0\" role=\"link\" href=\"https:\/\/www.facebook.com\/hashtag\/adra?__cft__[0]=AZVbdPYRqleQrpRoY6bcfL8Oo1KouLq9Lw9uq_--xBqfJGofF5WSLVj7OTlah4ot5c9jzwb_pTPVhQs10rcE_OCRUdEuNPJhD-KyvAO10S4TKDmtQdzC3PskRWpaWwuoHEE_3kSeHexnPZWr5QElcGDpYJ8fwSdhUKy7rnnJ1LX_AM427XZmrX3FTp1j6Knxr5I&amp;__tn__=*NK-R\">#adra<\/a><\/span> <span class=\"html-span xdj266r x14z9mp xat24cr x1lziwak xexx8yu xyri2b x18d9i69 x1c1uobl x1hl2dhg x16tdsg8 x1vvkbs\"><a class=\"x1i10hfl xjbqb8w x1ejq31n x18oe1m7 x1sy0etr xstzfhl x972fbf x10w94by x1qhh985 x14e42zd x9f619 x1ypdohk xt0psk2 x3ct3a4 xdj266r x14z9mp xat24cr x1lziwak xexx8yu xyri2b x18d9i69 x1c1uobl x16tdsg8 x1hl2dhg xggy1nq x1a2a7pz xkrqix3 x1sur9pj x1fey0fg x1s688f\" tabindex=\"0\" role=\"link\" href=\"https:\/\/www.facebook.com\/hashtag\/czechaid?__cft__[0]=AZVbdPYRqleQrpRoY6bcfL8Oo1KouLq9Lw9uq_--xBqfJGofF5WSLVj7OTlah4ot5c9jzwb_pTPVhQs10rcE_OCRUdEuNPJhD-KyvAO10S4TKDmtQdzC3PskRWpaWwuoHEE_3kSeHexnPZWr5QElcGDpYJ8fwSdhUKy7rnnJ1LX_AM427XZmrX3FTp1j6Knxr5I&amp;__tn__=*NK-R\">#czechaid<\/a><\/span> <span class=\"html-span xdj266r x14z9mp xat24cr x1lziwak xexx8yu xyri2b x18d9i69 x1c1uobl x1hl2dhg x16tdsg8 x1vvkbs\"><a class=\"x1i10hfl xjbqb8w x1ejq31n x18oe1m7 x1sy0etr xstzfhl x972fbf x10w94by x1qhh985 x14e42zd x9f619 x1ypdohk xt0psk2 x3ct3a4 xdj266r x14z9mp xat24cr x1lziwak xexx8yu xyri2b x18d9i69 x1c1uobl x16tdsg8 x1hl2dhg xggy1nq x1a2a7pz xkrqix3 x1sur9pj x1fey0fg x1s688f\" tabindex=\"0\" role=\"link\" href=\"https:\/\/www.facebook.com\/hashtag\/%C3%AEmpreun%C4%83pentruoameni?__cft__[0]=AZVbdPYRqleQrpRoY6bcfL8Oo1KouLq9Lw9uq_--xBqfJGofF5WSLVj7OTlah4ot5c9jzwb_pTPVhQs10rcE_OCRUdEuNPJhD-KyvAO10S4TKDmtQdzC3PskRWpaWwuoHEE_3kSeHexnPZWr5QElcGDpYJ8fwSdhUKy7rnnJ1LX_AM427XZmrX3FTp1j6Knxr5I&amp;__tn__=*NK-R\">#\u00cempreun\u0103PentruOameni<\/a><\/span><\/div>\n<\/div>\n<div dir=\"auto\"><img fetchpriority=\"high\" decoding=\"async\" class=\"alignnone  wp-image-22731\" src=\"https:\/\/adra.md\/wp-content\/uploads\/2025\/10\/542554251_18009884678795376_339402111581337072_n-768x1024.jpg\" alt=\"\" width=\"240\" height=\"320\" srcset=\"https:\/\/adra.md\/wp-content\/uploads\/2025\/10\/542554251_18009884678795376_339402111581337072_n-768x1024.jpg 768w, https:\/\/adra.md\/wp-content\/uploads\/2025\/10\/542554251_18009884678795376_339402111581337072_n-225x300.jpg 225w, https:\/\/adra.md\/wp-content\/uploads\/2025\/10\/542554251_18009884678795376_339402111581337072_n-1152x1536.jpg 1152w, https:\/\/adra.md\/wp-content\/uploads\/2025\/10\/542554251_18009884678795376_339402111581337072_n-9x12.jpg 9w, https:\/\/adra.md\/wp-content\/uploads\/2025\/10\/542554251_18009884678795376_339402111581337072_n.jpg 1200w\" sizes=\"(max-width: 240px) 100vw, 240px\" \/> <img loading=\"lazy\" decoding=\"async\" class=\"alignnone  wp-image-22732\" src=\"https:\/\/adra.md\/wp-content\/uploads\/2025\/10\/542901394_18009884669795376_2495226680172448165_n-768x1024.jpg\" alt=\"\" width=\"241\" height=\"321\" srcset=\"https:\/\/adra.md\/wp-content\/uploads\/2025\/10\/542901394_18009884669795376_2495226680172448165_n-768x1024.jpg 768w, https:\/\/adra.md\/wp-content\/uploads\/2025\/10\/542901394_18009884669795376_2495226680172448165_n-225x300.jpg 225w, https:\/\/adra.md\/wp-content\/uploads\/2025\/10\/542901394_18009884669795376_2495226680172448165_n-1152x1536.jpg 1152w, https:\/\/adra.md\/wp-content\/uploads\/2025\/10\/542901394_18009884669795376_2495226680172448165_n-9x12.jpg 9w, https:\/\/adra.md\/wp-content\/uploads\/2025\/10\/542901394_18009884669795376_2495226680172448165_n.jpg 1200w\" sizes=\"(max-width: 241px) 100vw, 241px\" \/><\/div>\n<div dir=\"auto\"><\/div>\n<div dir=\"auto\"><img loading=\"lazy\" decoding=\"async\" class=\"alignnone  wp-image-22733\" src=\"https:\/\/adra.md\/wp-content\/uploads\/2025\/10\/544907784_18009884654795376_7987866378138675494_n-768x1024.jpg\" alt=\"\" width=\"240\" height=\"320\" srcset=\"https:\/\/adra.md\/wp-content\/uploads\/2025\/10\/544907784_18009884654795376_7987866378138675494_n-768x1024.jpg 768w, https:\/\/adra.md\/wp-content\/uploads\/2025\/10\/544907784_18009884654795376_7987866378138675494_n-225x300.jpg 225w, https:\/\/adra.md\/wp-content\/uploads\/2025\/10\/544907784_18009884654795376_7987866378138675494_n-1152x1536.jpg 1152w, https:\/\/adra.md\/wp-content\/uploads\/2025\/10\/544907784_18009884654795376_7987866378138675494_n-9x12.jpg 9w, https:\/\/adra.md\/wp-content\/uploads\/2025\/10\/544907784_18009884654795376_7987866378138675494_n.jpg 1200w\" sizes=\"(max-width: 240px) 100vw, 240px\" \/> <img loading=\"lazy\" decoding=\"async\" class=\"alignnone  wp-image-22734\" src=\"https:\/\/adra.md\/wp-content\/uploads\/2025\/10\/544936719_18009884681795376_3062833585509209322_n-772x1024.jpg\" alt=\"\" width=\"241\" height=\"319\" srcset=\"https:\/\/adra.md\/wp-content\/uploads\/2025\/10\/544936719_18009884681795376_3062833585509209322_n-772x1024.jpg 772w, https:\/\/adra.md\/wp-content\/uploads\/2025\/10\/544936719_18009884681795376_3062833585509209322_n-226x300.jpg 226w, https:\/\/adra.md\/wp-content\/uploads\/2025\/10\/544936719_18009884681795376_3062833585509209322_n-768x1019.jpg 768w, https:\/\/adra.md\/wp-content\/uploads\/2025\/10\/544936719_18009884681795376_3062833585509209322_n-1158x1536.jpg 1158w, https:\/\/adra.md\/wp-content\/uploads\/2025\/10\/544936719_18009884681795376_3062833585509209322_n-9x12.jpg 9w, https:\/\/adra.md\/wp-content\/uploads\/2025\/10\/544936719_18009884681795376_3062833585509209322_n.jpg 1200w\" sizes=\"(max-width: 241px) 100vw, 241px\" \/><\/div>\n","protected":false},"excerpt":{"rendered":"<p>La Centrul ADRA din Chi\u0219in\u0103u, arta nu este doar o activitate, ci o punte c\u0103tre suflet. Prin culoare, creativitate \u0219i crea\u021bie, \u00eenv\u0103\u021b\u0103m s\u0103 ne deschidem inimile, s\u0103 \u00eemp\u0103rt\u0103\u0219im emo\u021bii \u0219i s\u0103 descoperim frumuse\u021bea din noi \u0219i din ceilal\u021bi. Aici, fiecare moment artistic devine o oportunitate de a fi mai aproape unii de al\u021bii, de a [&hellip;]<\/p>\n","protected":false},"author":9,"featured_media":22733,"comment_status":"closed","ping_status":"closed","sticky":false,"template":"","format":"standard","meta":{"_acf_changed":false,"footnotes":""},"categories":[294],"tags":[],"class_list":["post-22730","post","type-post","status-publish","format-standard","has-post-thumbnail","hentry","category-news"],"acf":[],"yoast_head":"<!-- This site is optimized with the Yoast SEO plugin v27.4 - https:\/\/yoast.com\/product\/yoast-seo-wordpress\/ -->\n<title>Arta - o punte c\u0103tre suflet - ADRA Moldova<\/title>\n<meta name=\"robots\" content=\"index, follow, max-snippet:-1, max-image-preview:large, max-video-preview:-1\" \/>\n<link rel=\"canonical\" href=\"https:\/\/adra.md\/ru\/arta-o-punte-catre-suflet\/\" \/>\n<meta property=\"og:locale\" content=\"ru_RU\" \/>\n<meta property=\"og:type\" content=\"article\" \/>\n<meta property=\"og:title\" content=\"Arta - o punte c\u0103tre suflet - ADRA Moldova\" \/>\n<meta property=\"og:description\" content=\"La Centrul ADRA din Chi\u0219in\u0103u, arta nu este doar o activitate, ci o punte c\u0103tre suflet. Prin culoare, creativitate \u0219i crea\u021bie, \u00eenv\u0103\u021b\u0103m s\u0103 ne deschidem inimile, s\u0103 \u00eemp\u0103rt\u0103\u0219im emo\u021bii \u0219i s\u0103 descoperim frumuse\u021bea din noi \u0219i din ceilal\u021bi. Aici, fiecare moment artistic devine o oportunitate de a fi mai aproape unii de al\u021bii, de a [&hellip;]\" \/>\n<meta property=\"og:url\" content=\"https:\/\/adra.md\/ru\/arta-o-punte-catre-suflet\/\" \/>\n<meta property=\"og:site_name\" content=\"ADRA Moldova\" \/>\n<meta property=\"article:published_time\" content=\"2025-10-13T09:02:57+00:00\" \/>\n<meta property=\"og:image\" content=\"https:\/\/adra.md\/wp-content\/uploads\/2025\/10\/544907784_18009884654795376_7987866378138675494_n.jpg\" \/>\n\t<meta property=\"og:image:width\" content=\"1200\" \/>\n\t<meta property=\"og:image:height\" content=\"1600\" \/>\n\t<meta property=\"og:image:type\" content=\"image\/jpeg\" \/>\n<meta name=\"author\" content=\"ADRA Moldova\" \/>\n<meta name=\"twitter:card\" content=\"summary_large_image\" \/>\n<meta name=\"twitter:label1\" content=\"\u041d\u0430\u043f\u0438\u0441\u0430\u043d\u043e \u0430\u0432\u0442\u043e\u0440\u043e\u043c\" \/>\n\t<meta name=\"twitter:data1\" content=\"ADRA Moldova\" \/>\n<script type=\"application\/ld+json\" class=\"yoast-schema-graph\">{\"@context\":\"https:\\\/\\\/schema.org\",\"@graph\":[{\"@type\":\"Article\",\"@id\":\"https:\\\/\\\/adra.md\\\/arta-o-punte-catre-suflet\\\/#article\",\"isPartOf\":{\"@id\":\"https:\\\/\\\/adra.md\\\/arta-o-punte-catre-suflet\\\/\"},\"author\":{\"name\":\"ADRA Moldova\",\"@id\":\"https:\\\/\\\/adra.md\\\/#\\\/schema\\\/person\\\/b0181e611ee89738cefb7dc2db2bb8d1\"},\"headline\":\"Arta &#8211; o punte c\u0103tre suflet\",\"datePublished\":\"2025-10-13T09:02:57+00:00\",\"mainEntityOfPage\":{\"@id\":\"https:\\\/\\\/adra.md\\\/arta-o-punte-catre-suflet\\\/\"},\"wordCount\":95,\"publisher\":{\"@id\":\"https:\\\/\\\/adra.md\\\/#organization\"},\"image\":{\"@id\":\"https:\\\/\\\/adra.md\\\/arta-o-punte-catre-suflet\\\/#primaryimage\"},\"thumbnailUrl\":\"https:\\\/\\\/adra.md\\\/wp-content\\\/uploads\\\/2025\\\/10\\\/544907784_18009884654795376_7987866378138675494_n.jpg\",\"articleSection\":[\"News\"],\"inLanguage\":\"ru-RU\"},{\"@type\":\"WebPage\",\"@id\":\"https:\\\/\\\/adra.md\\\/arta-o-punte-catre-suflet\\\/\",\"url\":\"https:\\\/\\\/adra.md\\\/arta-o-punte-catre-suflet\\\/\",\"name\":\"Arta - o punte c\u0103tre suflet - ADRA Moldova\",\"isPartOf\":{\"@id\":\"https:\\\/\\\/adra.md\\\/#website\"},\"primaryImageOfPage\":{\"@id\":\"https:\\\/\\\/adra.md\\\/arta-o-punte-catre-suflet\\\/#primaryimage\"},\"image\":{\"@id\":\"https:\\\/\\\/adra.md\\\/arta-o-punte-catre-suflet\\\/#primaryimage\"},\"thumbnailUrl\":\"https:\\\/\\\/adra.md\\\/wp-content\\\/uploads\\\/2025\\\/10\\\/544907784_18009884654795376_7987866378138675494_n.jpg\",\"datePublished\":\"2025-10-13T09:02:57+00:00\",\"breadcrumb\":{\"@id\":\"https:\\\/\\\/adra.md\\\/arta-o-punte-catre-suflet\\\/#breadcrumb\"},\"inLanguage\":\"ru-RU\",\"potentialAction\":[{\"@type\":\"ReadAction\",\"target\":[\"https:\\\/\\\/adra.md\\\/arta-o-punte-catre-suflet\\\/\"]}]},{\"@type\":\"ImageObject\",\"inLanguage\":\"ru-RU\",\"@id\":\"https:\\\/\\\/adra.md\\\/arta-o-punte-catre-suflet\\\/#primaryimage\",\"url\":\"https:\\\/\\\/adra.md\\\/wp-content\\\/uploads\\\/2025\\\/10\\\/544907784_18009884654795376_7987866378138675494_n.jpg\",\"contentUrl\":\"https:\\\/\\\/adra.md\\\/wp-content\\\/uploads\\\/2025\\\/10\\\/544907784_18009884654795376_7987866378138675494_n.jpg\",\"width\":1200,\"height\":1600},{\"@type\":\"BreadcrumbList\",\"@id\":\"https:\\\/\\\/adra.md\\\/arta-o-punte-catre-suflet\\\/#breadcrumb\",\"itemListElement\":[{\"@type\":\"ListItem\",\"position\":1,\"name\":\"Home\",\"item\":\"https:\\\/\\\/adra.md\\\/\"},{\"@type\":\"ListItem\",\"position\":2,\"name\":\"Arta &#8211; o punte c\u0103tre suflet\"}]},{\"@type\":\"WebSite\",\"@id\":\"https:\\\/\\\/adra.md\\\/#website\",\"url\":\"https:\\\/\\\/adra.md\\\/\",\"name\":\"ADRA Moldova\",\"description\":\"Agen\u0163ia Adventist\u0103 pentru Dezvoltare, Refacere \u015fi Ajutor\",\"publisher\":{\"@id\":\"https:\\\/\\\/adra.md\\\/#organization\"},\"potentialAction\":[{\"@type\":\"SearchAction\",\"target\":{\"@type\":\"EntryPoint\",\"urlTemplate\":\"https:\\\/\\\/adra.md\\\/?s={search_term_string}\"},\"query-input\":{\"@type\":\"PropertyValueSpecification\",\"valueRequired\":true,\"valueName\":\"search_term_string\"}}],\"inLanguage\":\"ru-RU\"},{\"@type\":\"Organization\",\"@id\":\"https:\\\/\\\/adra.md\\\/#organization\",\"name\":\"ADRA Moldova\",\"url\":\"https:\\\/\\\/adra.md\\\/\",\"logo\":{\"@type\":\"ImageObject\",\"inLanguage\":\"ru-RU\",\"@id\":\"https:\\\/\\\/adra.md\\\/#\\\/schema\\\/logo\\\/image\\\/\",\"url\":\"https:\\\/\\\/adra.md\\\/wp-content\\\/uploads\\\/2019\\\/11\\\/group-435.png\",\"contentUrl\":\"https:\\\/\\\/adra.md\\\/wp-content\\\/uploads\\\/2019\\\/11\\\/group-435.png\",\"width\":500,\"height\":133,\"caption\":\"ADRA Moldova\"},\"image\":{\"@id\":\"https:\\\/\\\/adra.md\\\/#\\\/schema\\\/logo\\\/image\\\/\"}},{\"@type\":\"Person\",\"@id\":\"https:\\\/\\\/adra.md\\\/#\\\/schema\\\/person\\\/b0181e611ee89738cefb7dc2db2bb8d1\",\"name\":\"ADRA Moldova\",\"url\":\"https:\\\/\\\/adra.md\\\/ru\\\/author\\\/andrei-girleanu\\\/\"}]}<\/script>\n<!-- \/ Yoast SEO plugin. -->","yoast_head_json":{"title":"Arta - o punte c\u0103tre suflet - ADRA Moldova","robots":{"index":"index","follow":"follow","max-snippet":"max-snippet:-1","max-image-preview":"max-image-preview:large","max-video-preview":"max-video-preview:-1"},"canonical":"https:\/\/adra.md\/ru\/arta-o-punte-catre-suflet\/","og_locale":"ru_RU","og_type":"article","og_title":"Arta - o punte c\u0103tre suflet - ADRA Moldova","og_description":"La Centrul ADRA din Chi\u0219in\u0103u, arta nu este doar o activitate, ci o punte c\u0103tre suflet. Prin culoare, creativitate \u0219i crea\u021bie, \u00eenv\u0103\u021b\u0103m s\u0103 ne deschidem inimile, s\u0103 \u00eemp\u0103rt\u0103\u0219im emo\u021bii \u0219i s\u0103 descoperim frumuse\u021bea din noi \u0219i din ceilal\u021bi. Aici, fiecare moment artistic devine o oportunitate de a fi mai aproape unii de al\u021bii, de a [&hellip;]","og_url":"https:\/\/adra.md\/ru\/arta-o-punte-catre-suflet\/","og_site_name":"ADRA Moldova","article_published_time":"2025-10-13T09:02:57+00:00","og_image":[{"width":1200,"height":1600,"url":"https:\/\/adra.md\/wp-content\/uploads\/2025\/10\/544907784_18009884654795376_7987866378138675494_n.jpg","type":"image\/jpeg"}],"author":"ADRA Moldova","twitter_card":"summary_large_image","twitter_misc":{"\u041d\u0430\u043f\u0438\u0441\u0430\u043d\u043e \u0430\u0432\u0442\u043e\u0440\u043e\u043c":"ADRA Moldova"},"schema":{"@context":"https:\/\/schema.org","@graph":[{"@type":"Article","@id":"https:\/\/adra.md\/arta-o-punte-catre-suflet\/#article","isPartOf":{"@id":"https:\/\/adra.md\/arta-o-punte-catre-suflet\/"},"author":{"name":"ADRA Moldova","@id":"https:\/\/adra.md\/#\/schema\/person\/b0181e611ee89738cefb7dc2db2bb8d1"},"headline":"Arta &#8211; o punte c\u0103tre suflet","datePublished":"2025-10-13T09:02:57+00:00","mainEntityOfPage":{"@id":"https:\/\/adra.md\/arta-o-punte-catre-suflet\/"},"wordCount":95,"publisher":{"@id":"https:\/\/adra.md\/#organization"},"image":{"@id":"https:\/\/adra.md\/arta-o-punte-catre-suflet\/#primaryimage"},"thumbnailUrl":"https:\/\/adra.md\/wp-content\/uploads\/2025\/10\/544907784_18009884654795376_7987866378138675494_n.jpg","articleSection":["News"],"inLanguage":"ru-RU"},{"@type":"WebPage","@id":"https:\/\/adra.md\/arta-o-punte-catre-suflet\/","url":"https:\/\/adra.md\/arta-o-punte-catre-suflet\/","name":"Arta - o punte c\u0103tre suflet - ADRA Moldova","isPartOf":{"@id":"https:\/\/adra.md\/#website"},"primaryImageOfPage":{"@id":"https:\/\/adra.md\/arta-o-punte-catre-suflet\/#primaryimage"},"image":{"@id":"https:\/\/adra.md\/arta-o-punte-catre-suflet\/#primaryimage"},"thumbnailUrl":"https:\/\/adra.md\/wp-content\/uploads\/2025\/10\/544907784_18009884654795376_7987866378138675494_n.jpg","datePublished":"2025-10-13T09:02:57+00:00","breadcrumb":{"@id":"https:\/\/adra.md\/arta-o-punte-catre-suflet\/#breadcrumb"},"inLanguage":"ru-RU","potentialAction":[{"@type":"ReadAction","target":["https:\/\/adra.md\/arta-o-punte-catre-suflet\/"]}]},{"@type":"ImageObject","inLanguage":"ru-RU","@id":"https:\/\/adra.md\/arta-o-punte-catre-suflet\/#primaryimage","url":"https:\/\/adra.md\/wp-content\/uploads\/2025\/10\/544907784_18009884654795376_7987866378138675494_n.jpg","contentUrl":"https:\/\/adra.md\/wp-content\/uploads\/2025\/10\/544907784_18009884654795376_7987866378138675494_n.jpg","width":1200,"height":1600},{"@type":"BreadcrumbList","@id":"https:\/\/adra.md\/arta-o-punte-catre-suflet\/#breadcrumb","itemListElement":[{"@type":"ListItem","position":1,"name":"Home","item":"https:\/\/adra.md\/"},{"@type":"ListItem","position":2,"name":"Arta &#8211; o punte c\u0103tre suflet"}]},{"@type":"WebSite","@id":"https:\/\/adra.md\/#website","url":"https:\/\/adra.md\/","name":"ADRA Moldova","description":"Agen\u0163ia Adventist\u0103 pentru Dezvoltare, Refacere \u015fi Ajutor","publisher":{"@id":"https:\/\/adra.md\/#organization"},"potentialAction":[{"@type":"SearchAction","target":{"@type":"EntryPoint","urlTemplate":"https:\/\/adra.md\/?s={search_term_string}"},"query-input":{"@type":"PropertyValueSpecification","valueRequired":true,"valueName":"search_term_string"}}],"inLanguage":"ru-RU"},{"@type":"Organization","@id":"https:\/\/adra.md\/#organization","name":"ADRA Moldova","url":"https:\/\/adra.md\/","logo":{"@type":"ImageObject","inLanguage":"ru-RU","@id":"https:\/\/adra.md\/#\/schema\/logo\/image\/","url":"https:\/\/adra.md\/wp-content\/uploads\/2019\/11\/group-435.png","contentUrl":"https:\/\/adra.md\/wp-content\/uploads\/2019\/11\/group-435.png","width":500,"height":133,"caption":"ADRA Moldova"},"image":{"@id":"https:\/\/adra.md\/#\/schema\/logo\/image\/"}},{"@type":"Person","@id":"https:\/\/adra.md\/#\/schema\/person\/b0181e611ee89738cefb7dc2db2bb8d1","name":"ADRA Moldova","url":"https:\/\/adra.md\/ru\/author\/andrei-girleanu\/"}]}},"_links":{"self":[{"href":"https:\/\/adra.md\/ru\/wp-json\/wp\/v2\/posts\/22730","targetHints":{"allow":["GET"]}}],"collection":[{"href":"https:\/\/adra.md\/ru\/wp-json\/wp\/v2\/posts"}],"about":[{"href":"https:\/\/adra.md\/ru\/wp-json\/wp\/v2\/types\/post"}],"author":[{"embeddable":true,"href":"https:\/\/adra.md\/ru\/wp-json\/wp\/v2\/users\/9"}],"replies":[{"embeddable":true,"href":"https:\/\/adra.md\/ru\/wp-json\/wp\/v2\/comments?post=22730"}],"version-history":[{"count":1,"href":"https:\/\/adra.md\/ru\/wp-json\/wp\/v2\/posts\/22730\/revisions"}],"predecessor-version":[{"id":22735,"href":"https:\/\/adra.md\/ru\/wp-json\/wp\/v2\/posts\/22730\/revisions\/22735"}],"wp:featuredmedia":[{"embeddable":true,"href":"https:\/\/adra.md\/ru\/wp-json\/wp\/v2\/media\/22733"}],"wp:attachment":[{"href":"https:\/\/adra.md\/ru\/wp-json\/wp\/v2\/media?parent=22730"}],"wp:term":[{"taxonomy":"category","embeddable":true,"href":"https:\/\/adra.md\/ru\/wp-json\/wp\/v2\/categories?post=22730"},{"taxonomy":"post_tag","embeddable":true,"href":"https:\/\/adra.md\/ru\/wp-json\/wp\/v2\/tags?post=22730"}],"curies":[{"name":"wp","href":"https:\/\/api.w.org\/{rel}","templated":true}]}}