{"id":22805,"date":"2025-10-29T16:50:55","date_gmt":"2025-10-29T16:50:55","guid":{"rendered":"https:\/\/adra.md\/?p=22805"},"modified":"2025-10-31T09:05:12","modified_gmt":"2025-10-31T09:05:12","slug":"asa-comunitatea-prinde-viata","status":"publish","type":"post","link":"https:\/\/adra.md\/ru\/asa-comunitatea-prinde-viata\/","title":{"rendered":"A\u0219a comunitatea prinde via\u021b\u0103!"},"content":{"rendered":"<div data-elementor-type=\"wp-post\" data-elementor-id=\"22805\" class=\"elementor elementor-22805\" data-elementor-post-type=\"post\">\n\t\t\t\t\t\t<section class=\"elementor-section elementor-top-section elementor-element elementor-element-661b9e1c elementor-section-boxed elementor-section-height-default elementor-section-height-default\" data-id=\"661b9e1c\" data-element_type=\"section\" data-e-type=\"section\">\n\t\t\t\t\t\t<div class=\"elementor-container elementor-column-gap-default\">\n\t\t\t\t\t<div class=\"elementor-column elementor-col-100 elementor-top-column elementor-element elementor-element-1949dd17\" data-id=\"1949dd17\" data-element_type=\"column\" data-e-type=\"column\">\n\t\t\t<div class=\"elementor-widget-wrap elementor-element-populated\">\n\t\t\t\t\t\t<div class=\"elementor-element elementor-element-4cb9f467 elementor-widget elementor-widget-text-editor\" data-id=\"4cb9f467\" data-element_type=\"widget\" data-e-type=\"widget\" data-widget_type=\"text-editor.default\">\n\t\t\t\t<div class=\"elementor-widget-container\">\n\t\t\t\t\t\t\t\t\t<p>La Centrul ADRA din R\u00eebni\u021ba, adul\u021bi \u0219i copii, localnici \u0219i persoane str\u0103mutate temporar din Ucraina, se adun\u0103 zi de zi pentru a face mi\u0219care, a \u00eenv\u0103\u021ba lucruri noi \u0219i a se bucura unii de al\u021bii.<\/p><p>Gimnastica, activit\u0103\u021bile educative, atelierele culinare \u0219i sesiunile de dezvoltare personal\u0103 aduc nu doar emo\u021bii pozitive, ci \u0219i \u00eencredere, curaj \u0219i sentimentul c\u0103 apar\u021binem aceleia\u0219i comunit\u0103\u021bi.<\/p><p>Cre\u0219tem \u00eempreun\u0103 \u00een \u00eencredere, comunicare \u0219i bucuria de a fi conecta\u021bi.<\/p><p>Fiecare activitate ne aminte\u0219te c\u00e2t de frumos este s\u0103 fim \u00eempreun\u0103 \u0219i s\u0103 ne sprijinim reciproc.<\/p><p>#ADRAMoldova #EPIS Moldova #IntegrareSocial\u0103 #R\u00eebni\u021ba #ComunitateUnit\u0103 #DezvoltarePersonal\u0103<br \/>#\u00cempreun\u0103SuntemMaiPuternici<br \/>&#8211;&#8211;&#8211;&#8211;&#8211;&#8211;&#8211;&#8211;&#8211;&#8211;&#8211;&#8211;&#8211;&#8211;&#8211;&#8211;&#8211;&#8211;&#8211;&#8211;&#8211;&#8211;&#8211;&#8211;&#8211;&#8211;&#8211;&#8211;&#8211;&#8211;&#8211;&#8211;&#8211;&#8211;&#8211;&#8211;&#8211;&#8211;&#8211;&#8211;&#8211;&#8211;&#8211;&#8211;&#8211;&#8211;&#8211;&#8211;<\/p><p><em>\u0426\u0435\u043d\u0442\u0440 ADRA \u0432 \u0420\u044b\u0431\u043d\u0438\u0446\u0435 \u2014 \u043c\u0435\u0441\u0442\u043e, \u0433\u0434\u0435 \u0432\u0437\u0440\u043e\u0441\u043b\u044b\u0435 \u0438 \u0434\u0435\u0442\u0438, \u043c\u0435\u0441\u0442\u043d\u044b\u0435 \u0436\u0438\u0442\u0435\u043b\u0438 \u0438 \u0432\u0440\u0435\u043c\u0435\u043d\u043d\u043e \u043f\u0435\u0440\u0435\u0441\u0435\u043b\u0451\u043d\u043d\u044b\u0435 \u0438\u0437 \u0423\u043a\u0440\u0430\u0438\u043d\u044b \u043b\u044e\u0434\u0438 \u0432\u0441\u0442\u0440\u0435\u0447\u0430\u044e\u0442\u0441\u044f, \u0447\u0442\u043e\u0431\u044b \u0437\u0430\u043d\u0438\u043c\u0430\u0442\u044c\u0441\u044f \u0433\u0438\u043c\u043d\u0430\u0441\u0442\u0438\u043a\u043e\u0439, \u0433\u043e\u0442\u043e\u0432\u0438\u0442\u044c \u0432\u043c\u0435\u0441\u0442\u0435, \u0443\u0447\u0438\u0442\u044c\u0441\u044f \u043d\u043e\u0432\u043e\u043c\u0443 \u0438 \u043f\u0440\u043e\u0441\u0442\u043e \u0445\u043e\u0440\u043e\u0448\u043e \u043f\u0440\u043e\u0432\u043e\u0434\u0438\u0442\u044c \u0432\u0440\u0435\u043c\u044f.<\/em><\/p><p><em>\u041a\u0430\u0436\u0434\u043e\u0435 \u0437\u0430\u043d\u044f\u0442\u0438\u0435 \u2014 \u044d\u0442\u043e \u0440\u0430\u0434\u043e\u0441\u0442\u044c \u043e\u0431\u0449\u0435\u043d\u0438\u044f, \u043d\u043e\u0432\u044b\u0435 \u0437\u043d\u0430\u043a\u043e\u043c\u0441\u0442\u0432\u0430 \u0438 \u0443\u0432\u0435\u0440\u0435\u043d\u043d\u043e\u0441\u0442\u044c, \u0447\u0442\u043e \u0432\u043c\u0435\u0441\u0442\u0435 \u043c\u044b \u043c\u043e\u0436\u0435\u043c \u0431\u043e\u043b\u044c\u0448\u0435.<\/em><\/p><p><em>\u041c\u044b \u0440\u0430\u0441\u0442\u0451\u043c \u0432\u043c\u0435\u0441\u0442\u0435 \u0432 \u0434\u043e\u0432\u0435\u0440\u0438\u0438, \u0432\u0437\u0430\u0438\u043c\u043e\u043f\u043e\u043d\u0438\u043c\u0430\u043d\u0438\u0438 \u0438 \u0438\u0441\u043a\u0440\u0435\u043d\u043d\u0435\u0439 \u0440\u0430\u0434\u043e\u0441\u0442\u0438 \u0431\u044b\u0442\u044c \u0440\u044f\u0434\u043e\u043c.<\/em><\/p><p><em>\u0417\u0434\u0435\u0441\u044c \u043a\u0430\u0436\u0434\u044b\u0439 \u043d\u0430\u0445\u043e\u0434\u0438\u0442 \u043f\u043e\u0434\u0434\u0435\u0440\u0436\u043a\u0443, \u0442\u0435\u043f\u043b\u043e \u0438 \u0447\u0443\u0432\u0441\u0442\u0432\u043e \u0434\u043e\u043c\u0430.<\/em><\/p><p><em>#ADRAMoldova #EPIS Moldova #\u0421\u043e\u0446\u0438\u0430\u043b\u044c\u043d\u0430\u044f\u0418\u043d\u0442\u0435\u0433\u0440\u0430\u0446\u0438\u044f #\u0420\u044b\u0431\u043d\u0438\u0446\u0430 #\u0414\u0440\u0443\u0436\u043d\u0430\u044f\u041e\u0431\u0449\u0438\u043d\u0430<\/em><br \/><em>#\u041b\u0438\u0447\u043d\u043e\u0441\u0442\u043d\u043e\u0435\u0420\u0430\u0437\u0432\u0438\u0442\u0438\u0435 #\u0412\u043c\u0435\u0441\u0442\u0435\u041c\u044b\u0421\u0438\u043b\u044c\u043d\u0435\u0435<\/em><\/p><p><img fetchpriority=\"high\" decoding=\"async\" class=\"alignnone wp-image-22808 size-full\" src=\"https:\/\/adra.md\/wp-content\/uploads\/2025\/10\/cover-postare-1.jpg\" alt=\"\" width=\"2449\" height=\"1193\" srcset=\"https:\/\/adra.md\/wp-content\/uploads\/2025\/10\/cover-postare-1.jpg 2449w, https:\/\/adra.md\/wp-content\/uploads\/2025\/10\/cover-postare-1-300x146.jpg 300w, https:\/\/adra.md\/wp-content\/uploads\/2025\/10\/cover-postare-1-1024x499.jpg 1024w, https:\/\/adra.md\/wp-content\/uploads\/2025\/10\/cover-postare-1-768x374.jpg 768w, https:\/\/adra.md\/wp-content\/uploads\/2025\/10\/cover-postare-1-1536x748.jpg 1536w, https:\/\/adra.md\/wp-content\/uploads\/2025\/10\/cover-postare-1-2048x998.jpg 2048w, https:\/\/adra.md\/wp-content\/uploads\/2025\/10\/cover-postare-1-18x9.jpg 18w\" sizes=\"(max-width: 2449px) 100vw, 2449px\" \/><\/p><p><img decoding=\"async\" class=\"alignnone size-large wp-image-22832\" src=\"https:\/\/adra.md\/wp-content\/uploads\/2025\/10\/wweb-1024x231.jpg\" alt=\"\" width=\"800\" height=\"180\" srcset=\"https:\/\/adra.md\/wp-content\/uploads\/2025\/10\/wweb-1024x231.jpg 1024w, https:\/\/adra.md\/wp-content\/uploads\/2025\/10\/wweb-300x68.jpg 300w, https:\/\/adra.md\/wp-content\/uploads\/2025\/10\/wweb-768x173.jpg 768w, https:\/\/adra.md\/wp-content\/uploads\/2025\/10\/wweb-1536x347.jpg 1536w, https:\/\/adra.md\/wp-content\/uploads\/2025\/10\/wweb-18x4.jpg 18w, https:\/\/adra.md\/wp-content\/uploads\/2025\/10\/wweb.jpg 1660w\" sizes=\"(max-width: 800px) 100vw, 800px\" \/>\u00a0\u00a0\u00a0\u00a0<img decoding=\"async\" class=\"alignnone wp-image-22813\" src=\"https:\/\/adra.md\/wp-content\/uploads\/2025\/10\/\u0438\u0437\u043e\u0431\u0440\u0430\u0436\u0435\u043d\u0438\u0435_viber_2025-10-28_17-22-23-550-1-708x1024.jpg\" alt=\"\" width=\"200\" height=\"289\" srcset=\"https:\/\/adra.md\/wp-content\/uploads\/2025\/10\/\u0438\u0437\u043e\u0431\u0440\u0430\u0436\u0435\u043d\u0438\u0435_viber_2025-10-28_17-22-23-550-1-708x1024.jpg 708w, https:\/\/adra.md\/wp-content\/uploads\/2025\/10\/\u0438\u0437\u043e\u0431\u0440\u0430\u0436\u0435\u043d\u0438\u0435_viber_2025-10-28_17-22-23-550-1-207x300.jpg 207w, https:\/\/adra.md\/wp-content\/uploads\/2025\/10\/\u0438\u0437\u043e\u0431\u0440\u0430\u0436\u0435\u043d\u0438\u0435_viber_2025-10-28_17-22-23-550-1-768x1110.jpg 768w, https:\/\/adra.md\/wp-content\/uploads\/2025\/10\/\u0438\u0437\u043e\u0431\u0440\u0430\u0436\u0435\u043d\u0438\u0435_viber_2025-10-28_17-22-23-550-1-1062x1536.jpg 1062w, https:\/\/adra.md\/wp-content\/uploads\/2025\/10\/\u0438\u0437\u043e\u0431\u0440\u0430\u0436\u0435\u043d\u0438\u0435_viber_2025-10-28_17-22-23-550-1-8x12.jpg 8w, https:\/\/adra.md\/wp-content\/uploads\/2025\/10\/\u0438\u0437\u043e\u0431\u0440\u0430\u0436\u0435\u043d\u0438\u0435_viber_2025-10-28_17-22-23-550-1.jpg 1081w\" sizes=\"(max-width: 200px) 100vw, 200px\" \/><img loading=\"lazy\" decoding=\"async\" class=\"alignnone wp-image-22809\" src=\"https:\/\/adra.md\/wp-content\/uploads\/2025\/10\/\u0438\u0437\u043e\u0431\u0440\u0430\u0436\u0435\u043d\u0438\u0435_viber_2025-10-12_18-55-54-834-1-768x1024.jpg\" alt=\"\" width=\"210\" height=\"280\" srcset=\"https:\/\/adra.md\/wp-content\/uploads\/2025\/10\/\u0438\u0437\u043e\u0431\u0440\u0430\u0436\u0435\u043d\u0438\u0435_viber_2025-10-12_18-55-54-834-1-768x1024.jpg 768w, https:\/\/adra.md\/wp-content\/uploads\/2025\/10\/\u0438\u0437\u043e\u0431\u0440\u0430\u0436\u0435\u043d\u0438\u0435_viber_2025-10-12_18-55-54-834-1-225x300.jpg 225w, https:\/\/adra.md\/wp-content\/uploads\/2025\/10\/\u0438\u0437\u043e\u0431\u0440\u0430\u0436\u0435\u043d\u0438\u0435_viber_2025-10-12_18-55-54-834-1-1152x1536.jpg 1152w, https:\/\/adra.md\/wp-content\/uploads\/2025\/10\/\u0438\u0437\u043e\u0431\u0440\u0430\u0436\u0435\u043d\u0438\u0435_viber_2025-10-12_18-55-54-834-1-9x12.jpg 9w, https:\/\/adra.md\/wp-content\/uploads\/2025\/10\/\u0438\u0437\u043e\u0431\u0440\u0430\u0436\u0435\u043d\u0438\u0435_viber_2025-10-12_18-55-54-834-1.jpg 1200w\" sizes=\"(max-width: 210px) 100vw, 210px\" \/><\/p><p>\u00a0<\/p><p>\u00a0<\/p><p>\u00a0<\/p><p>\u00a0<\/p><p>\u00a0<\/p><p>\u00a0<\/p><p>\u00a0<\/p><p>\u00a0<\/p><p>\u00a0<\/p><p>\u00a0<\/p><p>\u00a0<\/p><p>\u00a0<\/p><p>\u00a0<\/p><p>\u00a0<\/p><p>\u00a0<\/p>\t\t\t\t\t\t\t\t<\/div>\n\t\t\t\t<\/div>\n\t\t\t\t\t<\/div>\n\t\t<\/div>\n\t\t\t\t\t<\/div>\n\t\t<\/section>\n\t\t\t\t<\/div>","protected":false},"excerpt":{"rendered":"<p>La Centrul ADRA din R\u00eebni\u021ba, adul\u021bi \u0219i copii, localnici \u0219i persoane str\u0103mutate temporar din Ucraina, se adun\u0103 zi de zi pentru a face mi\u0219care, a \u00eenv\u0103\u021ba lucruri noi \u0219i a se bucura unii de al\u021bii. Gimnastica, activit\u0103\u021bile educative, atelierele culinare \u0219i sesiunile de dezvoltare personal\u0103 aduc nu doar emo\u021bii pozitive, ci \u0219i \u00eencredere, curaj \u0219i [&hellip;]<\/p>\n","protected":false},"author":9,"featured_media":22807,"comment_status":"closed","ping_status":"closed","sticky":false,"template":"","format":"standard","meta":{"_acf_changed":false,"footnotes":""},"categories":[294],"tags":[],"class_list":["post-22805","post","type-post","status-publish","format-standard","has-post-thumbnail","hentry","category-news"],"acf":[],"yoast_head":"<!-- This site is optimized with the Yoast SEO plugin v27.4 - https:\/\/yoast.com\/product\/yoast-seo-wordpress\/ -->\n<title>A\u0219a comunitatea prinde via\u021b\u0103! - ADRA Moldova<\/title>\n<meta name=\"robots\" content=\"index, follow, max-snippet:-1, max-image-preview:large, max-video-preview:-1\" \/>\n<link rel=\"canonical\" href=\"https:\/\/adra.md\/ru\/asa-comunitatea-prinde-viata\/\" \/>\n<meta property=\"og:locale\" content=\"ru_RU\" \/>\n<meta property=\"og:type\" content=\"article\" \/>\n<meta property=\"og:title\" content=\"A\u0219a comunitatea prinde via\u021b\u0103! - ADRA Moldova\" \/>\n<meta property=\"og:description\" content=\"La Centrul ADRA din R\u00eebni\u021ba, adul\u021bi \u0219i copii, localnici \u0219i persoane str\u0103mutate temporar din Ucraina, se adun\u0103 zi de zi pentru a face mi\u0219care, a \u00eenv\u0103\u021ba lucruri noi \u0219i a se bucura unii de al\u021bii. Gimnastica, activit\u0103\u021bile educative, atelierele culinare \u0219i sesiunile de dezvoltare personal\u0103 aduc nu doar emo\u021bii pozitive, ci \u0219i \u00eencredere, curaj \u0219i [&hellip;]\" \/>\n<meta property=\"og:url\" content=\"https:\/\/adra.md\/ru\/asa-comunitatea-prinde-viata\/\" \/>\n<meta property=\"og:site_name\" content=\"ADRA Moldova\" \/>\n<meta property=\"article:published_time\" content=\"2025-10-29T16:50:55+00:00\" \/>\n<meta property=\"article:modified_time\" content=\"2025-10-31T09:05:12+00:00\" \/>\n<meta property=\"og:image\" content=\"https:\/\/adra.md\/wp-content\/uploads\/2025\/10\/cover-postare.jpg\" \/>\n\t<meta property=\"og:image:width\" content=\"2449\" \/>\n\t<meta property=\"og:image:height\" content=\"1193\" \/>\n\t<meta property=\"og:image:type\" content=\"image\/jpeg\" \/>\n<meta name=\"author\" content=\"ADRA Moldova\" \/>\n<meta name=\"twitter:card\" content=\"summary_large_image\" \/>\n<meta name=\"twitter:label1\" content=\"\u041d\u0430\u043f\u0438\u0441\u0430\u043d\u043e \u0430\u0432\u0442\u043e\u0440\u043e\u043c\" \/>\n\t<meta name=\"twitter:data1\" content=\"ADRA Moldova\" \/>\n\t<meta name=\"twitter:label2\" content=\"\u041f\u0440\u0438\u043c\u0435\u0440\u043d\u043e\u0435 \u0432\u0440\u0435\u043c\u044f \u0434\u043b\u044f \u0447\u0442\u0435\u043d\u0438\u044f\" \/>\n\t<meta name=\"twitter:data2\" content=\"1 \u043c\u0438\u043d\u0443\u0442\u0430\" \/>\n<script type=\"application\/ld+json\" class=\"yoast-schema-graph\">{\"@context\":\"https:\\\/\\\/schema.org\",\"@graph\":[{\"@type\":\"Article\",\"@id\":\"https:\\\/\\\/adra.md\\\/asa-comunitatea-prinde-viata\\\/#article\",\"isPartOf\":{\"@id\":\"https:\\\/\\\/adra.md\\\/asa-comunitatea-prinde-viata\\\/\"},\"author\":{\"name\":\"ADRA Moldova\",\"@id\":\"https:\\\/\\\/adra.md\\\/#\\\/schema\\\/person\\\/b0181e611ee89738cefb7dc2db2bb8d1\"},\"headline\":\"A\u0219a comunitatea prinde via\u021b\u0103!\",\"datePublished\":\"2025-10-29T16:50:55+00:00\",\"dateModified\":\"2025-10-31T09:05:12+00:00\",\"mainEntityOfPage\":{\"@id\":\"https:\\\/\\\/adra.md\\\/asa-comunitatea-prinde-viata\\\/\"},\"wordCount\":205,\"publisher\":{\"@id\":\"https:\\\/\\\/adra.md\\\/#organization\"},\"image\":{\"@id\":\"https:\\\/\\\/adra.md\\\/asa-comunitatea-prinde-viata\\\/#primaryimage\"},\"thumbnailUrl\":\"https:\\\/\\\/adra.md\\\/wp-content\\\/uploads\\\/2025\\\/10\\\/cover-postare.jpg\",\"articleSection\":[\"News\"],\"inLanguage\":\"ru-RU\"},{\"@type\":\"WebPage\",\"@id\":\"https:\\\/\\\/adra.md\\\/asa-comunitatea-prinde-viata\\\/\",\"url\":\"https:\\\/\\\/adra.md\\\/asa-comunitatea-prinde-viata\\\/\",\"name\":\"A\u0219a comunitatea prinde via\u021b\u0103! - ADRA Moldova\",\"isPartOf\":{\"@id\":\"https:\\\/\\\/adra.md\\\/#website\"},\"primaryImageOfPage\":{\"@id\":\"https:\\\/\\\/adra.md\\\/asa-comunitatea-prinde-viata\\\/#primaryimage\"},\"image\":{\"@id\":\"https:\\\/\\\/adra.md\\\/asa-comunitatea-prinde-viata\\\/#primaryimage\"},\"thumbnailUrl\":\"https:\\\/\\\/adra.md\\\/wp-content\\\/uploads\\\/2025\\\/10\\\/cover-postare.jpg\",\"datePublished\":\"2025-10-29T16:50:55+00:00\",\"dateModified\":\"2025-10-31T09:05:12+00:00\",\"breadcrumb\":{\"@id\":\"https:\\\/\\\/adra.md\\\/asa-comunitatea-prinde-viata\\\/#breadcrumb\"},\"inLanguage\":\"ru-RU\",\"potentialAction\":[{\"@type\":\"ReadAction\",\"target\":[\"https:\\\/\\\/adra.md\\\/asa-comunitatea-prinde-viata\\\/\"]}]},{\"@type\":\"ImageObject\",\"inLanguage\":\"ru-RU\",\"@id\":\"https:\\\/\\\/adra.md\\\/asa-comunitatea-prinde-viata\\\/#primaryimage\",\"url\":\"https:\\\/\\\/adra.md\\\/wp-content\\\/uploads\\\/2025\\\/10\\\/cover-postare.jpg\",\"contentUrl\":\"https:\\\/\\\/adra.md\\\/wp-content\\\/uploads\\\/2025\\\/10\\\/cover-postare.jpg\",\"width\":2449,\"height\":1193},{\"@type\":\"BreadcrumbList\",\"@id\":\"https:\\\/\\\/adra.md\\\/asa-comunitatea-prinde-viata\\\/#breadcrumb\",\"itemListElement\":[{\"@type\":\"ListItem\",\"position\":1,\"name\":\"Home\",\"item\":\"https:\\\/\\\/adra.md\\\/\"},{\"@type\":\"ListItem\",\"position\":2,\"name\":\"A\u0219a comunitatea prinde via\u021b\u0103!\"}]},{\"@type\":\"WebSite\",\"@id\":\"https:\\\/\\\/adra.md\\\/#website\",\"url\":\"https:\\\/\\\/adra.md\\\/\",\"name\":\"ADRA Moldova\",\"description\":\"Agen\u0163ia Adventist\u0103 pentru Dezvoltare, Refacere \u015fi Ajutor\",\"publisher\":{\"@id\":\"https:\\\/\\\/adra.md\\\/#organization\"},\"potentialAction\":[{\"@type\":\"SearchAction\",\"target\":{\"@type\":\"EntryPoint\",\"urlTemplate\":\"https:\\\/\\\/adra.md\\\/?s={search_term_string}\"},\"query-input\":{\"@type\":\"PropertyValueSpecification\",\"valueRequired\":true,\"valueName\":\"search_term_string\"}}],\"inLanguage\":\"ru-RU\"},{\"@type\":\"Organization\",\"@id\":\"https:\\\/\\\/adra.md\\\/#organization\",\"name\":\"ADRA Moldova\",\"url\":\"https:\\\/\\\/adra.md\\\/\",\"logo\":{\"@type\":\"ImageObject\",\"inLanguage\":\"ru-RU\",\"@id\":\"https:\\\/\\\/adra.md\\\/#\\\/schema\\\/logo\\\/image\\\/\",\"url\":\"https:\\\/\\\/adra.md\\\/wp-content\\\/uploads\\\/2019\\\/11\\\/group-435.png\",\"contentUrl\":\"https:\\\/\\\/adra.md\\\/wp-content\\\/uploads\\\/2019\\\/11\\\/group-435.png\",\"width\":500,\"height\":133,\"caption\":\"ADRA Moldova\"},\"image\":{\"@id\":\"https:\\\/\\\/adra.md\\\/#\\\/schema\\\/logo\\\/image\\\/\"}},{\"@type\":\"Person\",\"@id\":\"https:\\\/\\\/adra.md\\\/#\\\/schema\\\/person\\\/b0181e611ee89738cefb7dc2db2bb8d1\",\"name\":\"ADRA Moldova\",\"url\":\"https:\\\/\\\/adra.md\\\/ru\\\/author\\\/andrei-girleanu\\\/\"}]}<\/script>\n<!-- \/ Yoast SEO plugin. -->","yoast_head_json":{"title":"A\u0219a comunitatea prinde via\u021b\u0103! - ADRA Moldova","robots":{"index":"index","follow":"follow","max-snippet":"max-snippet:-1","max-image-preview":"max-image-preview:large","max-video-preview":"max-video-preview:-1"},"canonical":"https:\/\/adra.md\/ru\/asa-comunitatea-prinde-viata\/","og_locale":"ru_RU","og_type":"article","og_title":"A\u0219a comunitatea prinde via\u021b\u0103! - ADRA Moldova","og_description":"La Centrul ADRA din R\u00eebni\u021ba, adul\u021bi \u0219i copii, localnici \u0219i persoane str\u0103mutate temporar din Ucraina, se adun\u0103 zi de zi pentru a face mi\u0219care, a \u00eenv\u0103\u021ba lucruri noi \u0219i a se bucura unii de al\u021bii. Gimnastica, activit\u0103\u021bile educative, atelierele culinare \u0219i sesiunile de dezvoltare personal\u0103 aduc nu doar emo\u021bii pozitive, ci \u0219i \u00eencredere, curaj \u0219i [&hellip;]","og_url":"https:\/\/adra.md\/ru\/asa-comunitatea-prinde-viata\/","og_site_name":"ADRA Moldova","article_published_time":"2025-10-29T16:50:55+00:00","article_modified_time":"2025-10-31T09:05:12+00:00","og_image":[{"width":2449,"height":1193,"url":"https:\/\/adra.md\/wp-content\/uploads\/2025\/10\/cover-postare.jpg","type":"image\/jpeg"}],"author":"ADRA Moldova","twitter_card":"summary_large_image","twitter_misc":{"\u041d\u0430\u043f\u0438\u0441\u0430\u043d\u043e \u0430\u0432\u0442\u043e\u0440\u043e\u043c":"ADRA Moldova","\u041f\u0440\u0438\u043c\u0435\u0440\u043d\u043e\u0435 \u0432\u0440\u0435\u043c\u044f \u0434\u043b\u044f \u0447\u0442\u0435\u043d\u0438\u044f":"1 \u043c\u0438\u043d\u0443\u0442\u0430"},"schema":{"@context":"https:\/\/schema.org","@graph":[{"@type":"Article","@id":"https:\/\/adra.md\/asa-comunitatea-prinde-viata\/#article","isPartOf":{"@id":"https:\/\/adra.md\/asa-comunitatea-prinde-viata\/"},"author":{"name":"ADRA Moldova","@id":"https:\/\/adra.md\/#\/schema\/person\/b0181e611ee89738cefb7dc2db2bb8d1"},"headline":"A\u0219a comunitatea prinde via\u021b\u0103!","datePublished":"2025-10-29T16:50:55+00:00","dateModified":"2025-10-31T09:05:12+00:00","mainEntityOfPage":{"@id":"https:\/\/adra.md\/asa-comunitatea-prinde-viata\/"},"wordCount":205,"publisher":{"@id":"https:\/\/adra.md\/#organization"},"image":{"@id":"https:\/\/adra.md\/asa-comunitatea-prinde-viata\/#primaryimage"},"thumbnailUrl":"https:\/\/adra.md\/wp-content\/uploads\/2025\/10\/cover-postare.jpg","articleSection":["News"],"inLanguage":"ru-RU"},{"@type":"WebPage","@id":"https:\/\/adra.md\/asa-comunitatea-prinde-viata\/","url":"https:\/\/adra.md\/asa-comunitatea-prinde-viata\/","name":"A\u0219a comunitatea prinde via\u021b\u0103! - ADRA Moldova","isPartOf":{"@id":"https:\/\/adra.md\/#website"},"primaryImageOfPage":{"@id":"https:\/\/adra.md\/asa-comunitatea-prinde-viata\/#primaryimage"},"image":{"@id":"https:\/\/adra.md\/asa-comunitatea-prinde-viata\/#primaryimage"},"thumbnailUrl":"https:\/\/adra.md\/wp-content\/uploads\/2025\/10\/cover-postare.jpg","datePublished":"2025-10-29T16:50:55+00:00","dateModified":"2025-10-31T09:05:12+00:00","breadcrumb":{"@id":"https:\/\/adra.md\/asa-comunitatea-prinde-viata\/#breadcrumb"},"inLanguage":"ru-RU","potentialAction":[{"@type":"ReadAction","target":["https:\/\/adra.md\/asa-comunitatea-prinde-viata\/"]}]},{"@type":"ImageObject","inLanguage":"ru-RU","@id":"https:\/\/adra.md\/asa-comunitatea-prinde-viata\/#primaryimage","url":"https:\/\/adra.md\/wp-content\/uploads\/2025\/10\/cover-postare.jpg","contentUrl":"https:\/\/adra.md\/wp-content\/uploads\/2025\/10\/cover-postare.jpg","width":2449,"height":1193},{"@type":"BreadcrumbList","@id":"https:\/\/adra.md\/asa-comunitatea-prinde-viata\/#breadcrumb","itemListElement":[{"@type":"ListItem","position":1,"name":"Home","item":"https:\/\/adra.md\/"},{"@type":"ListItem","position":2,"name":"A\u0219a comunitatea prinde via\u021b\u0103!"}]},{"@type":"WebSite","@id":"https:\/\/adra.md\/#website","url":"https:\/\/adra.md\/","name":"ADRA Moldova","description":"Agen\u0163ia Adventist\u0103 pentru Dezvoltare, Refacere \u015fi Ajutor","publisher":{"@id":"https:\/\/adra.md\/#organization"},"potentialAction":[{"@type":"SearchAction","target":{"@type":"EntryPoint","urlTemplate":"https:\/\/adra.md\/?s={search_term_string}"},"query-input":{"@type":"PropertyValueSpecification","valueRequired":true,"valueName":"search_term_string"}}],"inLanguage":"ru-RU"},{"@type":"Organization","@id":"https:\/\/adra.md\/#organization","name":"ADRA Moldova","url":"https:\/\/adra.md\/","logo":{"@type":"ImageObject","inLanguage":"ru-RU","@id":"https:\/\/adra.md\/#\/schema\/logo\/image\/","url":"https:\/\/adra.md\/wp-content\/uploads\/2019\/11\/group-435.png","contentUrl":"https:\/\/adra.md\/wp-content\/uploads\/2019\/11\/group-435.png","width":500,"height":133,"caption":"ADRA Moldova"},"image":{"@id":"https:\/\/adra.md\/#\/schema\/logo\/image\/"}},{"@type":"Person","@id":"https:\/\/adra.md\/#\/schema\/person\/b0181e611ee89738cefb7dc2db2bb8d1","name":"ADRA Moldova","url":"https:\/\/adra.md\/ru\/author\/andrei-girleanu\/"}]}},"_links":{"self":[{"href":"https:\/\/adra.md\/ru\/wp-json\/wp\/v2\/posts\/22805","targetHints":{"allow":["GET"]}}],"collection":[{"href":"https:\/\/adra.md\/ru\/wp-json\/wp\/v2\/posts"}],"about":[{"href":"https:\/\/adra.md\/ru\/wp-json\/wp\/v2\/types\/post"}],"author":[{"embeddable":true,"href":"https:\/\/adra.md\/ru\/wp-json\/wp\/v2\/users\/9"}],"replies":[{"embeddable":true,"href":"https:\/\/adra.md\/ru\/wp-json\/wp\/v2\/comments?post=22805"}],"version-history":[{"count":10,"href":"https:\/\/adra.md\/ru\/wp-json\/wp\/v2\/posts\/22805\/revisions"}],"predecessor-version":[{"id":22838,"href":"https:\/\/adra.md\/ru\/wp-json\/wp\/v2\/posts\/22805\/revisions\/22838"}],"wp:featuredmedia":[{"embeddable":true,"href":"https:\/\/adra.md\/ru\/wp-json\/wp\/v2\/media\/22807"}],"wp:attachment":[{"href":"https:\/\/adra.md\/ru\/wp-json\/wp\/v2\/media?parent=22805"}],"wp:term":[{"taxonomy":"category","embeddable":true,"href":"https:\/\/adra.md\/ru\/wp-json\/wp\/v2\/categories?post=22805"},{"taxonomy":"post_tag","embeddable":true,"href":"https:\/\/adra.md\/ru\/wp-json\/wp\/v2\/tags?post=22805"}],"curies":[{"name":"wp","href":"https:\/\/api.w.org\/{rel}","templated":true}]}}