{"id":22841,"date":"2025-11-25T13:23:18","date_gmt":"2025-11-25T13:23:18","guid":{"rendered":"https:\/\/adra.md\/?p=22841"},"modified":"2025-11-25T13:32:35","modified_gmt":"2025-11-25T13:32:35","slug":"adra-germania-in-vizita-in-moldova","status":"publish","type":"post","link":"https:\/\/adra.md\/ru\/adra-germania-in-vizita-in-moldova\/","title":{"rendered":"ADRA Germania \u00een vizit\u0103 \u00een Moldova"},"content":{"rendered":"<p>\u00cen perioada 10-20 noiembrie 2025, echipa ADRA Moldova a avut onoarea de a-l g\u0103zdui pe Marek Soos, coordonator de programe ADRA Germania, \u00eentr-o vizit\u0103 de monitorizare a proiectului \u201eEmergency, Protection and Integration Support for crisis-affected persons in Moldova (EPIS Moldova)\u201d.<\/p>\n<p>Pe parcursul vizitei, au fost desf\u0103\u0219urate activit\u0103\u021bi \u00een regiunile de implementare a proiectului: R\u00eebni\u021ba, Vulc\u0103ne\u0219ti, Chi\u0219in\u0103u \u0219i Vadul-lui-Vod\u0103. Partenerul nostru a participat la:<\/p>\n<ul>\n<li>activit\u0103\u021bi de asisten\u021b\u0103 juridic\u0103 pentru persoanele aflate \u00een dificultate;<\/li>\n<li>activit\u0103\u021bi de integrare social\u0103 \u00een Centrul din R\u00eebni\u021ba;<\/li>\n<li>repartizarea de vouchere pentru aparate auditive \u0219i ochelari;<\/li>\n<li>discu\u021bii constructive privind implementarea \u0219i rezultatele proiectului.<\/li>\n<\/ul>\n<p>Vizita ne-a oferit ocazia s\u0103 ne bucur\u0103m de rezultatele proiectului \u00een comunit\u0103\u021bile sprijinite. Beneficiarii ne-au \u00eemp\u0103rt\u0103\u0219it idei despre modul \u00een care activit\u0103\u021bile \u00eei ajut\u0103 \u0219i despre continuarea ini\u021biativelor. Solidaritatea \u0219i sprijinul reciproc pe care le-am \u00eent\u00e2lnit ne-au confirmat puterea colabor\u0103rii.<\/p>\n<p>Mul\u021bumim partenerului ADRA Germania, donatorului Action Deutschland Hilft (ADH) \u0219i tuturor celor implica\u021bi pentru colaborare. Continu\u0103m cu \u00eencredere eforturile care aduc sprijin\u00a0 \u0219i \u0219anse de integrare social\u0103 persoanelor aflate \u00een dificultate.<\/p>\n<p><img fetchpriority=\"high\" decoding=\"async\" class=\"wp-image-22847 alignnone\" src=\"https:\/\/adra.md\/wp-content\/uploads\/2025\/11\/WhatsApp-Image-2025-11-21-at-17.52.47-1024x768.jpeg\" alt=\"\" width=\"397\" height=\"298\" srcset=\"https:\/\/adra.md\/wp-content\/uploads\/2025\/11\/WhatsApp-Image-2025-11-21-at-17.52.47-1024x768.jpeg 1024w, https:\/\/adra.md\/wp-content\/uploads\/2025\/11\/WhatsApp-Image-2025-11-21-at-17.52.47-300x225.jpeg 300w, https:\/\/adra.md\/wp-content\/uploads\/2025\/11\/WhatsApp-Image-2025-11-21-at-17.52.47-768x576.jpeg 768w, https:\/\/adra.md\/wp-content\/uploads\/2025\/11\/WhatsApp-Image-2025-11-21-at-17.52.47-1536x1152.jpeg 1536w, https:\/\/adra.md\/wp-content\/uploads\/2025\/11\/WhatsApp-Image-2025-11-21-at-17.52.47-16x12.jpeg 16w, https:\/\/adra.md\/wp-content\/uploads\/2025\/11\/WhatsApp-Image-2025-11-21-at-17.52.47.jpeg 1600w\" sizes=\"(max-width: 397px) 100vw, 397px\" \/><img decoding=\"async\" class=\"wp-image-22846 alignleft\" src=\"https:\/\/adra.md\/wp-content\/uploads\/2025\/11\/WhatsApp-Image-2025-11-21-at-17.52.47-3-1024x768.jpeg\" alt=\"\" width=\"370\" height=\"277\" srcset=\"https:\/\/adra.md\/wp-content\/uploads\/2025\/11\/WhatsApp-Image-2025-11-21-at-17.52.47-3-1024x768.jpeg 1024w, https:\/\/adra.md\/wp-content\/uploads\/2025\/11\/WhatsApp-Image-2025-11-21-at-17.52.47-3-300x225.jpeg 300w, https:\/\/adra.md\/wp-content\/uploads\/2025\/11\/WhatsApp-Image-2025-11-21-at-17.52.47-3-768x576.jpeg 768w, https:\/\/adra.md\/wp-content\/uploads\/2025\/11\/WhatsApp-Image-2025-11-21-at-17.52.47-3-1536x1152.jpeg 1536w, https:\/\/adra.md\/wp-content\/uploads\/2025\/11\/WhatsApp-Image-2025-11-21-at-17.52.47-3-16x12.jpeg 16w, https:\/\/adra.md\/wp-content\/uploads\/2025\/11\/WhatsApp-Image-2025-11-21-at-17.52.47-3.jpeg 1600w\" sizes=\"(max-width: 370px) 100vw, 370px\" \/><img decoding=\"async\" class=\"wp-image-22852 alignleft\" src=\"https:\/\/adra.md\/wp-content\/uploads\/2025\/11\/WhatsApp-Image-2025-11-21-at-17.52.49-2-768x1024.jpeg\" alt=\"\" width=\"230\" height=\"307\" srcset=\"https:\/\/adra.md\/wp-content\/uploads\/2025\/11\/WhatsApp-Image-2025-11-21-at-17.52.49-2-768x1024.jpeg 768w, https:\/\/adra.md\/wp-content\/uploads\/2025\/11\/WhatsApp-Image-2025-11-21-at-17.52.49-2-225x300.jpeg 225w, https:\/\/adra.md\/wp-content\/uploads\/2025\/11\/WhatsApp-Image-2025-11-21-at-17.52.49-2-1152x1536.jpeg 1152w, https:\/\/adra.md\/wp-content\/uploads\/2025\/11\/WhatsApp-Image-2025-11-21-at-17.52.49-2-9x12.jpeg 9w, https:\/\/adra.md\/wp-content\/uploads\/2025\/11\/WhatsApp-Image-2025-11-21-at-17.52.49-2.jpeg 1200w\" sizes=\"(max-width: 230px) 100vw, 230px\" \/><\/p>\n<p>&nbsp;<\/p>\n<p><img loading=\"lazy\" decoding=\"async\" class=\"alignnone wp-image-22848\" src=\"https:\/\/adra.md\/wp-content\/uploads\/2025\/11\/WhatsApp-Image-2025-11-21-at-17.52.48-1-768x1024.jpeg\" alt=\"\" width=\"250\" height=\"334\" srcset=\"https:\/\/adra.md\/wp-content\/uploads\/2025\/11\/WhatsApp-Image-2025-11-21-at-17.52.48-1-768x1024.jpeg 768w, https:\/\/adra.md\/wp-content\/uploads\/2025\/11\/WhatsApp-Image-2025-11-21-at-17.52.48-1-225x300.jpeg 225w, https:\/\/adra.md\/wp-content\/uploads\/2025\/11\/WhatsApp-Image-2025-11-21-at-17.52.48-1-1152x1536.jpeg 1152w, https:\/\/adra.md\/wp-content\/uploads\/2025\/11\/WhatsApp-Image-2025-11-21-at-17.52.48-1-9x12.jpeg 9w, https:\/\/adra.md\/wp-content\/uploads\/2025\/11\/WhatsApp-Image-2025-11-21-at-17.52.48-1.jpeg 1200w\" sizes=\"(max-width: 250px) 100vw, 250px\" \/> <img loading=\"lazy\" decoding=\"async\" class=\"wp-image-22850 alignnone\" src=\"https:\/\/adra.md\/wp-content\/uploads\/2025\/11\/WhatsApp-Image-2025-11-21-at-17.52.48-768x1024.jpeg\" alt=\"\" width=\"252\" height=\"336\" srcset=\"https:\/\/adra.md\/wp-content\/uploads\/2025\/11\/WhatsApp-Image-2025-11-21-at-17.52.48-768x1024.jpeg 768w, https:\/\/adra.md\/wp-content\/uploads\/2025\/11\/WhatsApp-Image-2025-11-21-at-17.52.48-225x300.jpeg 225w, https:\/\/adra.md\/wp-content\/uploads\/2025\/11\/WhatsApp-Image-2025-11-21-at-17.52.48-1152x1536.jpeg 1152w, https:\/\/adra.md\/wp-content\/uploads\/2025\/11\/WhatsApp-Image-2025-11-21-at-17.52.48-9x12.jpeg 9w, https:\/\/adra.md\/wp-content\/uploads\/2025\/11\/WhatsApp-Image-2025-11-21-at-17.52.48.jpeg 1200w\" sizes=\"(max-width: 252px) 100vw, 252px\" \/> <img loading=\"lazy\" decoding=\"async\" class=\"wp-image-22851 alignnone\" src=\"https:\/\/adra.md\/wp-content\/uploads\/2025\/11\/WhatsApp-Image-2025-11-21-at-17.52.49-1-768x1024.jpeg\" alt=\"\" width=\"254\" height=\"339\" srcset=\"https:\/\/adra.md\/wp-content\/uploads\/2025\/11\/WhatsApp-Image-2025-11-21-at-17.52.49-1-768x1024.jpeg 768w, https:\/\/adra.md\/wp-content\/uploads\/2025\/11\/WhatsApp-Image-2025-11-21-at-17.52.49-1-225x300.jpeg 225w, https:\/\/adra.md\/wp-content\/uploads\/2025\/11\/WhatsApp-Image-2025-11-21-at-17.52.49-1-1152x1536.jpeg 1152w, https:\/\/adra.md\/wp-content\/uploads\/2025\/11\/WhatsApp-Image-2025-11-21-at-17.52.49-1-9x12.jpeg 9w, https:\/\/adra.md\/wp-content\/uploads\/2025\/11\/WhatsApp-Image-2025-11-21-at-17.52.49-1.jpeg 1200w\" sizes=\"(max-width: 254px) 100vw, 254px\" \/> \u00a0<img loading=\"lazy\" decoding=\"async\" class=\"alignnone wp-image-22853\" src=\"https:\/\/adra.md\/wp-content\/uploads\/2025\/11\/WhatsApp-Image-2025-11-21-at-17.52.49-768x1024.jpeg\" alt=\"\" width=\"255\" height=\"340\" srcset=\"https:\/\/adra.md\/wp-content\/uploads\/2025\/11\/WhatsApp-Image-2025-11-21-at-17.52.49-768x1024.jpeg 768w, https:\/\/adra.md\/wp-content\/uploads\/2025\/11\/WhatsApp-Image-2025-11-21-at-17.52.49-225x300.jpeg 225w, https:\/\/adra.md\/wp-content\/uploads\/2025\/11\/WhatsApp-Image-2025-11-21-at-17.52.49-1152x1536.jpeg 1152w, https:\/\/adra.md\/wp-content\/uploads\/2025\/11\/WhatsApp-Image-2025-11-21-at-17.52.49-9x12.jpeg 9w, https:\/\/adra.md\/wp-content\/uploads\/2025\/11\/WhatsApp-Image-2025-11-21-at-17.52.49.jpeg 1200w\" sizes=\"(max-width: 255px) 100vw, 255px\" \/><\/p>\n<p>&nbsp;<\/p>\n<p><img loading=\"lazy\" decoding=\"async\" class=\"wp-image-22849 alignleft\" src=\"https:\/\/adra.md\/wp-content\/uploads\/2025\/11\/WhatsApp-Image-2025-11-21-at-17.52.48-2-769x1024.jpeg\" alt=\"\" width=\"273\" height=\"363\" srcset=\"https:\/\/adra.md\/wp-content\/uploads\/2025\/11\/WhatsApp-Image-2025-11-21-at-17.52.48-2-769x1024.jpeg 769w, https:\/\/adra.md\/wp-content\/uploads\/2025\/11\/WhatsApp-Image-2025-11-21-at-17.52.48-2-225x300.jpeg 225w, https:\/\/adra.md\/wp-content\/uploads\/2025\/11\/WhatsApp-Image-2025-11-21-at-17.52.48-2-768x1023.jpeg 768w, https:\/\/adra.md\/wp-content\/uploads\/2025\/11\/WhatsApp-Image-2025-11-21-at-17.52.48-2-1153x1536.jpeg 1153w, https:\/\/adra.md\/wp-content\/uploads\/2025\/11\/WhatsApp-Image-2025-11-21-at-17.52.48-2-9x12.jpeg 9w, https:\/\/adra.md\/wp-content\/uploads\/2025\/11\/WhatsApp-Image-2025-11-21-at-17.52.48-2.jpeg 1201w\" sizes=\"(max-width: 273px) 100vw, 273px\" \/><\/p>\n<p><img loading=\"lazy\" decoding=\"async\" class=\"wp-image-22844 alignnone\" src=\"https:\/\/adra.md\/wp-content\/uploads\/2025\/11\/WhatsApp-Image-2025-11-21-at-17.52.47-1-768x1024.jpeg\" alt=\"\" width=\"255\" height=\"340\" srcset=\"https:\/\/adra.md\/wp-content\/uploads\/2025\/11\/WhatsApp-Image-2025-11-21-at-17.52.47-1-768x1024.jpeg 768w, https:\/\/adra.md\/wp-content\/uploads\/2025\/11\/WhatsApp-Image-2025-11-21-at-17.52.47-1-225x300.jpeg 225w, https:\/\/adra.md\/wp-content\/uploads\/2025\/11\/WhatsApp-Image-2025-11-21-at-17.52.47-1-1152x1536.jpeg 1152w, https:\/\/adra.md\/wp-content\/uploads\/2025\/11\/WhatsApp-Image-2025-11-21-at-17.52.47-1-9x12.jpeg 9w, https:\/\/adra.md\/wp-content\/uploads\/2025\/11\/WhatsApp-Image-2025-11-21-at-17.52.47-1.jpeg 1200w\" sizes=\"(max-width: 255px) 100vw, 255px\" \/><img loading=\"lazy\" decoding=\"async\" class=\"wp-image-22842 alignleft\" src=\"https:\/\/adra.md\/wp-content\/uploads\/2025\/11\/WhatsApp-Image-2025-11-21-at-17.52.44-768x1024.jpeg\" alt=\"\" width=\"290\" height=\"386\" srcset=\"https:\/\/adra.md\/wp-content\/uploads\/2025\/11\/WhatsApp-Image-2025-11-21-at-17.52.44-768x1024.jpeg 768w, https:\/\/adra.md\/wp-content\/uploads\/2025\/11\/WhatsApp-Image-2025-11-21-at-17.52.44-225x300.jpeg 225w, https:\/\/adra.md\/wp-content\/uploads\/2025\/11\/WhatsApp-Image-2025-11-21-at-17.52.44-1152x1536.jpeg 1152w, https:\/\/adra.md\/wp-content\/uploads\/2025\/11\/WhatsApp-Image-2025-11-21-at-17.52.44-9x12.jpeg 9w, https:\/\/adra.md\/wp-content\/uploads\/2025\/11\/WhatsApp-Image-2025-11-21-at-17.52.44.jpeg 1200w\" sizes=\"(max-width: 290px) 100vw, 290px\" \/><\/p>\n<p>&nbsp;<\/p>\n<p>&nbsp;<\/p>\n<p>&nbsp;<\/p>\n<p>&nbsp;<\/p>\n<p>&nbsp;<\/p>","protected":false},"excerpt":{"rendered":"<p>\u00cen perioada 10-20 noiembrie 2025, echipa ADRA Moldova a avut onoarea de a-l g\u0103zdui pe Marek Soos, coordonator de programe ADRA Germania, \u00eentr-o vizit\u0103 de monitorizare a proiectului \u201eEmergency, Protection and Integration Support for crisis-affected persons in Moldova (EPIS Moldova)\u201d. Pe parcursul vizitei, au fost desf\u0103\u0219urate activit\u0103\u021bi \u00een regiunile de implementare a proiectului: R\u00eebni\u021ba, Vulc\u0103ne\u0219ti, [&hellip;]<\/p>\n","protected":false},"author":9,"featured_media":22854,"comment_status":"closed","ping_status":"closed","sticky":false,"template":"","format":"standard","meta":{"_acf_changed":false,"footnotes":""},"categories":[294],"tags":[],"class_list":["post-22841","post","type-post","status-publish","format-standard","has-post-thumbnail","hentry","category-news"],"acf":[],"yoast_head":"<!-- This site is optimized with the Yoast SEO plugin v27.4 - https:\/\/yoast.com\/product\/yoast-seo-wordpress\/ -->\n<title>ADRA Germania \u00een vizit\u0103 \u00een Moldova - ADRA Moldova<\/title>\n<meta name=\"robots\" content=\"index, follow, max-snippet:-1, max-image-preview:large, max-video-preview:-1\" \/>\n<link rel=\"canonical\" href=\"https:\/\/adra.md\/ru\/adra-germania-in-vizita-in-moldova\/\" \/>\n<meta property=\"og:locale\" content=\"ru_RU\" \/>\n<meta property=\"og:type\" content=\"article\" \/>\n<meta property=\"og:title\" content=\"ADRA Germania \u00een vizit\u0103 \u00een Moldova - ADRA Moldova\" \/>\n<meta property=\"og:description\" content=\"\u00cen perioada 10-20 noiembrie 2025, echipa ADRA Moldova a avut onoarea de a-l g\u0103zdui pe Marek Soos, coordonator de programe ADRA Germania, \u00eentr-o vizit\u0103 de monitorizare a proiectului \u201eEmergency, Protection and Integration Support for crisis-affected persons in Moldova (EPIS Moldova)\u201d. Pe parcursul vizitei, au fost desf\u0103\u0219urate activit\u0103\u021bi \u00een regiunile de implementare a proiectului: R\u00eebni\u021ba, Vulc\u0103ne\u0219ti, [&hellip;]\" \/>\n<meta property=\"og:url\" content=\"https:\/\/adra.md\/ru\/adra-germania-in-vizita-in-moldova\/\" \/>\n<meta property=\"og:site_name\" content=\"ADRA Moldova\" \/>\n<meta property=\"article:published_time\" content=\"2025-11-25T13:23:18+00:00\" \/>\n<meta property=\"article:modified_time\" content=\"2025-11-25T13:32:35+00:00\" \/>\n<meta property=\"og:image\" content=\"https:\/\/adra.md\/wp-content\/uploads\/2025\/11\/featured-foto-scaled.jpg\" \/>\n\t<meta property=\"og:image:width\" content=\"2560\" \/>\n\t<meta property=\"og:image:height\" content=\"834\" \/>\n\t<meta property=\"og:image:type\" content=\"image\/jpeg\" \/>\n<meta name=\"author\" content=\"ADRA Moldova\" \/>\n<meta name=\"twitter:card\" content=\"summary_large_image\" \/>\n<meta name=\"twitter:label1\" content=\"\u041d\u0430\u043f\u0438\u0441\u0430\u043d\u043e \u0430\u0432\u0442\u043e\u0440\u043e\u043c\" \/>\n\t<meta name=\"twitter:data1\" content=\"ADRA Moldova\" \/>\n\t<meta name=\"twitter:label2\" content=\"\u041f\u0440\u0438\u043c\u0435\u0440\u043d\u043e\u0435 \u0432\u0440\u0435\u043c\u044f \u0434\u043b\u044f \u0447\u0442\u0435\u043d\u0438\u044f\" \/>\n\t<meta name=\"twitter:data2\" content=\"1 \u043c\u0438\u043d\u0443\u0442\u0430\" \/>\n<script type=\"application\/ld+json\" class=\"yoast-schema-graph\">{\"@context\":\"https:\\\/\\\/schema.org\",\"@graph\":[{\"@type\":\"Article\",\"@id\":\"https:\\\/\\\/adra.md\\\/ru\\\/adra-germania-in-vizita-in-moldova\\\/#article\",\"isPartOf\":{\"@id\":\"https:\\\/\\\/adra.md\\\/ru\\\/adra-germania-in-vizita-in-moldova\\\/\"},\"author\":{\"name\":\"ADRA Moldova\",\"@id\":\"https:\\\/\\\/adra.md\\\/#\\\/schema\\\/person\\\/b0181e611ee89738cefb7dc2db2bb8d1\"},\"headline\":\"ADRA Germania \u00een vizit\u0103 \u00een Moldova\",\"datePublished\":\"2025-11-25T13:23:18+00:00\",\"dateModified\":\"2025-11-25T13:32:35+00:00\",\"mainEntityOfPage\":{\"@id\":\"https:\\\/\\\/adra.md\\\/ru\\\/adra-germania-in-vizita-in-moldova\\\/\"},\"wordCount\":203,\"publisher\":{\"@id\":\"https:\\\/\\\/adra.md\\\/#organization\"},\"image\":{\"@id\":\"https:\\\/\\\/adra.md\\\/ru\\\/adra-germania-in-vizita-in-moldova\\\/#primaryimage\"},\"thumbnailUrl\":\"https:\\\/\\\/adra.md\\\/wp-content\\\/uploads\\\/2025\\\/11\\\/featured-foto-scaled.jpg\",\"articleSection\":[\"News\"],\"inLanguage\":\"ru-RU\"},{\"@type\":\"WebPage\",\"@id\":\"https:\\\/\\\/adra.md\\\/ru\\\/adra-germania-in-vizita-in-moldova\\\/\",\"url\":\"https:\\\/\\\/adra.md\\\/ru\\\/adra-germania-in-vizita-in-moldova\\\/\",\"name\":\"ADRA Germania \u00een vizit\u0103 \u00een Moldova - ADRA Moldova\",\"isPartOf\":{\"@id\":\"https:\\\/\\\/adra.md\\\/#website\"},\"primaryImageOfPage\":{\"@id\":\"https:\\\/\\\/adra.md\\\/ru\\\/adra-germania-in-vizita-in-moldova\\\/#primaryimage\"},\"image\":{\"@id\":\"https:\\\/\\\/adra.md\\\/ru\\\/adra-germania-in-vizita-in-moldova\\\/#primaryimage\"},\"thumbnailUrl\":\"https:\\\/\\\/adra.md\\\/wp-content\\\/uploads\\\/2025\\\/11\\\/featured-foto-scaled.jpg\",\"datePublished\":\"2025-11-25T13:23:18+00:00\",\"dateModified\":\"2025-11-25T13:32:35+00:00\",\"breadcrumb\":{\"@id\":\"https:\\\/\\\/adra.md\\\/ru\\\/adra-germania-in-vizita-in-moldova\\\/#breadcrumb\"},\"inLanguage\":\"ru-RU\",\"potentialAction\":[{\"@type\":\"ReadAction\",\"target\":[\"https:\\\/\\\/adra.md\\\/ru\\\/adra-germania-in-vizita-in-moldova\\\/\"]}]},{\"@type\":\"ImageObject\",\"inLanguage\":\"ru-RU\",\"@id\":\"https:\\\/\\\/adra.md\\\/ru\\\/adra-germania-in-vizita-in-moldova\\\/#primaryimage\",\"url\":\"https:\\\/\\\/adra.md\\\/wp-content\\\/uploads\\\/2025\\\/11\\\/featured-foto-scaled.jpg\",\"contentUrl\":\"https:\\\/\\\/adra.md\\\/wp-content\\\/uploads\\\/2025\\\/11\\\/featured-foto-scaled.jpg\",\"width\":2560,\"height\":834},{\"@type\":\"BreadcrumbList\",\"@id\":\"https:\\\/\\\/adra.md\\\/ru\\\/adra-germania-in-vizita-in-moldova\\\/#breadcrumb\",\"itemListElement\":[{\"@type\":\"ListItem\",\"position\":1,\"name\":\"Home\",\"item\":\"https:\\\/\\\/adra.md\\\/\"},{\"@type\":\"ListItem\",\"position\":2,\"name\":\"ADRA Germania \u00een vizit\u0103 \u00een Moldova\"}]},{\"@type\":\"WebSite\",\"@id\":\"https:\\\/\\\/adra.md\\\/#website\",\"url\":\"https:\\\/\\\/adra.md\\\/\",\"name\":\"ADRA Moldova\",\"description\":\"Agen\u0163ia Adventist\u0103 pentru Dezvoltare, Refacere \u015fi Ajutor\",\"publisher\":{\"@id\":\"https:\\\/\\\/adra.md\\\/#organization\"},\"potentialAction\":[{\"@type\":\"SearchAction\",\"target\":{\"@type\":\"EntryPoint\",\"urlTemplate\":\"https:\\\/\\\/adra.md\\\/?s={search_term_string}\"},\"query-input\":{\"@type\":\"PropertyValueSpecification\",\"valueRequired\":true,\"valueName\":\"search_term_string\"}}],\"inLanguage\":\"ru-RU\"},{\"@type\":\"Organization\",\"@id\":\"https:\\\/\\\/adra.md\\\/#organization\",\"name\":\"ADRA Moldova\",\"url\":\"https:\\\/\\\/adra.md\\\/\",\"logo\":{\"@type\":\"ImageObject\",\"inLanguage\":\"ru-RU\",\"@id\":\"https:\\\/\\\/adra.md\\\/#\\\/schema\\\/logo\\\/image\\\/\",\"url\":\"https:\\\/\\\/adra.md\\\/wp-content\\\/uploads\\\/2019\\\/11\\\/group-435.png\",\"contentUrl\":\"https:\\\/\\\/adra.md\\\/wp-content\\\/uploads\\\/2019\\\/11\\\/group-435.png\",\"width\":500,\"height\":133,\"caption\":\"ADRA Moldova\"},\"image\":{\"@id\":\"https:\\\/\\\/adra.md\\\/#\\\/schema\\\/logo\\\/image\\\/\"}},{\"@type\":\"Person\",\"@id\":\"https:\\\/\\\/adra.md\\\/#\\\/schema\\\/person\\\/b0181e611ee89738cefb7dc2db2bb8d1\",\"name\":\"ADRA Moldova\",\"url\":\"https:\\\/\\\/adra.md\\\/ru\\\/author\\\/andrei-girleanu\\\/\"}]}<\/script>\n<!-- \/ Yoast SEO plugin. -->","yoast_head_json":{"title":"ADRA Germania \u00een vizit\u0103 \u00een Moldova - ADRA Moldova","robots":{"index":"index","follow":"follow","max-snippet":"max-snippet:-1","max-image-preview":"max-image-preview:large","max-video-preview":"max-video-preview:-1"},"canonical":"https:\/\/adra.md\/ru\/adra-germania-in-vizita-in-moldova\/","og_locale":"ru_RU","og_type":"article","og_title":"ADRA Germania \u00een vizit\u0103 \u00een Moldova - ADRA Moldova","og_description":"\u00cen perioada 10-20 noiembrie 2025, echipa ADRA Moldova a avut onoarea de a-l g\u0103zdui pe Marek Soos, coordonator de programe ADRA Germania, \u00eentr-o vizit\u0103 de monitorizare a proiectului \u201eEmergency, Protection and Integration Support for crisis-affected persons in Moldova (EPIS Moldova)\u201d. Pe parcursul vizitei, au fost desf\u0103\u0219urate activit\u0103\u021bi \u00een regiunile de implementare a proiectului: R\u00eebni\u021ba, Vulc\u0103ne\u0219ti, [&hellip;]","og_url":"https:\/\/adra.md\/ru\/adra-germania-in-vizita-in-moldova\/","og_site_name":"ADRA Moldova","article_published_time":"2025-11-25T13:23:18+00:00","article_modified_time":"2025-11-25T13:32:35+00:00","og_image":[{"width":2560,"height":834,"url":"https:\/\/adra.md\/wp-content\/uploads\/2025\/11\/featured-foto-scaled.jpg","type":"image\/jpeg"}],"author":"ADRA Moldova","twitter_card":"summary_large_image","twitter_misc":{"\u041d\u0430\u043f\u0438\u0441\u0430\u043d\u043e \u0430\u0432\u0442\u043e\u0440\u043e\u043c":"ADRA Moldova","\u041f\u0440\u0438\u043c\u0435\u0440\u043d\u043e\u0435 \u0432\u0440\u0435\u043c\u044f \u0434\u043b\u044f \u0447\u0442\u0435\u043d\u0438\u044f":"1 \u043c\u0438\u043d\u0443\u0442\u0430"},"schema":{"@context":"https:\/\/schema.org","@graph":[{"@type":"Article","@id":"https:\/\/adra.md\/ru\/adra-germania-in-vizita-in-moldova\/#article","isPartOf":{"@id":"https:\/\/adra.md\/ru\/adra-germania-in-vizita-in-moldova\/"},"author":{"name":"ADRA Moldova","@id":"https:\/\/adra.md\/#\/schema\/person\/b0181e611ee89738cefb7dc2db2bb8d1"},"headline":"ADRA Germania \u00een vizit\u0103 \u00een Moldova","datePublished":"2025-11-25T13:23:18+00:00","dateModified":"2025-11-25T13:32:35+00:00","mainEntityOfPage":{"@id":"https:\/\/adra.md\/ru\/adra-germania-in-vizita-in-moldova\/"},"wordCount":203,"publisher":{"@id":"https:\/\/adra.md\/#organization"},"image":{"@id":"https:\/\/adra.md\/ru\/adra-germania-in-vizita-in-moldova\/#primaryimage"},"thumbnailUrl":"https:\/\/adra.md\/wp-content\/uploads\/2025\/11\/featured-foto-scaled.jpg","articleSection":["News"],"inLanguage":"ru-RU"},{"@type":"WebPage","@id":"https:\/\/adra.md\/ru\/adra-germania-in-vizita-in-moldova\/","url":"https:\/\/adra.md\/ru\/adra-germania-in-vizita-in-moldova\/","name":"ADRA Germania \u00een vizit\u0103 \u00een Moldova - ADRA Moldova","isPartOf":{"@id":"https:\/\/adra.md\/#website"},"primaryImageOfPage":{"@id":"https:\/\/adra.md\/ru\/adra-germania-in-vizita-in-moldova\/#primaryimage"},"image":{"@id":"https:\/\/adra.md\/ru\/adra-germania-in-vizita-in-moldova\/#primaryimage"},"thumbnailUrl":"https:\/\/adra.md\/wp-content\/uploads\/2025\/11\/featured-foto-scaled.jpg","datePublished":"2025-11-25T13:23:18+00:00","dateModified":"2025-11-25T13:32:35+00:00","breadcrumb":{"@id":"https:\/\/adra.md\/ru\/adra-germania-in-vizita-in-moldova\/#breadcrumb"},"inLanguage":"ru-RU","potentialAction":[{"@type":"ReadAction","target":["https:\/\/adra.md\/ru\/adra-germania-in-vizita-in-moldova\/"]}]},{"@type":"ImageObject","inLanguage":"ru-RU","@id":"https:\/\/adra.md\/ru\/adra-germania-in-vizita-in-moldova\/#primaryimage","url":"https:\/\/adra.md\/wp-content\/uploads\/2025\/11\/featured-foto-scaled.jpg","contentUrl":"https:\/\/adra.md\/wp-content\/uploads\/2025\/11\/featured-foto-scaled.jpg","width":2560,"height":834},{"@type":"BreadcrumbList","@id":"https:\/\/adra.md\/ru\/adra-germania-in-vizita-in-moldova\/#breadcrumb","itemListElement":[{"@type":"ListItem","position":1,"name":"Home","item":"https:\/\/adra.md\/"},{"@type":"ListItem","position":2,"name":"ADRA Germania \u00een vizit\u0103 \u00een Moldova"}]},{"@type":"WebSite","@id":"https:\/\/adra.md\/#website","url":"https:\/\/adra.md\/","name":"ADRA Moldova","description":"Agen\u0163ia Adventist\u0103 pentru Dezvoltare, Refacere \u015fi Ajutor","publisher":{"@id":"https:\/\/adra.md\/#organization"},"potentialAction":[{"@type":"SearchAction","target":{"@type":"EntryPoint","urlTemplate":"https:\/\/adra.md\/?s={search_term_string}"},"query-input":{"@type":"PropertyValueSpecification","valueRequired":true,"valueName":"search_term_string"}}],"inLanguage":"ru-RU"},{"@type":"Organization","@id":"https:\/\/adra.md\/#organization","name":"ADRA Moldova","url":"https:\/\/adra.md\/","logo":{"@type":"ImageObject","inLanguage":"ru-RU","@id":"https:\/\/adra.md\/#\/schema\/logo\/image\/","url":"https:\/\/adra.md\/wp-content\/uploads\/2019\/11\/group-435.png","contentUrl":"https:\/\/adra.md\/wp-content\/uploads\/2019\/11\/group-435.png","width":500,"height":133,"caption":"ADRA Moldova"},"image":{"@id":"https:\/\/adra.md\/#\/schema\/logo\/image\/"}},{"@type":"Person","@id":"https:\/\/adra.md\/#\/schema\/person\/b0181e611ee89738cefb7dc2db2bb8d1","name":"ADRA Moldova","url":"https:\/\/adra.md\/ru\/author\/andrei-girleanu\/"}]}},"_links":{"self":[{"href":"https:\/\/adra.md\/ru\/wp-json\/wp\/v2\/posts\/22841","targetHints":{"allow":["GET"]}}],"collection":[{"href":"https:\/\/adra.md\/ru\/wp-json\/wp\/v2\/posts"}],"about":[{"href":"https:\/\/adra.md\/ru\/wp-json\/wp\/v2\/types\/post"}],"author":[{"embeddable":true,"href":"https:\/\/adra.md\/ru\/wp-json\/wp\/v2\/users\/9"}],"replies":[{"embeddable":true,"href":"https:\/\/adra.md\/ru\/wp-json\/wp\/v2\/comments?post=22841"}],"version-history":[{"count":5,"href":"https:\/\/adra.md\/ru\/wp-json\/wp\/v2\/posts\/22841\/revisions"}],"predecessor-version":[{"id":22859,"href":"https:\/\/adra.md\/ru\/wp-json\/wp\/v2\/posts\/22841\/revisions\/22859"}],"wp:featuredmedia":[{"embeddable":true,"href":"https:\/\/adra.md\/ru\/wp-json\/wp\/v2\/media\/22854"}],"wp:attachment":[{"href":"https:\/\/adra.md\/ru\/wp-json\/wp\/v2\/media?parent=22841"}],"wp:term":[{"taxonomy":"category","embeddable":true,"href":"https:\/\/adra.md\/ru\/wp-json\/wp\/v2\/categories?post=22841"},{"taxonomy":"post_tag","embeddable":true,"href":"https:\/\/adra.md\/ru\/wp-json\/wp\/v2\/tags?post=22841"}],"curies":[{"name":"wp","href":"https:\/\/api.w.org\/{rel}","templated":true}]}}