{"id":22881,"date":"2025-12-30T09:57:00","date_gmt":"2025-12-30T09:57:00","guid":{"rendered":"https:\/\/adra.md\/?p=22881"},"modified":"2025-12-30T09:58:31","modified_gmt":"2025-12-30T09:58:31","slug":"un-revelion-plin-de-bucurie-si-speranta-la-centrul-adra-din-ribnita","status":"publish","type":"post","link":"https:\/\/adra.md\/ru\/un-revelion-plin-de-bucurie-si-speranta-la-centrul-adra-din-ribnita\/","title":{"rendered":"Un Revelion plin de bucurie \u0219i speran\u021b\u0103 la Centrul ADRA din Ribnita"},"content":{"rendered":"<p>La finalul anului, Centrul ADRA din R\u00eebni\u021ba a s\u0103rb\u0103torit \u00eempreun\u0103 cu comunitatea, reunind at\u00e2t localnici, c\u00e2t \u0219i refugia\u021bi ucraineni, \u00eentr-o atmosfer\u0103 de bucurie \u0219i speran\u021b\u0103. Costumele \u0219i m\u0103\u0219tile colorate, concursurile, muzica \u0219i voia bun\u0103 au creat momente memorabile, iar participan\u021bii au sim\u021bit c\u0103 fac parte dintr-o comunitate cald\u0103 \u0219i primitoare.<\/p>\n<p>Fiecare z\u00e2mbet, fiecare urare \u0219i fiecare moment de distrac\u021bie \u0219i reflec\u021bie au marcat \u00eencheierea anului \u0219i au adus energie pentru un nou \u00eenceput, speran\u021b\u0103 \u0219i planuri pentru anul care vine.<\/p>\n<p>Mul\u021bumiri speciale coordonatoarei Centrului, Vera Oni\u0219cenco, pentru implicare, dedicare \u0219i pentru men\u021binerea \u0219i dezvoltarea acestor conexiuni valoroase \u00een comunitate!<\/p>\n<p><em>#ADRA #R\u00eebni\u021ba #Revelion2025 #\u0421\u043f\u0440\u0430\u0432\u0436\u043d\u0456\u041f\u0440\u0430\u0437\u0434\u043d\u0438\u043a\u0438 #CommunitySpirit #EPISMoldova #AktionDeutschlandHilft<\/em><\/p>\n<p><img fetchpriority=\"high\" decoding=\"async\" class=\"alignnone size-large wp-image-22882\" src=\"https:\/\/adra.md\/wp-content\/uploads\/2025\/12\/1-1-1024x1024.jpeg\" alt=\"\" width=\"800\" height=\"800\" srcset=\"https:\/\/adra.md\/wp-content\/uploads\/2025\/12\/1-1-1024x1024.jpeg 1024w, https:\/\/adra.md\/wp-content\/uploads\/2025\/12\/1-1-300x300.jpeg 300w, https:\/\/adra.md\/wp-content\/uploads\/2025\/12\/1-1-150x150.jpeg 150w, https:\/\/adra.md\/wp-content\/uploads\/2025\/12\/1-1-768x768.jpeg 768w, https:\/\/adra.md\/wp-content\/uploads\/2025\/12\/1-1-1536x1536.jpeg 1536w, https:\/\/adra.md\/wp-content\/uploads\/2025\/12\/1-1-12x12.jpeg 12w, https:\/\/adra.md\/wp-content\/uploads\/2025\/12\/1-1.jpeg 1600w\" sizes=\"(max-width: 800px) 100vw, 800px\" \/> <img decoding=\"async\" class=\"alignnone size-large wp-image-22883\" src=\"https:\/\/adra.md\/wp-content\/uploads\/2025\/12\/WhatsApp-Image-2025-12-29-at-3-768x1024.jpeg\" alt=\"\" width=\"768\" height=\"1024\" srcset=\"https:\/\/adra.md\/wp-content\/uploads\/2025\/12\/WhatsApp-Image-2025-12-29-at-3-768x1024.jpeg 768w, https:\/\/adra.md\/wp-content\/uploads\/2025\/12\/WhatsApp-Image-2025-12-29-at-3-225x300.jpeg 225w, https:\/\/adra.md\/wp-content\/uploads\/2025\/12\/WhatsApp-Image-2025-12-29-at-3-1152x1536.jpeg 1152w, https:\/\/adra.md\/wp-content\/uploads\/2025\/12\/WhatsApp-Image-2025-12-29-at-3-9x12.jpeg 9w, https:\/\/adra.md\/wp-content\/uploads\/2025\/12\/WhatsApp-Image-2025-12-29-at-3.jpeg 1200w\" sizes=\"(max-width: 768px) 100vw, 768px\" \/> <img decoding=\"async\" class=\"alignnone size-large wp-image-22884\" src=\"https:\/\/adra.md\/wp-content\/uploads\/2025\/12\/WhatsApp-Image-2025-12-29-at-19.53.57-1024x684.jpeg\" alt=\"\" width=\"800\" height=\"534\" srcset=\"https:\/\/adra.md\/wp-content\/uploads\/2025\/12\/WhatsApp-Image-2025-12-29-at-19.53.57-1024x684.jpeg 1024w, https:\/\/adra.md\/wp-content\/uploads\/2025\/12\/WhatsApp-Image-2025-12-29-at-19.53.57-300x200.jpeg 300w, https:\/\/adra.md\/wp-content\/uploads\/2025\/12\/WhatsApp-Image-2025-12-29-at-19.53.57-768x513.jpeg 768w, https:\/\/adra.md\/wp-content\/uploads\/2025\/12\/WhatsApp-Image-2025-12-29-at-19.53.57-1536x1025.jpeg 1536w, https:\/\/adra.md\/wp-content\/uploads\/2025\/12\/WhatsApp-Image-2025-12-29-at-19.53.57-18x12.jpeg 18w, https:\/\/adra.md\/wp-content\/uploads\/2025\/12\/WhatsApp-Image-2025-12-29-at-19.53.57.jpeg 1600w\" sizes=\"(max-width: 800px) 100vw, 800px\" \/><\/p>","protected":false},"excerpt":{"rendered":"<p>La finalul anului, Centrul ADRA din R\u00eebni\u021ba a s\u0103rb\u0103torit \u00eempreun\u0103 cu comunitatea, reunind at\u00e2t localnici, c\u00e2t \u0219i refugia\u021bi ucraineni, \u00eentr-o atmosfer\u0103 de bucurie \u0219i speran\u021b\u0103. Costumele \u0219i m\u0103\u0219tile colorate, concursurile, muzica \u0219i voia bun\u0103 au creat momente memorabile, iar participan\u021bii au sim\u021bit c\u0103 fac parte dintr-o comunitate cald\u0103 \u0219i primitoare. Fiecare z\u00e2mbet, fiecare urare \u0219i [&hellip;]<\/p>\n","protected":false},"author":9,"featured_media":22882,"comment_status":"closed","ping_status":"closed","sticky":false,"template":"","format":"standard","meta":{"_acf_changed":false,"footnotes":""},"categories":[294],"tags":[],"class_list":["post-22881","post","type-post","status-publish","format-standard","has-post-thumbnail","hentry","category-news"],"acf":[],"yoast_head":"<!-- This site is optimized with the Yoast SEO plugin v27.4 - https:\/\/yoast.com\/product\/yoast-seo-wordpress\/ -->\n<title>Un Revelion plin de bucurie \u0219i speran\u021b\u0103 la Centrul ADRA din Ribnita - ADRA Moldova<\/title>\n<meta name=\"robots\" content=\"index, follow, max-snippet:-1, max-image-preview:large, max-video-preview:-1\" \/>\n<link rel=\"canonical\" href=\"https:\/\/adra.md\/ru\/un-revelion-plin-de-bucurie-si-speranta-la-centrul-adra-din-ribnita\/\" \/>\n<meta property=\"og:locale\" content=\"ru_RU\" \/>\n<meta property=\"og:type\" content=\"article\" \/>\n<meta property=\"og:title\" content=\"Un Revelion plin de bucurie \u0219i speran\u021b\u0103 la Centrul ADRA din Ribnita - ADRA Moldova\" \/>\n<meta property=\"og:description\" content=\"La finalul anului, Centrul ADRA din R\u00eebni\u021ba a s\u0103rb\u0103torit \u00eempreun\u0103 cu comunitatea, reunind at\u00e2t localnici, c\u00e2t \u0219i refugia\u021bi ucraineni, \u00eentr-o atmosfer\u0103 de bucurie \u0219i speran\u021b\u0103. Costumele \u0219i m\u0103\u0219tile colorate, concursurile, muzica \u0219i voia bun\u0103 au creat momente memorabile, iar participan\u021bii au sim\u021bit c\u0103 fac parte dintr-o comunitate cald\u0103 \u0219i primitoare. Fiecare z\u00e2mbet, fiecare urare \u0219i [&hellip;]\" \/>\n<meta property=\"og:url\" content=\"https:\/\/adra.md\/ru\/un-revelion-plin-de-bucurie-si-speranta-la-centrul-adra-din-ribnita\/\" \/>\n<meta property=\"og:site_name\" content=\"ADRA Moldova\" \/>\n<meta property=\"article:published_time\" content=\"2025-12-30T09:57:00+00:00\" \/>\n<meta property=\"article:modified_time\" content=\"2025-12-30T09:58:31+00:00\" \/>\n<meta property=\"og:image\" content=\"https:\/\/adra.md\/wp-content\/uploads\/2025\/12\/1-1.jpeg\" \/>\n\t<meta property=\"og:image:width\" content=\"1600\" \/>\n\t<meta property=\"og:image:height\" content=\"1600\" \/>\n\t<meta property=\"og:image:type\" content=\"image\/jpeg\" \/>\n<meta name=\"author\" content=\"ADRA Moldova\" \/>\n<meta name=\"twitter:card\" content=\"summary_large_image\" \/>\n<meta name=\"twitter:label1\" content=\"\u041d\u0430\u043f\u0438\u0441\u0430\u043d\u043e \u0430\u0432\u0442\u043e\u0440\u043e\u043c\" \/>\n\t<meta name=\"twitter:data1\" content=\"ADRA Moldova\" \/>\n\t<meta name=\"twitter:label2\" content=\"\u041f\u0440\u0438\u043c\u0435\u0440\u043d\u043e\u0435 \u0432\u0440\u0435\u043c\u044f \u0434\u043b\u044f \u0447\u0442\u0435\u043d\u0438\u044f\" \/>\n\t<meta name=\"twitter:data2\" content=\"1 \u043c\u0438\u043d\u0443\u0442\u0430\" \/>\n<script type=\"application\/ld+json\" class=\"yoast-schema-graph\">{\"@context\":\"https:\\\/\\\/schema.org\",\"@graph\":[{\"@type\":\"Article\",\"@id\":\"https:\\\/\\\/adra.md\\\/un-revelion-plin-de-bucurie-si-speranta-la-centrul-adra-din-ribnita\\\/#article\",\"isPartOf\":{\"@id\":\"https:\\\/\\\/adra.md\\\/un-revelion-plin-de-bucurie-si-speranta-la-centrul-adra-din-ribnita\\\/\"},\"author\":{\"name\":\"ADRA Moldova\",\"@id\":\"https:\\\/\\\/adra.md\\\/#\\\/schema\\\/person\\\/b0181e611ee89738cefb7dc2db2bb8d1\"},\"headline\":\"Un Revelion plin de bucurie \u0219i speran\u021b\u0103 la Centrul ADRA din Ribnita\",\"datePublished\":\"2025-12-30T09:57:00+00:00\",\"dateModified\":\"2025-12-30T09:58:31+00:00\",\"mainEntityOfPage\":{\"@id\":\"https:\\\/\\\/adra.md\\\/un-revelion-plin-de-bucurie-si-speranta-la-centrul-adra-din-ribnita\\\/\"},\"wordCount\":148,\"publisher\":{\"@id\":\"https:\\\/\\\/adra.md\\\/#organization\"},\"image\":{\"@id\":\"https:\\\/\\\/adra.md\\\/un-revelion-plin-de-bucurie-si-speranta-la-centrul-adra-din-ribnita\\\/#primaryimage\"},\"thumbnailUrl\":\"https:\\\/\\\/adra.md\\\/wp-content\\\/uploads\\\/2025\\\/12\\\/1-1.jpeg\",\"articleSection\":[\"News\"],\"inLanguage\":\"ru-RU\"},{\"@type\":\"WebPage\",\"@id\":\"https:\\\/\\\/adra.md\\\/un-revelion-plin-de-bucurie-si-speranta-la-centrul-adra-din-ribnita\\\/\",\"url\":\"https:\\\/\\\/adra.md\\\/un-revelion-plin-de-bucurie-si-speranta-la-centrul-adra-din-ribnita\\\/\",\"name\":\"Un Revelion plin de bucurie \u0219i speran\u021b\u0103 la Centrul ADRA din Ribnita - ADRA Moldova\",\"isPartOf\":{\"@id\":\"https:\\\/\\\/adra.md\\\/#website\"},\"primaryImageOfPage\":{\"@id\":\"https:\\\/\\\/adra.md\\\/un-revelion-plin-de-bucurie-si-speranta-la-centrul-adra-din-ribnita\\\/#primaryimage\"},\"image\":{\"@id\":\"https:\\\/\\\/adra.md\\\/un-revelion-plin-de-bucurie-si-speranta-la-centrul-adra-din-ribnita\\\/#primaryimage\"},\"thumbnailUrl\":\"https:\\\/\\\/adra.md\\\/wp-content\\\/uploads\\\/2025\\\/12\\\/1-1.jpeg\",\"datePublished\":\"2025-12-30T09:57:00+00:00\",\"dateModified\":\"2025-12-30T09:58:31+00:00\",\"breadcrumb\":{\"@id\":\"https:\\\/\\\/adra.md\\\/un-revelion-plin-de-bucurie-si-speranta-la-centrul-adra-din-ribnita\\\/#breadcrumb\"},\"inLanguage\":\"ru-RU\",\"potentialAction\":[{\"@type\":\"ReadAction\",\"target\":[\"https:\\\/\\\/adra.md\\\/un-revelion-plin-de-bucurie-si-speranta-la-centrul-adra-din-ribnita\\\/\"]}]},{\"@type\":\"ImageObject\",\"inLanguage\":\"ru-RU\",\"@id\":\"https:\\\/\\\/adra.md\\\/un-revelion-plin-de-bucurie-si-speranta-la-centrul-adra-din-ribnita\\\/#primaryimage\",\"url\":\"https:\\\/\\\/adra.md\\\/wp-content\\\/uploads\\\/2025\\\/12\\\/1-1.jpeg\",\"contentUrl\":\"https:\\\/\\\/adra.md\\\/wp-content\\\/uploads\\\/2025\\\/12\\\/1-1.jpeg\",\"width\":1600,\"height\":1600},{\"@type\":\"BreadcrumbList\",\"@id\":\"https:\\\/\\\/adra.md\\\/un-revelion-plin-de-bucurie-si-speranta-la-centrul-adra-din-ribnita\\\/#breadcrumb\",\"itemListElement\":[{\"@type\":\"ListItem\",\"position\":1,\"name\":\"Home\",\"item\":\"https:\\\/\\\/adra.md\\\/\"},{\"@type\":\"ListItem\",\"position\":2,\"name\":\"Un Revelion plin de bucurie \u0219i speran\u021b\u0103 la Centrul ADRA din Ribnita\"}]},{\"@type\":\"WebSite\",\"@id\":\"https:\\\/\\\/adra.md\\\/#website\",\"url\":\"https:\\\/\\\/adra.md\\\/\",\"name\":\"ADRA Moldova\",\"description\":\"Agen\u0163ia Adventist\u0103 pentru Dezvoltare, Refacere \u015fi Ajutor\",\"publisher\":{\"@id\":\"https:\\\/\\\/adra.md\\\/#organization\"},\"potentialAction\":[{\"@type\":\"SearchAction\",\"target\":{\"@type\":\"EntryPoint\",\"urlTemplate\":\"https:\\\/\\\/adra.md\\\/?s={search_term_string}\"},\"query-input\":{\"@type\":\"PropertyValueSpecification\",\"valueRequired\":true,\"valueName\":\"search_term_string\"}}],\"inLanguage\":\"ru-RU\"},{\"@type\":\"Organization\",\"@id\":\"https:\\\/\\\/adra.md\\\/#organization\",\"name\":\"ADRA Moldova\",\"url\":\"https:\\\/\\\/adra.md\\\/\",\"logo\":{\"@type\":\"ImageObject\",\"inLanguage\":\"ru-RU\",\"@id\":\"https:\\\/\\\/adra.md\\\/#\\\/schema\\\/logo\\\/image\\\/\",\"url\":\"https:\\\/\\\/adra.md\\\/wp-content\\\/uploads\\\/2019\\\/11\\\/group-435.png\",\"contentUrl\":\"https:\\\/\\\/adra.md\\\/wp-content\\\/uploads\\\/2019\\\/11\\\/group-435.png\",\"width\":500,\"height\":133,\"caption\":\"ADRA Moldova\"},\"image\":{\"@id\":\"https:\\\/\\\/adra.md\\\/#\\\/schema\\\/logo\\\/image\\\/\"}},{\"@type\":\"Person\",\"@id\":\"https:\\\/\\\/adra.md\\\/#\\\/schema\\\/person\\\/b0181e611ee89738cefb7dc2db2bb8d1\",\"name\":\"ADRA Moldova\",\"url\":\"https:\\\/\\\/adra.md\\\/ru\\\/author\\\/andrei-girleanu\\\/\"}]}<\/script>\n<!-- \/ Yoast SEO plugin. -->","yoast_head_json":{"title":"Un Revelion plin de bucurie \u0219i speran\u021b\u0103 la Centrul ADRA din Ribnita - ADRA Moldova","robots":{"index":"index","follow":"follow","max-snippet":"max-snippet:-1","max-image-preview":"max-image-preview:large","max-video-preview":"max-video-preview:-1"},"canonical":"https:\/\/adra.md\/ru\/un-revelion-plin-de-bucurie-si-speranta-la-centrul-adra-din-ribnita\/","og_locale":"ru_RU","og_type":"article","og_title":"Un Revelion plin de bucurie \u0219i speran\u021b\u0103 la Centrul ADRA din Ribnita - ADRA Moldova","og_description":"La finalul anului, Centrul ADRA din R\u00eebni\u021ba a s\u0103rb\u0103torit \u00eempreun\u0103 cu comunitatea, reunind at\u00e2t localnici, c\u00e2t \u0219i refugia\u021bi ucraineni, \u00eentr-o atmosfer\u0103 de bucurie \u0219i speran\u021b\u0103. Costumele \u0219i m\u0103\u0219tile colorate, concursurile, muzica \u0219i voia bun\u0103 au creat momente memorabile, iar participan\u021bii au sim\u021bit c\u0103 fac parte dintr-o comunitate cald\u0103 \u0219i primitoare. Fiecare z\u00e2mbet, fiecare urare \u0219i [&hellip;]","og_url":"https:\/\/adra.md\/ru\/un-revelion-plin-de-bucurie-si-speranta-la-centrul-adra-din-ribnita\/","og_site_name":"ADRA Moldova","article_published_time":"2025-12-30T09:57:00+00:00","article_modified_time":"2025-12-30T09:58:31+00:00","og_image":[{"width":1600,"height":1600,"url":"https:\/\/adra.md\/wp-content\/uploads\/2025\/12\/1-1.jpeg","type":"image\/jpeg"}],"author":"ADRA Moldova","twitter_card":"summary_large_image","twitter_misc":{"\u041d\u0430\u043f\u0438\u0441\u0430\u043d\u043e \u0430\u0432\u0442\u043e\u0440\u043e\u043c":"ADRA Moldova","\u041f\u0440\u0438\u043c\u0435\u0440\u043d\u043e\u0435 \u0432\u0440\u0435\u043c\u044f \u0434\u043b\u044f \u0447\u0442\u0435\u043d\u0438\u044f":"1 \u043c\u0438\u043d\u0443\u0442\u0430"},"schema":{"@context":"https:\/\/schema.org","@graph":[{"@type":"Article","@id":"https:\/\/adra.md\/un-revelion-plin-de-bucurie-si-speranta-la-centrul-adra-din-ribnita\/#article","isPartOf":{"@id":"https:\/\/adra.md\/un-revelion-plin-de-bucurie-si-speranta-la-centrul-adra-din-ribnita\/"},"author":{"name":"ADRA Moldova","@id":"https:\/\/adra.md\/#\/schema\/person\/b0181e611ee89738cefb7dc2db2bb8d1"},"headline":"Un Revelion plin de bucurie \u0219i speran\u021b\u0103 la Centrul ADRA din Ribnita","datePublished":"2025-12-30T09:57:00+00:00","dateModified":"2025-12-30T09:58:31+00:00","mainEntityOfPage":{"@id":"https:\/\/adra.md\/un-revelion-plin-de-bucurie-si-speranta-la-centrul-adra-din-ribnita\/"},"wordCount":148,"publisher":{"@id":"https:\/\/adra.md\/#organization"},"image":{"@id":"https:\/\/adra.md\/un-revelion-plin-de-bucurie-si-speranta-la-centrul-adra-din-ribnita\/#primaryimage"},"thumbnailUrl":"https:\/\/adra.md\/wp-content\/uploads\/2025\/12\/1-1.jpeg","articleSection":["News"],"inLanguage":"ru-RU"},{"@type":"WebPage","@id":"https:\/\/adra.md\/un-revelion-plin-de-bucurie-si-speranta-la-centrul-adra-din-ribnita\/","url":"https:\/\/adra.md\/un-revelion-plin-de-bucurie-si-speranta-la-centrul-adra-din-ribnita\/","name":"Un Revelion plin de bucurie \u0219i speran\u021b\u0103 la Centrul ADRA din Ribnita - ADRA Moldova","isPartOf":{"@id":"https:\/\/adra.md\/#website"},"primaryImageOfPage":{"@id":"https:\/\/adra.md\/un-revelion-plin-de-bucurie-si-speranta-la-centrul-adra-din-ribnita\/#primaryimage"},"image":{"@id":"https:\/\/adra.md\/un-revelion-plin-de-bucurie-si-speranta-la-centrul-adra-din-ribnita\/#primaryimage"},"thumbnailUrl":"https:\/\/adra.md\/wp-content\/uploads\/2025\/12\/1-1.jpeg","datePublished":"2025-12-30T09:57:00+00:00","dateModified":"2025-12-30T09:58:31+00:00","breadcrumb":{"@id":"https:\/\/adra.md\/un-revelion-plin-de-bucurie-si-speranta-la-centrul-adra-din-ribnita\/#breadcrumb"},"inLanguage":"ru-RU","potentialAction":[{"@type":"ReadAction","target":["https:\/\/adra.md\/un-revelion-plin-de-bucurie-si-speranta-la-centrul-adra-din-ribnita\/"]}]},{"@type":"ImageObject","inLanguage":"ru-RU","@id":"https:\/\/adra.md\/un-revelion-plin-de-bucurie-si-speranta-la-centrul-adra-din-ribnita\/#primaryimage","url":"https:\/\/adra.md\/wp-content\/uploads\/2025\/12\/1-1.jpeg","contentUrl":"https:\/\/adra.md\/wp-content\/uploads\/2025\/12\/1-1.jpeg","width":1600,"height":1600},{"@type":"BreadcrumbList","@id":"https:\/\/adra.md\/un-revelion-plin-de-bucurie-si-speranta-la-centrul-adra-din-ribnita\/#breadcrumb","itemListElement":[{"@type":"ListItem","position":1,"name":"Home","item":"https:\/\/adra.md\/"},{"@type":"ListItem","position":2,"name":"Un Revelion plin de bucurie \u0219i speran\u021b\u0103 la Centrul ADRA din Ribnita"}]},{"@type":"WebSite","@id":"https:\/\/adra.md\/#website","url":"https:\/\/adra.md\/","name":"ADRA Moldova","description":"Agen\u0163ia Adventist\u0103 pentru Dezvoltare, Refacere \u015fi Ajutor","publisher":{"@id":"https:\/\/adra.md\/#organization"},"potentialAction":[{"@type":"SearchAction","target":{"@type":"EntryPoint","urlTemplate":"https:\/\/adra.md\/?s={search_term_string}"},"query-input":{"@type":"PropertyValueSpecification","valueRequired":true,"valueName":"search_term_string"}}],"inLanguage":"ru-RU"},{"@type":"Organization","@id":"https:\/\/adra.md\/#organization","name":"ADRA Moldova","url":"https:\/\/adra.md\/","logo":{"@type":"ImageObject","inLanguage":"ru-RU","@id":"https:\/\/adra.md\/#\/schema\/logo\/image\/","url":"https:\/\/adra.md\/wp-content\/uploads\/2019\/11\/group-435.png","contentUrl":"https:\/\/adra.md\/wp-content\/uploads\/2019\/11\/group-435.png","width":500,"height":133,"caption":"ADRA Moldova"},"image":{"@id":"https:\/\/adra.md\/#\/schema\/logo\/image\/"}},{"@type":"Person","@id":"https:\/\/adra.md\/#\/schema\/person\/b0181e611ee89738cefb7dc2db2bb8d1","name":"ADRA Moldova","url":"https:\/\/adra.md\/ru\/author\/andrei-girleanu\/"}]}},"_links":{"self":[{"href":"https:\/\/adra.md\/ru\/wp-json\/wp\/v2\/posts\/22881","targetHints":{"allow":["GET"]}}],"collection":[{"href":"https:\/\/adra.md\/ru\/wp-json\/wp\/v2\/posts"}],"about":[{"href":"https:\/\/adra.md\/ru\/wp-json\/wp\/v2\/types\/post"}],"author":[{"embeddable":true,"href":"https:\/\/adra.md\/ru\/wp-json\/wp\/v2\/users\/9"}],"replies":[{"embeddable":true,"href":"https:\/\/adra.md\/ru\/wp-json\/wp\/v2\/comments?post=22881"}],"version-history":[{"count":3,"href":"https:\/\/adra.md\/ru\/wp-json\/wp\/v2\/posts\/22881\/revisions"}],"predecessor-version":[{"id":22887,"href":"https:\/\/adra.md\/ru\/wp-json\/wp\/v2\/posts\/22881\/revisions\/22887"}],"wp:featuredmedia":[{"embeddable":true,"href":"https:\/\/adra.md\/ru\/wp-json\/wp\/v2\/media\/22882"}],"wp:attachment":[{"href":"https:\/\/adra.md\/ru\/wp-json\/wp\/v2\/media?parent=22881"}],"wp:term":[{"taxonomy":"category","embeddable":true,"href":"https:\/\/adra.md\/ru\/wp-json\/wp\/v2\/categories?post=22881"},{"taxonomy":"post_tag","embeddable":true,"href":"https:\/\/adra.md\/ru\/wp-json\/wp\/v2\/tags?post=22881"}],"curies":[{"name":"wp","href":"https:\/\/api.w.org\/{rel}","templated":true}]}}