{"id":22888,"date":"2025-12-30T11:07:16","date_gmt":"2025-12-30T11:07:16","guid":{"rendered":"https:\/\/adra.md\/?p=22888"},"modified":"2025-12-30T11:16:57","modified_gmt":"2025-12-30T11:16:57","slug":"asistenta-juridica-si-referire-accesibile-in-centrele-adra-din-stanga-nistrului","status":"publish","type":"post","link":"https:\/\/adra.md\/ru\/asistenta-juridica-si-referire-accesibile-in-centrele-adra-din-stanga-nistrului\/","title":{"rendered":"Asisten\u021b\u0103 juridic\u0103 \u0219i referire accesibile \u00een st\u00e2nga Nistrului la ADRA"},"content":{"rendered":"<p>Persoanele str\u0103mutate din Ucraina care \u0219i-au gasit refugiul \u00een comunit\u0103\u021bile moldovene\u0219ti din st\u00e2nga Nistrului, pe l\u00e2ng\u0103 necesit\u0103\u021bile de ordin primar, au nevoie de sprijin \u0219i \u00eendrumare \u00een aspecte ce \u021bin de perfectare a documentelor pentru legalizarea statutului \u00een Moldova care s\u0103 le permit\u0103 s\u0103 acceseze anumite servicii \u0219i tipuri de asisten\u021b\u0103 la noi \u00een \u021bar\u0103.<\/p>\n<p>&nbsp;<\/p>\n<p>Juri\u0219tii ADRA din centrele sale \u00een Tiraspol \u0219i R\u00e2bni\u021ba sunt mereu la dispozi\u021bia refugiatilor pentru a-i ajuta \u00een procesul de depunere a dosarului pentru ob\u021binerea documentului de protec\u021bie temporar\u0103 \u0219i \u00een perfectarea altor acte, precum \u0219i \u00een alte aspecte juridice ce \u021bin de drepturile lor, de accesarea serviciilor de asisten\u021b\u0103 social\u0103 \u0219i medical\u0103, aspecte de dreptul familiei \u0219i ale muncii, etc. Localnicii \u00een nevoie, de asemenea, pot s\u0103 apeleze la aceste servicii oferite de ADRA.<\/p>\n<p>&nbsp;<\/p>\n<p>Atunci c\u00e2nd, \u00een discu\u021biile cu benficiarii, sunt identificate diferite alte necesit\u0103\u021bi ale acestora, juri\u0219tii ADRA sunt aten\u021bi s\u0103 \u00eei refere la organiza\u021biile \u0219i institu\u021biile relevante.<\/p>\n<p>&nbsp;<\/p>\n<p>Aceast\u0103 asisten\u021b\u0103 este posibil\u0103 datorit\u0103 sprijinului oferit de Organiza\u021bia Interna\u021bional\u0103 pentru Migra\u021bie, Misiunea \u00een Moldova (IOM), \u00een proiectul \u201c<em>Protection for crisis affected persons on the Left Bank\u201d<\/em>.<\/p>\n<p><span class=\"html-span xdj266r x14z9mp xat24cr x1lziwak xexx8yu xyri2b x18d9i69 x1c1uobl x1hl2dhg x16tdsg8 x1vvkbs\"><a class=\"x1i10hfl xjbqb8w x1ejq31n x18oe1m7 x1sy0etr xstzfhl x972fbf x10w94by x1qhh985 x14e42zd x9f619 x1ypdohk xt0psk2 x3ct3a4 xdj266r x14z9mp xat24cr x1lziwak xexx8yu xyri2b x18d9i69 x1c1uobl x16tdsg8 x1hl2dhg xggy1nq x1a2a7pz xkrqix3 x1sur9pj x1fey0fg x1s688f\" tabindex=\"0\" role=\"link\" href=\"https:\/\/www.facebook.com\/hashtag\/adra?__eep__=6&amp;__cft__[0]=AZapzCICHVEZgGfxwOpJcfbq3sSUEyNQ_T9VEu1k8T5BkdfoDH27gXroDaybNIcfzlHfWMHH_OWGi7mb2DBHhWqbN9dQIn_JSOKxPXBRBlWrqItXdbQ2owfhVV_GrbcRcHnY8jn9I-fS4n5n1xGsctS5zc_uIJZk8B5aBVEEjoepvHFFvyUs38iyettFecCc9VA&amp;__tn__=*NK-R\">#adra<\/a><\/span> <span class=\"html-span xdj266r x14z9mp xat24cr x1lziwak xexx8yu xyri2b x18d9i69 x1c1uobl x1hl2dhg x16tdsg8 x1vvkbs\"><a class=\"x1i10hfl xjbqb8w x1ejq31n x18oe1m7 x1sy0etr xstzfhl x972fbf x10w94by x1qhh985 x14e42zd x9f619 x1ypdohk xt0psk2 x3ct3a4 xdj266r x14z9mp xat24cr x1lziwak xexx8yu xyri2b x18d9i69 x1c1uobl x16tdsg8 x1hl2dhg xggy1nq x1a2a7pz xkrqix3 x1sur9pj x1fey0fg x1s688f\" tabindex=\"0\" role=\"link\" href=\"https:\/\/www.facebook.com\/hashtag\/adramoldova?__eep__=6&amp;__cft__[0]=AZapzCICHVEZgGfxwOpJcfbq3sSUEyNQ_T9VEu1k8T5BkdfoDH27gXroDaybNIcfzlHfWMHH_OWGi7mb2DBHhWqbN9dQIn_JSOKxPXBRBlWrqItXdbQ2owfhVV_GrbcRcHnY8jn9I-fS4n5n1xGsctS5zc_uIJZk8B5aBVEEjoepvHFFvyUs38iyettFecCc9VA&amp;__tn__=*NK-R\">#adramoldova<\/a><\/span> <span class=\"html-span xdj266r x14z9mp xat24cr x1lziwak xexx8yu xyri2b x18d9i69 x1c1uobl x1hl2dhg x16tdsg8 x1vvkbs\"><a class=\"x1i10hfl xjbqb8w x1ejq31n x18oe1m7 x1sy0etr xstzfhl x972fbf x10w94by x1qhh985 x14e42zd x9f619 x1ypdohk xt0psk2 x3ct3a4 xdj266r x14z9mp xat24cr x1lziwak xexx8yu xyri2b x18d9i69 x1c1uobl x16tdsg8 x1hl2dhg xggy1nq x1a2a7pz xkrqix3 x1sur9pj x1fey0fg x1s688f\" tabindex=\"0\" role=\"link\" href=\"https:\/\/www.facebook.com\/hashtag\/iom?__eep__=6&amp;__cft__[0]=AZapzCICHVEZgGfxwOpJcfbq3sSUEyNQ_T9VEu1k8T5BkdfoDH27gXroDaybNIcfzlHfWMHH_OWGi7mb2DBHhWqbN9dQIn_JSOKxPXBRBlWrqItXdbQ2owfhVV_GrbcRcHnY8jn9I-fS4n5n1xGsctS5zc_uIJZk8B5aBVEEjoepvHFFvyUs38iyettFecCc9VA&amp;__tn__=*NK-R\">#iom<\/a><\/span><\/p>\n<p><img fetchpriority=\"high\" decoding=\"async\" class=\"alignnone wp-image-22893\" src=\"https:\/\/adra.md\/wp-content\/uploads\/2025\/12\/photo_2025-12-30_11-32-27.jpg\" alt=\"\" width=\"380\" height=\"451\" srcset=\"https:\/\/adra.md\/wp-content\/uploads\/2025\/12\/photo_2025-12-30_11-32-27.jpg 431w, https:\/\/adra.md\/wp-content\/uploads\/2025\/12\/photo_2025-12-30_11-32-27-253x300.jpg 253w, https:\/\/adra.md\/wp-content\/uploads\/2025\/12\/photo_2025-12-30_11-32-27-10x12.jpg 10w\" sizes=\"(max-width: 380px) 100vw, 380px\" \/>\u00a0 <img decoding=\"async\" class=\"alignnone wp-image-22901\" src=\"https:\/\/adra.md\/wp-content\/uploads\/2025\/12\/photo_2025-12-30_13-14-17-768x1024.jpg\" alt=\"\" width=\"320\" height=\"427\" srcset=\"https:\/\/adra.md\/wp-content\/uploads\/2025\/12\/photo_2025-12-30_13-14-17-768x1024.jpg 768w, https:\/\/adra.md\/wp-content\/uploads\/2025\/12\/photo_2025-12-30_13-14-17-225x300.jpg 225w, https:\/\/adra.md\/wp-content\/uploads\/2025\/12\/photo_2025-12-30_13-14-17-9x12.jpg 9w, https:\/\/adra.md\/wp-content\/uploads\/2025\/12\/photo_2025-12-30_13-14-17.jpg 960w\" sizes=\"(max-width: 320px) 100vw, 320px\" \/><\/p>\n<p><img decoding=\"async\" class=\"alignnone wp-image-22889\" src=\"https:\/\/adra.md\/wp-content\/uploads\/2025\/12\/photo_2025-12-30_11-32-25-2-1024x768.jpg\" alt=\"\" width=\"400\" height=\"300\" srcset=\"https:\/\/adra.md\/wp-content\/uploads\/2025\/12\/photo_2025-12-30_11-32-25-2-1024x768.jpg 1024w, https:\/\/adra.md\/wp-content\/uploads\/2025\/12\/photo_2025-12-30_11-32-25-2-300x225.jpg 300w, https:\/\/adra.md\/wp-content\/uploads\/2025\/12\/photo_2025-12-30_11-32-25-2-768x576.jpg 768w, https:\/\/adra.md\/wp-content\/uploads\/2025\/12\/photo_2025-12-30_11-32-25-2-16x12.jpg 16w, https:\/\/adra.md\/wp-content\/uploads\/2025\/12\/photo_2025-12-30_11-32-25-2.jpg 1280w\" sizes=\"(max-width: 400px) 100vw, 400px\" \/><img loading=\"lazy\" decoding=\"async\" class=\"alignnone wp-image-22890\" src=\"https:\/\/adra.md\/wp-content\/uploads\/2025\/12\/photo_2025-12-30_11-32-25-3-1024x768.jpg\" alt=\"\" width=\"400\" height=\"300\" srcset=\"https:\/\/adra.md\/wp-content\/uploads\/2025\/12\/photo_2025-12-30_11-32-25-3-1024x768.jpg 1024w, https:\/\/adra.md\/wp-content\/uploads\/2025\/12\/photo_2025-12-30_11-32-25-3-300x225.jpg 300w, https:\/\/adra.md\/wp-content\/uploads\/2025\/12\/photo_2025-12-30_11-32-25-3-768x576.jpg 768w, https:\/\/adra.md\/wp-content\/uploads\/2025\/12\/photo_2025-12-30_11-32-25-3-16x12.jpg 16w, https:\/\/adra.md\/wp-content\/uploads\/2025\/12\/photo_2025-12-30_11-32-25-3.jpg 1280w\" sizes=\"(max-width: 400px) 100vw, 400px\" \/><\/p>\n<p>&nbsp;<\/p>\n","protected":false},"excerpt":{"rendered":"<p>Persoanele str\u0103mutate din Ucraina care \u0219i-au gasit refugiul \u00een comunit\u0103\u021bile moldovene\u0219ti din st\u00e2nga Nistrului, pe l\u00e2ng\u0103 necesit\u0103\u021bile de ordin primar, au nevoie de sprijin \u0219i \u00eendrumare \u00een aspecte ce \u021bin de perfectare a documentelor pentru legalizarea statutului \u00een Moldova care s\u0103 le permit\u0103 s\u0103 acceseze anumite servicii \u0219i tipuri de asisten\u021b\u0103 la noi \u00een \u021bar\u0103. [&hellip;]<\/p>\n","protected":false},"author":9,"featured_media":22891,"comment_status":"closed","ping_status":"closed","sticky":false,"template":"","format":"standard","meta":{"_acf_changed":false,"footnotes":""},"categories":[294],"tags":[301,309,321],"class_list":["post-22888","post","type-post","status-publish","format-standard","has-post-thumbnail","hentry","category-news","tag-adramoldova","tag-iom","tag-legal-assistance"],"acf":[],"yoast_head":"<!-- This site is optimized with the Yoast SEO plugin v27.4 - https:\/\/yoast.com\/product\/yoast-seo-wordpress\/ -->\n<title>Asisten\u021b\u0103 juridic\u0103 \u0219i referire accesibile \u00een st\u00e2nga Nistrului la ADRA - ADRA Moldova<\/title>\n<meta name=\"robots\" content=\"index, follow, max-snippet:-1, max-image-preview:large, max-video-preview:-1\" \/>\n<link rel=\"canonical\" href=\"https:\/\/adra.md\/ru\/asistenta-juridica-si-referire-accesibile-in-centrele-adra-din-stanga-nistrului\/\" \/>\n<meta property=\"og:locale\" content=\"ru_RU\" \/>\n<meta property=\"og:type\" content=\"article\" \/>\n<meta property=\"og:title\" content=\"Asisten\u021b\u0103 juridic\u0103 \u0219i referire accesibile \u00een st\u00e2nga Nistrului la ADRA - ADRA Moldova\" \/>\n<meta property=\"og:description\" content=\"Persoanele str\u0103mutate din Ucraina care \u0219i-au gasit refugiul \u00een comunit\u0103\u021bile moldovene\u0219ti din st\u00e2nga Nistrului, pe l\u00e2ng\u0103 necesit\u0103\u021bile de ordin primar, au nevoie de sprijin \u0219i \u00eendrumare \u00een aspecte ce \u021bin de perfectare a documentelor pentru legalizarea statutului \u00een Moldova care s\u0103 le permit\u0103 s\u0103 acceseze anumite servicii \u0219i tipuri de asisten\u021b\u0103 la noi \u00een \u021bar\u0103. [&hellip;]\" \/>\n<meta property=\"og:url\" content=\"https:\/\/adra.md\/ru\/asistenta-juridica-si-referire-accesibile-in-centrele-adra-din-stanga-nistrului\/\" \/>\n<meta property=\"og:site_name\" content=\"ADRA Moldova\" \/>\n<meta property=\"article:published_time\" content=\"2025-12-30T11:07:16+00:00\" \/>\n<meta property=\"article:modified_time\" content=\"2025-12-30T11:16:57+00:00\" \/>\n<meta property=\"og:image\" content=\"https:\/\/adra.md\/wp-content\/uploads\/2025\/12\/photo_2025-12-30_11-32-25-4.jpg\" \/>\n\t<meta property=\"og:image:width\" content=\"960\" \/>\n\t<meta property=\"og:image:height\" content=\"1280\" \/>\n\t<meta property=\"og:image:type\" content=\"image\/jpeg\" \/>\n<meta name=\"author\" content=\"ADRA Moldova\" \/>\n<meta name=\"twitter:card\" content=\"summary_large_image\" \/>\n<meta name=\"twitter:label1\" content=\"\u041d\u0430\u043f\u0438\u0441\u0430\u043d\u043e \u0430\u0432\u0442\u043e\u0440\u043e\u043c\" \/>\n\t<meta name=\"twitter:data1\" content=\"ADRA Moldova\" \/>\n\t<meta name=\"twitter:label2\" content=\"\u041f\u0440\u0438\u043c\u0435\u0440\u043d\u043e\u0435 \u0432\u0440\u0435\u043c\u044f \u0434\u043b\u044f \u0447\u0442\u0435\u043d\u0438\u044f\" \/>\n\t<meta name=\"twitter:data2\" content=\"1 \u043c\u0438\u043d\u0443\u0442\u0430\" \/>\n<script type=\"application\/ld+json\" class=\"yoast-schema-graph\">{\"@context\":\"https:\\\/\\\/schema.org\",\"@graph\":[{\"@type\":\"Article\",\"@id\":\"https:\\\/\\\/adra.md\\\/asistenta-juridica-si-referire-accesibile-in-centrele-adra-din-stanga-nistrului\\\/#article\",\"isPartOf\":{\"@id\":\"https:\\\/\\\/adra.md\\\/asistenta-juridica-si-referire-accesibile-in-centrele-adra-din-stanga-nistrului\\\/\"},\"author\":{\"name\":\"ADRA Moldova\",\"@id\":\"https:\\\/\\\/adra.md\\\/#\\\/schema\\\/person\\\/b0181e611ee89738cefb7dc2db2bb8d1\"},\"headline\":\"Asisten\u021b\u0103 juridic\u0103 \u0219i referire accesibile \u00een st\u00e2nga Nistrului la ADRA\",\"datePublished\":\"2025-12-30T11:07:16+00:00\",\"dateModified\":\"2025-12-30T11:16:57+00:00\",\"mainEntityOfPage\":{\"@id\":\"https:\\\/\\\/adra.md\\\/asistenta-juridica-si-referire-accesibile-in-centrele-adra-din-stanga-nistrului\\\/\"},\"wordCount\":222,\"publisher\":{\"@id\":\"https:\\\/\\\/adra.md\\\/#organization\"},\"image\":{\"@id\":\"https:\\\/\\\/adra.md\\\/asistenta-juridica-si-referire-accesibile-in-centrele-adra-din-stanga-nistrului\\\/#primaryimage\"},\"thumbnailUrl\":\"https:\\\/\\\/adra.md\\\/wp-content\\\/uploads\\\/2025\\\/12\\\/photo_2025-12-30_11-32-25-4.jpg\",\"keywords\":[\"#adramoldova\",\"IOM\",\"Legal assistance\"],\"articleSection\":[\"News\"],\"inLanguage\":\"ru-RU\"},{\"@type\":\"WebPage\",\"@id\":\"https:\\\/\\\/adra.md\\\/asistenta-juridica-si-referire-accesibile-in-centrele-adra-din-stanga-nistrului\\\/\",\"url\":\"https:\\\/\\\/adra.md\\\/asistenta-juridica-si-referire-accesibile-in-centrele-adra-din-stanga-nistrului\\\/\",\"name\":\"Asisten\u021b\u0103 juridic\u0103 \u0219i referire accesibile \u00een st\u00e2nga Nistrului la ADRA - ADRA Moldova\",\"isPartOf\":{\"@id\":\"https:\\\/\\\/adra.md\\\/#website\"},\"primaryImageOfPage\":{\"@id\":\"https:\\\/\\\/adra.md\\\/asistenta-juridica-si-referire-accesibile-in-centrele-adra-din-stanga-nistrului\\\/#primaryimage\"},\"image\":{\"@id\":\"https:\\\/\\\/adra.md\\\/asistenta-juridica-si-referire-accesibile-in-centrele-adra-din-stanga-nistrului\\\/#primaryimage\"},\"thumbnailUrl\":\"https:\\\/\\\/adra.md\\\/wp-content\\\/uploads\\\/2025\\\/12\\\/photo_2025-12-30_11-32-25-4.jpg\",\"datePublished\":\"2025-12-30T11:07:16+00:00\",\"dateModified\":\"2025-12-30T11:16:57+00:00\",\"breadcrumb\":{\"@id\":\"https:\\\/\\\/adra.md\\\/asistenta-juridica-si-referire-accesibile-in-centrele-adra-din-stanga-nistrului\\\/#breadcrumb\"},\"inLanguage\":\"ru-RU\",\"potentialAction\":[{\"@type\":\"ReadAction\",\"target\":[\"https:\\\/\\\/adra.md\\\/asistenta-juridica-si-referire-accesibile-in-centrele-adra-din-stanga-nistrului\\\/\"]}]},{\"@type\":\"ImageObject\",\"inLanguage\":\"ru-RU\",\"@id\":\"https:\\\/\\\/adra.md\\\/asistenta-juridica-si-referire-accesibile-in-centrele-adra-din-stanga-nistrului\\\/#primaryimage\",\"url\":\"https:\\\/\\\/adra.md\\\/wp-content\\\/uploads\\\/2025\\\/12\\\/photo_2025-12-30_11-32-25-4.jpg\",\"contentUrl\":\"https:\\\/\\\/adra.md\\\/wp-content\\\/uploads\\\/2025\\\/12\\\/photo_2025-12-30_11-32-25-4.jpg\",\"width\":960,\"height\":1280},{\"@type\":\"BreadcrumbList\",\"@id\":\"https:\\\/\\\/adra.md\\\/asistenta-juridica-si-referire-accesibile-in-centrele-adra-din-stanga-nistrului\\\/#breadcrumb\",\"itemListElement\":[{\"@type\":\"ListItem\",\"position\":1,\"name\":\"Home\",\"item\":\"https:\\\/\\\/adra.md\\\/\"},{\"@type\":\"ListItem\",\"position\":2,\"name\":\"Asisten\u021b\u0103 juridic\u0103 \u0219i referire accesibile \u00een st\u00e2nga Nistrului la ADRA\"}]},{\"@type\":\"WebSite\",\"@id\":\"https:\\\/\\\/adra.md\\\/#website\",\"url\":\"https:\\\/\\\/adra.md\\\/\",\"name\":\"ADRA Moldova\",\"description\":\"Agen\u0163ia Adventist\u0103 pentru Dezvoltare, Refacere \u015fi Ajutor\",\"publisher\":{\"@id\":\"https:\\\/\\\/adra.md\\\/#organization\"},\"potentialAction\":[{\"@type\":\"SearchAction\",\"target\":{\"@type\":\"EntryPoint\",\"urlTemplate\":\"https:\\\/\\\/adra.md\\\/?s={search_term_string}\"},\"query-input\":{\"@type\":\"PropertyValueSpecification\",\"valueRequired\":true,\"valueName\":\"search_term_string\"}}],\"inLanguage\":\"ru-RU\"},{\"@type\":\"Organization\",\"@id\":\"https:\\\/\\\/adra.md\\\/#organization\",\"name\":\"ADRA Moldova\",\"url\":\"https:\\\/\\\/adra.md\\\/\",\"logo\":{\"@type\":\"ImageObject\",\"inLanguage\":\"ru-RU\",\"@id\":\"https:\\\/\\\/adra.md\\\/#\\\/schema\\\/logo\\\/image\\\/\",\"url\":\"https:\\\/\\\/adra.md\\\/wp-content\\\/uploads\\\/2019\\\/11\\\/group-435.png\",\"contentUrl\":\"https:\\\/\\\/adra.md\\\/wp-content\\\/uploads\\\/2019\\\/11\\\/group-435.png\",\"width\":500,\"height\":133,\"caption\":\"ADRA Moldova\"},\"image\":{\"@id\":\"https:\\\/\\\/adra.md\\\/#\\\/schema\\\/logo\\\/image\\\/\"}},{\"@type\":\"Person\",\"@id\":\"https:\\\/\\\/adra.md\\\/#\\\/schema\\\/person\\\/b0181e611ee89738cefb7dc2db2bb8d1\",\"name\":\"ADRA Moldova\",\"url\":\"https:\\\/\\\/adra.md\\\/ru\\\/author\\\/andrei-girleanu\\\/\"}]}<\/script>\n<!-- \/ Yoast SEO plugin. -->","yoast_head_json":{"title":"Asisten\u021b\u0103 juridic\u0103 \u0219i referire accesibile \u00een st\u00e2nga Nistrului la ADRA - ADRA Moldova","robots":{"index":"index","follow":"follow","max-snippet":"max-snippet:-1","max-image-preview":"max-image-preview:large","max-video-preview":"max-video-preview:-1"},"canonical":"https:\/\/adra.md\/ru\/asistenta-juridica-si-referire-accesibile-in-centrele-adra-din-stanga-nistrului\/","og_locale":"ru_RU","og_type":"article","og_title":"Asisten\u021b\u0103 juridic\u0103 \u0219i referire accesibile \u00een st\u00e2nga Nistrului la ADRA - ADRA Moldova","og_description":"Persoanele str\u0103mutate din Ucraina care \u0219i-au gasit refugiul \u00een comunit\u0103\u021bile moldovene\u0219ti din st\u00e2nga Nistrului, pe l\u00e2ng\u0103 necesit\u0103\u021bile de ordin primar, au nevoie de sprijin \u0219i \u00eendrumare \u00een aspecte ce \u021bin de perfectare a documentelor pentru legalizarea statutului \u00een Moldova care s\u0103 le permit\u0103 s\u0103 acceseze anumite servicii \u0219i tipuri de asisten\u021b\u0103 la noi \u00een \u021bar\u0103. [&hellip;]","og_url":"https:\/\/adra.md\/ru\/asistenta-juridica-si-referire-accesibile-in-centrele-adra-din-stanga-nistrului\/","og_site_name":"ADRA Moldova","article_published_time":"2025-12-30T11:07:16+00:00","article_modified_time":"2025-12-30T11:16:57+00:00","og_image":[{"width":960,"height":1280,"url":"https:\/\/adra.md\/wp-content\/uploads\/2025\/12\/photo_2025-12-30_11-32-25-4.jpg","type":"image\/jpeg"}],"author":"ADRA Moldova","twitter_card":"summary_large_image","twitter_misc":{"\u041d\u0430\u043f\u0438\u0441\u0430\u043d\u043e \u0430\u0432\u0442\u043e\u0440\u043e\u043c":"ADRA Moldova","\u041f\u0440\u0438\u043c\u0435\u0440\u043d\u043e\u0435 \u0432\u0440\u0435\u043c\u044f \u0434\u043b\u044f \u0447\u0442\u0435\u043d\u0438\u044f":"1 \u043c\u0438\u043d\u0443\u0442\u0430"},"schema":{"@context":"https:\/\/schema.org","@graph":[{"@type":"Article","@id":"https:\/\/adra.md\/asistenta-juridica-si-referire-accesibile-in-centrele-adra-din-stanga-nistrului\/#article","isPartOf":{"@id":"https:\/\/adra.md\/asistenta-juridica-si-referire-accesibile-in-centrele-adra-din-stanga-nistrului\/"},"author":{"name":"ADRA Moldova","@id":"https:\/\/adra.md\/#\/schema\/person\/b0181e611ee89738cefb7dc2db2bb8d1"},"headline":"Asisten\u021b\u0103 juridic\u0103 \u0219i referire accesibile \u00een st\u00e2nga Nistrului la ADRA","datePublished":"2025-12-30T11:07:16+00:00","dateModified":"2025-12-30T11:16:57+00:00","mainEntityOfPage":{"@id":"https:\/\/adra.md\/asistenta-juridica-si-referire-accesibile-in-centrele-adra-din-stanga-nistrului\/"},"wordCount":222,"publisher":{"@id":"https:\/\/adra.md\/#organization"},"image":{"@id":"https:\/\/adra.md\/asistenta-juridica-si-referire-accesibile-in-centrele-adra-din-stanga-nistrului\/#primaryimage"},"thumbnailUrl":"https:\/\/adra.md\/wp-content\/uploads\/2025\/12\/photo_2025-12-30_11-32-25-4.jpg","keywords":["#adramoldova","IOM","Legal assistance"],"articleSection":["News"],"inLanguage":"ru-RU"},{"@type":"WebPage","@id":"https:\/\/adra.md\/asistenta-juridica-si-referire-accesibile-in-centrele-adra-din-stanga-nistrului\/","url":"https:\/\/adra.md\/asistenta-juridica-si-referire-accesibile-in-centrele-adra-din-stanga-nistrului\/","name":"Asisten\u021b\u0103 juridic\u0103 \u0219i referire accesibile \u00een st\u00e2nga Nistrului la ADRA - ADRA Moldova","isPartOf":{"@id":"https:\/\/adra.md\/#website"},"primaryImageOfPage":{"@id":"https:\/\/adra.md\/asistenta-juridica-si-referire-accesibile-in-centrele-adra-din-stanga-nistrului\/#primaryimage"},"image":{"@id":"https:\/\/adra.md\/asistenta-juridica-si-referire-accesibile-in-centrele-adra-din-stanga-nistrului\/#primaryimage"},"thumbnailUrl":"https:\/\/adra.md\/wp-content\/uploads\/2025\/12\/photo_2025-12-30_11-32-25-4.jpg","datePublished":"2025-12-30T11:07:16+00:00","dateModified":"2025-12-30T11:16:57+00:00","breadcrumb":{"@id":"https:\/\/adra.md\/asistenta-juridica-si-referire-accesibile-in-centrele-adra-din-stanga-nistrului\/#breadcrumb"},"inLanguage":"ru-RU","potentialAction":[{"@type":"ReadAction","target":["https:\/\/adra.md\/asistenta-juridica-si-referire-accesibile-in-centrele-adra-din-stanga-nistrului\/"]}]},{"@type":"ImageObject","inLanguage":"ru-RU","@id":"https:\/\/adra.md\/asistenta-juridica-si-referire-accesibile-in-centrele-adra-din-stanga-nistrului\/#primaryimage","url":"https:\/\/adra.md\/wp-content\/uploads\/2025\/12\/photo_2025-12-30_11-32-25-4.jpg","contentUrl":"https:\/\/adra.md\/wp-content\/uploads\/2025\/12\/photo_2025-12-30_11-32-25-4.jpg","width":960,"height":1280},{"@type":"BreadcrumbList","@id":"https:\/\/adra.md\/asistenta-juridica-si-referire-accesibile-in-centrele-adra-din-stanga-nistrului\/#breadcrumb","itemListElement":[{"@type":"ListItem","position":1,"name":"Home","item":"https:\/\/adra.md\/"},{"@type":"ListItem","position":2,"name":"Asisten\u021b\u0103 juridic\u0103 \u0219i referire accesibile \u00een st\u00e2nga Nistrului la ADRA"}]},{"@type":"WebSite","@id":"https:\/\/adra.md\/#website","url":"https:\/\/adra.md\/","name":"ADRA Moldova","description":"Agen\u0163ia Adventist\u0103 pentru Dezvoltare, Refacere \u015fi Ajutor","publisher":{"@id":"https:\/\/adra.md\/#organization"},"potentialAction":[{"@type":"SearchAction","target":{"@type":"EntryPoint","urlTemplate":"https:\/\/adra.md\/?s={search_term_string}"},"query-input":{"@type":"PropertyValueSpecification","valueRequired":true,"valueName":"search_term_string"}}],"inLanguage":"ru-RU"},{"@type":"Organization","@id":"https:\/\/adra.md\/#organization","name":"ADRA Moldova","url":"https:\/\/adra.md\/","logo":{"@type":"ImageObject","inLanguage":"ru-RU","@id":"https:\/\/adra.md\/#\/schema\/logo\/image\/","url":"https:\/\/adra.md\/wp-content\/uploads\/2019\/11\/group-435.png","contentUrl":"https:\/\/adra.md\/wp-content\/uploads\/2019\/11\/group-435.png","width":500,"height":133,"caption":"ADRA Moldova"},"image":{"@id":"https:\/\/adra.md\/#\/schema\/logo\/image\/"}},{"@type":"Person","@id":"https:\/\/adra.md\/#\/schema\/person\/b0181e611ee89738cefb7dc2db2bb8d1","name":"ADRA Moldova","url":"https:\/\/adra.md\/ru\/author\/andrei-girleanu\/"}]}},"_links":{"self":[{"href":"https:\/\/adra.md\/ru\/wp-json\/wp\/v2\/posts\/22888","targetHints":{"allow":["GET"]}}],"collection":[{"href":"https:\/\/adra.md\/ru\/wp-json\/wp\/v2\/posts"}],"about":[{"href":"https:\/\/adra.md\/ru\/wp-json\/wp\/v2\/types\/post"}],"author":[{"embeddable":true,"href":"https:\/\/adra.md\/ru\/wp-json\/wp\/v2\/users\/9"}],"replies":[{"embeddable":true,"href":"https:\/\/adra.md\/ru\/wp-json\/wp\/v2\/comments?post=22888"}],"version-history":[{"count":7,"href":"https:\/\/adra.md\/ru\/wp-json\/wp\/v2\/posts\/22888\/revisions"}],"predecessor-version":[{"id":22902,"href":"https:\/\/adra.md\/ru\/wp-json\/wp\/v2\/posts\/22888\/revisions\/22902"}],"wp:featuredmedia":[{"embeddable":true,"href":"https:\/\/adra.md\/ru\/wp-json\/wp\/v2\/media\/22891"}],"wp:attachment":[{"href":"https:\/\/adra.md\/ru\/wp-json\/wp\/v2\/media?parent=22888"}],"wp:term":[{"taxonomy":"category","embeddable":true,"href":"https:\/\/adra.md\/ru\/wp-json\/wp\/v2\/categories?post=22888"},{"taxonomy":"post_tag","embeddable":true,"href":"https:\/\/adra.md\/ru\/wp-json\/wp\/v2\/tags?post=22888"}],"curies":[{"name":"wp","href":"https:\/\/api.w.org\/{rel}","templated":true}]}}