{"id":22921,"date":"2026-01-04T10:40:15","date_gmt":"2026-01-04T10:40:15","guid":{"rendered":"https:\/\/adra.md\/?p=22921"},"modified":"2026-01-04T10:40:15","modified_gmt":"2026-01-04T10:40:15","slug":"integrarea-prin-activitati-practice-la-centrul-comunitar-din-vulcanesti","status":"publish","type":"post","link":"https:\/\/adra.md\/ru\/integrarea-prin-activitati-practice-la-centrul-comunitar-din-vulcanesti\/","title":{"rendered":"Integrarea prin activit\u0103\u021bi practice la Centrul Comunitar din Vulc\u0103ne\u0219ti"},"content":{"rendered":"<h2>Integrarea prin activit\u0103\u021bi practice la Centrul Comunitar din Vulc\u0103ne\u0219ti<\/h2>\n<p>Activit\u0103\u021bile de integrare sunt cu adev\u0103rat eficiente atunci c\u00e2nd sunt <strong>relevante \u0219i adaptate nevoilor \u0219i intereselor reale ale participan\u021bilor<\/strong>. Pornind de la acest principiu, \u00een cadrul <strong>Centrului Comunitar din Vulc\u0103ne\u0219ti<\/strong>, continu\u0103m s\u0103 promov\u0103m integrarea social\u0103 prin activit\u0103\u021bi practice \u0219i interactive.<\/p>\n<p>Un exemplu apreciat de participan\u021bi \u00eel reprezint\u0103 <strong>master-class-urile culinare<\/strong>, unde descoperim \u0219i preg\u0103tim \u00eempreun\u0103 <strong>delicii tradi\u021bionale moldovene\u0219ti<\/strong>, precum pl\u0103cintele \u0219i cl\u0103titele. Aceste activit\u0103\u021bi nu sunt doar despre g\u0103tit, ci despre <strong>schimb cultural, comunicare \u0219i apropiere \u00eentre oameni<\/strong>.<\/p>\n<p>Prin astfel de \u00eent\u00e2lniri, cre\u0103m un spa\u021biu deschis \u00een care refugia\u021bii \u0219i membrii comunit\u0103\u021bii locale pot interac\u021biona, \u00eenv\u0103\u021ba unii de la al\u021bii \u0219i construi rela\u021bii bazate pe respect \u0219i \u00een\u021belegere reciproc\u0103.<\/p>\n<p>#Integrare #Vulc\u0103ne\u0219ti #Pl\u0103cinte #DeliciiMoldovene\u0219ti<\/p>\n<p>&nbsp;<\/p>\n<p><img fetchpriority=\"high\" decoding=\"async\" class=\"alignnone  wp-image-22922\" src=\"https:\/\/adra.md\/wp-content\/uploads\/2026\/01\/565651609_823314513727837_3409735624866450492_n-805x1024.jpg\" alt=\"\" width=\"293\" height=\"372\" srcset=\"https:\/\/adra.md\/wp-content\/uploads\/2026\/01\/565651609_823314513727837_3409735624866450492_n-805x1024.jpg 805w, https:\/\/adra.md\/wp-content\/uploads\/2026\/01\/565651609_823314513727837_3409735624866450492_n-236x300.jpg 236w, https:\/\/adra.md\/wp-content\/uploads\/2026\/01\/565651609_823314513727837_3409735624866450492_n-768x977.jpg 768w, https:\/\/adra.md\/wp-content\/uploads\/2026\/01\/565651609_823314513727837_3409735624866450492_n-9x12.jpg 9w, https:\/\/adra.md\/wp-content\/uploads\/2026\/01\/565651609_823314513727837_3409735624866450492_n.jpg 928w\" sizes=\"(max-width: 293px) 100vw, 293px\" \/>\u00a0<img decoding=\"async\" class=\"alignnone  wp-image-22924\" src=\"https:\/\/adra.md\/wp-content\/uploads\/2026\/01\/568388076_823314630394492_7914642846150061532_n-771x1024.jpg\" alt=\"\" width=\"279\" height=\"371\" srcset=\"https:\/\/adra.md\/wp-content\/uploads\/2026\/01\/568388076_823314630394492_7914642846150061532_n-771x1024.jpg 771w, https:\/\/adra.md\/wp-content\/uploads\/2026\/01\/568388076_823314630394492_7914642846150061532_n-226x300.jpg 226w, https:\/\/adra.md\/wp-content\/uploads\/2026\/01\/568388076_823314630394492_7914642846150061532_n-768x1020.jpg 768w, https:\/\/adra.md\/wp-content\/uploads\/2026\/01\/568388076_823314630394492_7914642846150061532_n-1157x1536.jpg 1157w, https:\/\/adra.md\/wp-content\/uploads\/2026\/01\/568388076_823314630394492_7914642846150061532_n-9x12.jpg 9w, https:\/\/adra.md\/wp-content\/uploads\/2026\/01\/568388076_823314630394492_7914642846150061532_n.jpg 1205w\" sizes=\"(max-width: 279px) 100vw, 279px\" \/> <img decoding=\"async\" class=\"alignnone  wp-image-22925\" src=\"https:\/\/adra.md\/wp-content\/uploads\/2026\/01\/568633068_823314550394500_680181064591446198_n-878x1024.jpg\" alt=\"\" width=\"315\" height=\"367\" srcset=\"https:\/\/adra.md\/wp-content\/uploads\/2026\/01\/568633068_823314550394500_680181064591446198_n-878x1024.jpg 878w, https:\/\/adra.md\/wp-content\/uploads\/2026\/01\/568633068_823314550394500_680181064591446198_n-257x300.jpg 257w, https:\/\/adra.md\/wp-content\/uploads\/2026\/01\/568633068_823314550394500_680181064591446198_n-768x896.jpg 768w, https:\/\/adra.md\/wp-content\/uploads\/2026\/01\/568633068_823314550394500_680181064591446198_n-10x12.jpg 10w, https:\/\/adra.md\/wp-content\/uploads\/2026\/01\/568633068_823314550394500_680181064591446198_n.jpg 1128w\" sizes=\"(max-width: 315px) 100vw, 315px\" \/><\/p>\n<p><img loading=\"lazy\" decoding=\"async\" class=\"alignnone  wp-image-22926\" src=\"https:\/\/adra.md\/wp-content\/uploads\/2026\/01\/569265023_823314670394488_1535232829613749981_n-768x1024.jpg\" alt=\"\" width=\"293\" height=\"391\" srcset=\"https:\/\/adra.md\/wp-content\/uploads\/2026\/01\/569265023_823314670394488_1535232829613749981_n-768x1024.jpg 768w, https:\/\/adra.md\/wp-content\/uploads\/2026\/01\/569265023_823314670394488_1535232829613749981_n-225x300.jpg 225w, https:\/\/adra.md\/wp-content\/uploads\/2026\/01\/569265023_823314670394488_1535232829613749981_n-1152x1536.jpg 1152w, https:\/\/adra.md\/wp-content\/uploads\/2026\/01\/569265023_823314670394488_1535232829613749981_n-9x12.jpg 9w, https:\/\/adra.md\/wp-content\/uploads\/2026\/01\/569265023_823314670394488_1535232829613749981_n.jpg 1200w\" sizes=\"(max-width: 293px) 100vw, 293px\" \/><\/p>","protected":false},"excerpt":{"rendered":"<p>Integrarea prin activit\u0103\u021bi practice la Centrul Comunitar din Vulc\u0103ne\u0219ti Activit\u0103\u021bile de integrare sunt cu adev\u0103rat eficiente atunci c\u00e2nd sunt relevante \u0219i adaptate nevoilor \u0219i intereselor reale ale participan\u021bilor. Pornind de la acest principiu, \u00een cadrul Centrului Comunitar din Vulc\u0103ne\u0219ti, continu\u0103m s\u0103 promov\u0103m integrarea social\u0103 prin activit\u0103\u021bi practice \u0219i interactive. Un exemplu apreciat de participan\u021bi \u00eel [&hellip;]<\/p>\n","protected":false},"author":9,"featured_media":22924,"comment_status":"closed","ping_status":"closed","sticky":false,"template":"","format":"standard","meta":{"_acf_changed":false,"footnotes":""},"categories":[294],"tags":[],"class_list":["post-22921","post","type-post","status-publish","format-standard","has-post-thumbnail","hentry","category-news"],"acf":[],"yoast_head":"<!-- This site is optimized with the Yoast SEO plugin v27.4 - https:\/\/yoast.com\/product\/yoast-seo-wordpress\/ -->\n<title>Integrarea prin activit\u0103\u021bi practice la Centrul Comunitar din Vulc\u0103ne\u0219ti - ADRA Moldova<\/title>\n<meta name=\"robots\" content=\"index, follow, max-snippet:-1, max-image-preview:large, max-video-preview:-1\" \/>\n<link rel=\"canonical\" href=\"https:\/\/adra.md\/ru\/integrarea-prin-activitati-practice-la-centrul-comunitar-din-vulcanesti\/\" \/>\n<meta property=\"og:locale\" content=\"ru_RU\" \/>\n<meta property=\"og:type\" content=\"article\" \/>\n<meta property=\"og:title\" content=\"Integrarea prin activit\u0103\u021bi practice la Centrul Comunitar din Vulc\u0103ne\u0219ti - ADRA Moldova\" \/>\n<meta property=\"og:description\" content=\"Integrarea prin activit\u0103\u021bi practice la Centrul Comunitar din Vulc\u0103ne\u0219ti Activit\u0103\u021bile de integrare sunt cu adev\u0103rat eficiente atunci c\u00e2nd sunt relevante \u0219i adaptate nevoilor \u0219i intereselor reale ale participan\u021bilor. Pornind de la acest principiu, \u00een cadrul Centrului Comunitar din Vulc\u0103ne\u0219ti, continu\u0103m s\u0103 promov\u0103m integrarea social\u0103 prin activit\u0103\u021bi practice \u0219i interactive. Un exemplu apreciat de participan\u021bi \u00eel [&hellip;]\" \/>\n<meta property=\"og:url\" content=\"https:\/\/adra.md\/ru\/integrarea-prin-activitati-practice-la-centrul-comunitar-din-vulcanesti\/\" \/>\n<meta property=\"og:site_name\" content=\"ADRA Moldova\" \/>\n<meta property=\"article:published_time\" content=\"2026-01-04T10:40:15+00:00\" \/>\n<meta property=\"og:image\" content=\"https:\/\/adra.md\/wp-content\/uploads\/2026\/01\/568388076_823314630394492_7914642846150061532_n.jpg\" \/>\n\t<meta property=\"og:image:width\" content=\"1205\" \/>\n\t<meta property=\"og:image:height\" content=\"1600\" \/>\n\t<meta property=\"og:image:type\" content=\"image\/jpeg\" \/>\n<meta name=\"author\" content=\"ADRA Moldova\" \/>\n<meta name=\"twitter:card\" content=\"summary_large_image\" \/>\n<meta name=\"twitter:label1\" content=\"\u041d\u0430\u043f\u0438\u0441\u0430\u043d\u043e \u0430\u0432\u0442\u043e\u0440\u043e\u043c\" \/>\n\t<meta name=\"twitter:data1\" content=\"ADRA Moldova\" \/>\n\t<meta name=\"twitter:label2\" content=\"\u041f\u0440\u0438\u043c\u0435\u0440\u043d\u043e\u0435 \u0432\u0440\u0435\u043c\u044f \u0434\u043b\u044f \u0447\u0442\u0435\u043d\u0438\u044f\" \/>\n\t<meta name=\"twitter:data2\" content=\"1 \u043c\u0438\u043d\u0443\u0442\u0430\" \/>\n<script type=\"application\/ld+json\" class=\"yoast-schema-graph\">{\"@context\":\"https:\\\/\\\/schema.org\",\"@graph\":[{\"@type\":\"Article\",\"@id\":\"https:\\\/\\\/adra.md\\\/integrarea-prin-activitati-practice-la-centrul-comunitar-din-vulcanesti\\\/#article\",\"isPartOf\":{\"@id\":\"https:\\\/\\\/adra.md\\\/integrarea-prin-activitati-practice-la-centrul-comunitar-din-vulcanesti\\\/\"},\"author\":{\"name\":\"ADRA Moldova\",\"@id\":\"https:\\\/\\\/adra.md\\\/#\\\/schema\\\/person\\\/b0181e611ee89738cefb7dc2db2bb8d1\"},\"headline\":\"Integrarea prin activit\u0103\u021bi practice la Centrul Comunitar din Vulc\u0103ne\u0219ti\",\"datePublished\":\"2026-01-04T10:40:15+00:00\",\"mainEntityOfPage\":{\"@id\":\"https:\\\/\\\/adra.md\\\/integrarea-prin-activitati-practice-la-centrul-comunitar-din-vulcanesti\\\/\"},\"wordCount\":168,\"publisher\":{\"@id\":\"https:\\\/\\\/adra.md\\\/#organization\"},\"image\":{\"@id\":\"https:\\\/\\\/adra.md\\\/integrarea-prin-activitati-practice-la-centrul-comunitar-din-vulcanesti\\\/#primaryimage\"},\"thumbnailUrl\":\"https:\\\/\\\/adra.md\\\/wp-content\\\/uploads\\\/2026\\\/01\\\/568388076_823314630394492_7914642846150061532_n.jpg\",\"articleSection\":[\"News\"],\"inLanguage\":\"ru-RU\"},{\"@type\":\"WebPage\",\"@id\":\"https:\\\/\\\/adra.md\\\/integrarea-prin-activitati-practice-la-centrul-comunitar-din-vulcanesti\\\/\",\"url\":\"https:\\\/\\\/adra.md\\\/integrarea-prin-activitati-practice-la-centrul-comunitar-din-vulcanesti\\\/\",\"name\":\"Integrarea prin activit\u0103\u021bi practice la Centrul Comunitar din Vulc\u0103ne\u0219ti - ADRA Moldova\",\"isPartOf\":{\"@id\":\"https:\\\/\\\/adra.md\\\/#website\"},\"primaryImageOfPage\":{\"@id\":\"https:\\\/\\\/adra.md\\\/integrarea-prin-activitati-practice-la-centrul-comunitar-din-vulcanesti\\\/#primaryimage\"},\"image\":{\"@id\":\"https:\\\/\\\/adra.md\\\/integrarea-prin-activitati-practice-la-centrul-comunitar-din-vulcanesti\\\/#primaryimage\"},\"thumbnailUrl\":\"https:\\\/\\\/adra.md\\\/wp-content\\\/uploads\\\/2026\\\/01\\\/568388076_823314630394492_7914642846150061532_n.jpg\",\"datePublished\":\"2026-01-04T10:40:15+00:00\",\"breadcrumb\":{\"@id\":\"https:\\\/\\\/adra.md\\\/integrarea-prin-activitati-practice-la-centrul-comunitar-din-vulcanesti\\\/#breadcrumb\"},\"inLanguage\":\"ru-RU\",\"potentialAction\":[{\"@type\":\"ReadAction\",\"target\":[\"https:\\\/\\\/adra.md\\\/integrarea-prin-activitati-practice-la-centrul-comunitar-din-vulcanesti\\\/\"]}]},{\"@type\":\"ImageObject\",\"inLanguage\":\"ru-RU\",\"@id\":\"https:\\\/\\\/adra.md\\\/integrarea-prin-activitati-practice-la-centrul-comunitar-din-vulcanesti\\\/#primaryimage\",\"url\":\"https:\\\/\\\/adra.md\\\/wp-content\\\/uploads\\\/2026\\\/01\\\/568388076_823314630394492_7914642846150061532_n.jpg\",\"contentUrl\":\"https:\\\/\\\/adra.md\\\/wp-content\\\/uploads\\\/2026\\\/01\\\/568388076_823314630394492_7914642846150061532_n.jpg\",\"width\":1205,\"height\":1600},{\"@type\":\"BreadcrumbList\",\"@id\":\"https:\\\/\\\/adra.md\\\/integrarea-prin-activitati-practice-la-centrul-comunitar-din-vulcanesti\\\/#breadcrumb\",\"itemListElement\":[{\"@type\":\"ListItem\",\"position\":1,\"name\":\"Home\",\"item\":\"https:\\\/\\\/adra.md\\\/\"},{\"@type\":\"ListItem\",\"position\":2,\"name\":\"Integrarea prin activit\u0103\u021bi practice la Centrul Comunitar din Vulc\u0103ne\u0219ti\"}]},{\"@type\":\"WebSite\",\"@id\":\"https:\\\/\\\/adra.md\\\/#website\",\"url\":\"https:\\\/\\\/adra.md\\\/\",\"name\":\"ADRA Moldova\",\"description\":\"Agen\u0163ia Adventist\u0103 pentru Dezvoltare, Refacere \u015fi Ajutor\",\"publisher\":{\"@id\":\"https:\\\/\\\/adra.md\\\/#organization\"},\"potentialAction\":[{\"@type\":\"SearchAction\",\"target\":{\"@type\":\"EntryPoint\",\"urlTemplate\":\"https:\\\/\\\/adra.md\\\/?s={search_term_string}\"},\"query-input\":{\"@type\":\"PropertyValueSpecification\",\"valueRequired\":true,\"valueName\":\"search_term_string\"}}],\"inLanguage\":\"ru-RU\"},{\"@type\":\"Organization\",\"@id\":\"https:\\\/\\\/adra.md\\\/#organization\",\"name\":\"ADRA Moldova\",\"url\":\"https:\\\/\\\/adra.md\\\/\",\"logo\":{\"@type\":\"ImageObject\",\"inLanguage\":\"ru-RU\",\"@id\":\"https:\\\/\\\/adra.md\\\/#\\\/schema\\\/logo\\\/image\\\/\",\"url\":\"https:\\\/\\\/adra.md\\\/wp-content\\\/uploads\\\/2019\\\/11\\\/group-435.png\",\"contentUrl\":\"https:\\\/\\\/adra.md\\\/wp-content\\\/uploads\\\/2019\\\/11\\\/group-435.png\",\"width\":500,\"height\":133,\"caption\":\"ADRA Moldova\"},\"image\":{\"@id\":\"https:\\\/\\\/adra.md\\\/#\\\/schema\\\/logo\\\/image\\\/\"}},{\"@type\":\"Person\",\"@id\":\"https:\\\/\\\/adra.md\\\/#\\\/schema\\\/person\\\/b0181e611ee89738cefb7dc2db2bb8d1\",\"name\":\"ADRA Moldova\",\"url\":\"https:\\\/\\\/adra.md\\\/ru\\\/author\\\/andrei-girleanu\\\/\"}]}<\/script>\n<!-- \/ Yoast SEO plugin. -->","yoast_head_json":{"title":"Integrarea prin activit\u0103\u021bi practice la Centrul Comunitar din Vulc\u0103ne\u0219ti - ADRA Moldova","robots":{"index":"index","follow":"follow","max-snippet":"max-snippet:-1","max-image-preview":"max-image-preview:large","max-video-preview":"max-video-preview:-1"},"canonical":"https:\/\/adra.md\/ru\/integrarea-prin-activitati-practice-la-centrul-comunitar-din-vulcanesti\/","og_locale":"ru_RU","og_type":"article","og_title":"Integrarea prin activit\u0103\u021bi practice la Centrul Comunitar din Vulc\u0103ne\u0219ti - ADRA Moldova","og_description":"Integrarea prin activit\u0103\u021bi practice la Centrul Comunitar din Vulc\u0103ne\u0219ti Activit\u0103\u021bile de integrare sunt cu adev\u0103rat eficiente atunci c\u00e2nd sunt relevante \u0219i adaptate nevoilor \u0219i intereselor reale ale participan\u021bilor. Pornind de la acest principiu, \u00een cadrul Centrului Comunitar din Vulc\u0103ne\u0219ti, continu\u0103m s\u0103 promov\u0103m integrarea social\u0103 prin activit\u0103\u021bi practice \u0219i interactive. Un exemplu apreciat de participan\u021bi \u00eel [&hellip;]","og_url":"https:\/\/adra.md\/ru\/integrarea-prin-activitati-practice-la-centrul-comunitar-din-vulcanesti\/","og_site_name":"ADRA Moldova","article_published_time":"2026-01-04T10:40:15+00:00","og_image":[{"width":1205,"height":1600,"url":"https:\/\/adra.md\/wp-content\/uploads\/2026\/01\/568388076_823314630394492_7914642846150061532_n.jpg","type":"image\/jpeg"}],"author":"ADRA Moldova","twitter_card":"summary_large_image","twitter_misc":{"\u041d\u0430\u043f\u0438\u0441\u0430\u043d\u043e \u0430\u0432\u0442\u043e\u0440\u043e\u043c":"ADRA Moldova","\u041f\u0440\u0438\u043c\u0435\u0440\u043d\u043e\u0435 \u0432\u0440\u0435\u043c\u044f \u0434\u043b\u044f \u0447\u0442\u0435\u043d\u0438\u044f":"1 \u043c\u0438\u043d\u0443\u0442\u0430"},"schema":{"@context":"https:\/\/schema.org","@graph":[{"@type":"Article","@id":"https:\/\/adra.md\/integrarea-prin-activitati-practice-la-centrul-comunitar-din-vulcanesti\/#article","isPartOf":{"@id":"https:\/\/adra.md\/integrarea-prin-activitati-practice-la-centrul-comunitar-din-vulcanesti\/"},"author":{"name":"ADRA Moldova","@id":"https:\/\/adra.md\/#\/schema\/person\/b0181e611ee89738cefb7dc2db2bb8d1"},"headline":"Integrarea prin activit\u0103\u021bi practice la Centrul Comunitar din Vulc\u0103ne\u0219ti","datePublished":"2026-01-04T10:40:15+00:00","mainEntityOfPage":{"@id":"https:\/\/adra.md\/integrarea-prin-activitati-practice-la-centrul-comunitar-din-vulcanesti\/"},"wordCount":168,"publisher":{"@id":"https:\/\/adra.md\/#organization"},"image":{"@id":"https:\/\/adra.md\/integrarea-prin-activitati-practice-la-centrul-comunitar-din-vulcanesti\/#primaryimage"},"thumbnailUrl":"https:\/\/adra.md\/wp-content\/uploads\/2026\/01\/568388076_823314630394492_7914642846150061532_n.jpg","articleSection":["News"],"inLanguage":"ru-RU"},{"@type":"WebPage","@id":"https:\/\/adra.md\/integrarea-prin-activitati-practice-la-centrul-comunitar-din-vulcanesti\/","url":"https:\/\/adra.md\/integrarea-prin-activitati-practice-la-centrul-comunitar-din-vulcanesti\/","name":"Integrarea prin activit\u0103\u021bi practice la Centrul Comunitar din Vulc\u0103ne\u0219ti - ADRA Moldova","isPartOf":{"@id":"https:\/\/adra.md\/#website"},"primaryImageOfPage":{"@id":"https:\/\/adra.md\/integrarea-prin-activitati-practice-la-centrul-comunitar-din-vulcanesti\/#primaryimage"},"image":{"@id":"https:\/\/adra.md\/integrarea-prin-activitati-practice-la-centrul-comunitar-din-vulcanesti\/#primaryimage"},"thumbnailUrl":"https:\/\/adra.md\/wp-content\/uploads\/2026\/01\/568388076_823314630394492_7914642846150061532_n.jpg","datePublished":"2026-01-04T10:40:15+00:00","breadcrumb":{"@id":"https:\/\/adra.md\/integrarea-prin-activitati-practice-la-centrul-comunitar-din-vulcanesti\/#breadcrumb"},"inLanguage":"ru-RU","potentialAction":[{"@type":"ReadAction","target":["https:\/\/adra.md\/integrarea-prin-activitati-practice-la-centrul-comunitar-din-vulcanesti\/"]}]},{"@type":"ImageObject","inLanguage":"ru-RU","@id":"https:\/\/adra.md\/integrarea-prin-activitati-practice-la-centrul-comunitar-din-vulcanesti\/#primaryimage","url":"https:\/\/adra.md\/wp-content\/uploads\/2026\/01\/568388076_823314630394492_7914642846150061532_n.jpg","contentUrl":"https:\/\/adra.md\/wp-content\/uploads\/2026\/01\/568388076_823314630394492_7914642846150061532_n.jpg","width":1205,"height":1600},{"@type":"BreadcrumbList","@id":"https:\/\/adra.md\/integrarea-prin-activitati-practice-la-centrul-comunitar-din-vulcanesti\/#breadcrumb","itemListElement":[{"@type":"ListItem","position":1,"name":"Home","item":"https:\/\/adra.md\/"},{"@type":"ListItem","position":2,"name":"Integrarea prin activit\u0103\u021bi practice la Centrul Comunitar din Vulc\u0103ne\u0219ti"}]},{"@type":"WebSite","@id":"https:\/\/adra.md\/#website","url":"https:\/\/adra.md\/","name":"ADRA Moldova","description":"Agen\u0163ia Adventist\u0103 pentru Dezvoltare, Refacere \u015fi Ajutor","publisher":{"@id":"https:\/\/adra.md\/#organization"},"potentialAction":[{"@type":"SearchAction","target":{"@type":"EntryPoint","urlTemplate":"https:\/\/adra.md\/?s={search_term_string}"},"query-input":{"@type":"PropertyValueSpecification","valueRequired":true,"valueName":"search_term_string"}}],"inLanguage":"ru-RU"},{"@type":"Organization","@id":"https:\/\/adra.md\/#organization","name":"ADRA Moldova","url":"https:\/\/adra.md\/","logo":{"@type":"ImageObject","inLanguage":"ru-RU","@id":"https:\/\/adra.md\/#\/schema\/logo\/image\/","url":"https:\/\/adra.md\/wp-content\/uploads\/2019\/11\/group-435.png","contentUrl":"https:\/\/adra.md\/wp-content\/uploads\/2019\/11\/group-435.png","width":500,"height":133,"caption":"ADRA Moldova"},"image":{"@id":"https:\/\/adra.md\/#\/schema\/logo\/image\/"}},{"@type":"Person","@id":"https:\/\/adra.md\/#\/schema\/person\/b0181e611ee89738cefb7dc2db2bb8d1","name":"ADRA Moldova","url":"https:\/\/adra.md\/ru\/author\/andrei-girleanu\/"}]}},"_links":{"self":[{"href":"https:\/\/adra.md\/ru\/wp-json\/wp\/v2\/posts\/22921","targetHints":{"allow":["GET"]}}],"collection":[{"href":"https:\/\/adra.md\/ru\/wp-json\/wp\/v2\/posts"}],"about":[{"href":"https:\/\/adra.md\/ru\/wp-json\/wp\/v2\/types\/post"}],"author":[{"embeddable":true,"href":"https:\/\/adra.md\/ru\/wp-json\/wp\/v2\/users\/9"}],"replies":[{"embeddable":true,"href":"https:\/\/adra.md\/ru\/wp-json\/wp\/v2\/comments?post=22921"}],"version-history":[{"count":1,"href":"https:\/\/adra.md\/ru\/wp-json\/wp\/v2\/posts\/22921\/revisions"}],"predecessor-version":[{"id":22927,"href":"https:\/\/adra.md\/ru\/wp-json\/wp\/v2\/posts\/22921\/revisions\/22927"}],"wp:featuredmedia":[{"embeddable":true,"href":"https:\/\/adra.md\/ru\/wp-json\/wp\/v2\/media\/22924"}],"wp:attachment":[{"href":"https:\/\/adra.md\/ru\/wp-json\/wp\/v2\/media?parent=22921"}],"wp:term":[{"taxonomy":"category","embeddable":true,"href":"https:\/\/adra.md\/ru\/wp-json\/wp\/v2\/categories?post=22921"},{"taxonomy":"post_tag","embeddable":true,"href":"https:\/\/adra.md\/ru\/wp-json\/wp\/v2\/tags?post=22921"}],"curies":[{"name":"wp","href":"https:\/\/api.w.org\/{rel}","templated":true}]}}