{"id":22931,"date":"2026-01-04T10:47:41","date_gmt":"2026-01-04T10:47:41","guid":{"rendered":"https:\/\/adra.md\/?p=22931"},"modified":"2026-01-04T10:47:41","modified_gmt":"2026-01-04T10:47:41","slug":"sprijin-umanitar-pentru-persoanele-aflate-in-dificultate-ajutor-din-danemarca","status":"publish","type":"post","link":"https:\/\/adra.md\/ru\/sprijin-umanitar-pentru-persoanele-aflate-in-dificultate-ajutor-din-danemarca\/","title":{"rendered":"Sprijin umanitar pentru persoanele aflate \u00een dificultate \u2013 ajutor din Danemarca"},"content":{"rendered":"<h2>Sprijin umanitar pentru persoanele aflate \u00een dificultate \u2013 ajutor din Danemarca<\/h2>\n<p>ADRA Moldova a primit recent un <strong>ajutor umanitar din Danemarca<\/strong>, const\u00e2nd \u00een <strong>lucruri esen\u021biale destinate persoanelor aflate \u00een situa\u021bii de vulnerabilitate<\/strong>. Aceast\u0103 dona\u021bie reprezint\u0103 un sprijin important pentru familiile care se confrunt\u0103 cu dificult\u0103\u021bi economice, pentru persoanele v\u00e2rstnice \u0219i pentru cei care trec prin momente grele.<\/p>\n<p>Cu ajutorul \u0219i implicarea <strong>voluntarilor ADRA<\/strong>, bunurile donate au fost sortate, organizate \u0219i distribuite cu grij\u0103 c\u0103tre beneficiari, astfel \u00eenc\u00e2t sprijinul s\u0103 ajung\u0103 acolo unde este cea mai mare nevoie. Fiecare pachet oferit a \u00eensemnat nu doar ajutor material, ci \u0219i <strong>un mesaj de solidaritate, speran\u021b\u0103 \u0219i grij\u0103 fa\u021b\u0103 de aproapele<\/strong>.<\/p>\n<h3>Puterea parteneriatelor \u0219i a voluntariatului<\/h3>\n<p>Aceast\u0103 ac\u021biune demonstreaz\u0103 \u00eenc\u0103 o dat\u0103 c\u00e2t de importante sunt <strong>parteneriatele interna\u021bionale<\/strong> \u0219i munca dedicat\u0103 a voluntarilor \u00een r\u0103spunsul umanitar. Generozitatea partenerilor no\u0219tri din Danemarca, combinat\u0103 cu efortul constant al echipei \u0219i voluntarilor ADRA Moldova, face posibil\u0103 sus\u021binerea celor mai vulnerabili membri ai comunit\u0103\u021bii.<\/p>\n<p>ADRA Moldova \u00ee\u0219i reafirm\u0103 angajamentul de a continua s\u0103 ofere sprijin umanitar \u0219i s\u0103 fie al\u0103turi de persoanele aflate \u00een nevoie, promov\u00e2nd demnitatea uman\u0103 \u0219i grija fa\u021b\u0103 de cei mai vulnerabili.<\/p>\n<h3>Mul\u021bumiri<\/h3>\n<p>Mul\u021bumim partenerilor no\u0219tri din <strong>Danemarca<\/strong> pentru generozitate \u0219i \u00eencredere, precum \u0219i tuturor <strong>voluntarilor ADRA Moldova<\/strong> pentru d\u0103ruirea, timpul \u0219i implicarea continu\u0103 \u00een sprijinul comunit\u0103\u021bilor vulnerabile.<\/p>\n<p>#ADRA #ADRAMoldova #DanishHumanitarianHelp #HumanitarianAid<\/p>\n<p>&nbsp;<\/p>\n<p><img fetchpriority=\"high\" decoding=\"async\" class=\"alignnone  wp-image-22932\" src=\"https:\/\/adra.md\/wp-content\/uploads\/2026\/01\/568639277_18015421805795376_7402543221354191712_n-768x1024.jpg\" alt=\"\" width=\"252\" height=\"336\" srcset=\"https:\/\/adra.md\/wp-content\/uploads\/2026\/01\/568639277_18015421805795376_7402543221354191712_n-768x1024.jpg 768w, https:\/\/adra.md\/wp-content\/uploads\/2026\/01\/568639277_18015421805795376_7402543221354191712_n-225x300.jpg 225w, https:\/\/adra.md\/wp-content\/uploads\/2026\/01\/568639277_18015421805795376_7402543221354191712_n-9x12.jpg 9w, https:\/\/adra.md\/wp-content\/uploads\/2026\/01\/568639277_18015421805795376_7402543221354191712_n.jpg 1153w\" sizes=\"(max-width: 252px) 100vw, 252px\" \/> <img decoding=\"async\" class=\"alignnone  wp-image-22933\" src=\"https:\/\/adra.md\/wp-content\/uploads\/2026\/01\/569351593_18015421823795376_9052182363439916644_n-768x1024.jpg\" alt=\"\" width=\"252\" height=\"336\" srcset=\"https:\/\/adra.md\/wp-content\/uploads\/2026\/01\/569351593_18015421823795376_9052182363439916644_n-768x1024.jpg 768w, https:\/\/adra.md\/wp-content\/uploads\/2026\/01\/569351593_18015421823795376_9052182363439916644_n-225x300.jpg 225w, https:\/\/adra.md\/wp-content\/uploads\/2026\/01\/569351593_18015421823795376_9052182363439916644_n-1152x1536.jpg 1152w, https:\/\/adra.md\/wp-content\/uploads\/2026\/01\/569351593_18015421823795376_9052182363439916644_n-9x12.jpg 9w, https:\/\/adra.md\/wp-content\/uploads\/2026\/01\/569351593_18015421823795376_9052182363439916644_n.jpg 1200w\" sizes=\"(max-width: 252px) 100vw, 252px\" \/> <img decoding=\"async\" class=\"alignnone  wp-image-22934\" src=\"https:\/\/adra.md\/wp-content\/uploads\/2026\/01\/569854113_18015421760795376_6558201186545600349_n-768x1024.jpg\" alt=\"\" width=\"253\" height=\"338\" srcset=\"https:\/\/adra.md\/wp-content\/uploads\/2026\/01\/569854113_18015421760795376_6558201186545600349_n-768x1024.jpg 768w, https:\/\/adra.md\/wp-content\/uploads\/2026\/01\/569854113_18015421760795376_6558201186545600349_n-225x300.jpg 225w, https:\/\/adra.md\/wp-content\/uploads\/2026\/01\/569854113_18015421760795376_6558201186545600349_n-1152x1536.jpg 1152w, https:\/\/adra.md\/wp-content\/uploads\/2026\/01\/569854113_18015421760795376_6558201186545600349_n-9x12.jpg 9w, https:\/\/adra.md\/wp-content\/uploads\/2026\/01\/569854113_18015421760795376_6558201186545600349_n.jpg 1200w\" sizes=\"(max-width: 253px) 100vw, 253px\" \/><\/p>\n<p><img loading=\"lazy\" decoding=\"async\" class=\"alignnone  wp-image-22935\" src=\"https:\/\/adra.md\/wp-content\/uploads\/2026\/01\/569893563_18015421796795376_7518570013561428144_n-768x1024.jpg\" alt=\"\" width=\"253\" height=\"337\" srcset=\"https:\/\/adra.md\/wp-content\/uploads\/2026\/01\/569893563_18015421796795376_7518570013561428144_n-768x1024.jpg 768w, https:\/\/adra.md\/wp-content\/uploads\/2026\/01\/569893563_18015421796795376_7518570013561428144_n-225x300.jpg 225w, https:\/\/adra.md\/wp-content\/uploads\/2026\/01\/569893563_18015421796795376_7518570013561428144_n-1152x1536.jpg 1152w, https:\/\/adra.md\/wp-content\/uploads\/2026\/01\/569893563_18015421796795376_7518570013561428144_n-9x12.jpg 9w, https:\/\/adra.md\/wp-content\/uploads\/2026\/01\/569893563_18015421796795376_7518570013561428144_n.jpg 1200w\" sizes=\"(max-width: 253px) 100vw, 253px\" \/> <img loading=\"lazy\" decoding=\"async\" class=\"alignnone  wp-image-22936\" src=\"https:\/\/adra.md\/wp-content\/uploads\/2026\/01\/569925370_18015421820795376_5473133052459495887_n-768x1024.jpg\" alt=\"\" width=\"251\" height=\"335\" srcset=\"https:\/\/adra.md\/wp-content\/uploads\/2026\/01\/569925370_18015421820795376_5473133052459495887_n-768x1024.jpg 768w, https:\/\/adra.md\/wp-content\/uploads\/2026\/01\/569925370_18015421820795376_5473133052459495887_n-225x300.jpg 225w, https:\/\/adra.md\/wp-content\/uploads\/2026\/01\/569925370_18015421820795376_5473133052459495887_n-9x12.jpg 9w, https:\/\/adra.md\/wp-content\/uploads\/2026\/01\/569925370_18015421820795376_5473133052459495887_n.jpg 1153w\" sizes=\"(max-width: 251px) 100vw, 251px\" \/> <img loading=\"lazy\" decoding=\"async\" class=\"alignnone  wp-image-22937\" src=\"https:\/\/adra.md\/wp-content\/uploads\/2026\/01\/570027403_18015421769795376_8498733971829506325_n-768x1024.jpg\" alt=\"\" width=\"248\" height=\"331\" srcset=\"https:\/\/adra.md\/wp-content\/uploads\/2026\/01\/570027403_18015421769795376_8498733971829506325_n-768x1024.jpg 768w, https:\/\/adra.md\/wp-content\/uploads\/2026\/01\/570027403_18015421769795376_8498733971829506325_n-225x300.jpg 225w, https:\/\/adra.md\/wp-content\/uploads\/2026\/01\/570027403_18015421769795376_8498733971829506325_n-9x12.jpg 9w, https:\/\/adra.md\/wp-content\/uploads\/2026\/01\/570027403_18015421769795376_8498733971829506325_n.jpg 1153w\" sizes=\"(max-width: 248px) 100vw, 248px\" \/><\/p>\n<p><img loading=\"lazy\" decoding=\"async\" class=\"alignnone  wp-image-22938\" src=\"https:\/\/adra.md\/wp-content\/uploads\/2026\/01\/570038653_18015421787795376_1127924650573697275_n-768x1024.jpg\" alt=\"\" width=\"255\" height=\"340\" srcset=\"https:\/\/adra.md\/wp-content\/uploads\/2026\/01\/570038653_18015421787795376_1127924650573697275_n-768x1024.jpg 768w, https:\/\/adra.md\/wp-content\/uploads\/2026\/01\/570038653_18015421787795376_1127924650573697275_n-225x300.jpg 225w, https:\/\/adra.md\/wp-content\/uploads\/2026\/01\/570038653_18015421787795376_1127924650573697275_n-9x12.jpg 9w, https:\/\/adra.md\/wp-content\/uploads\/2026\/01\/570038653_18015421787795376_1127924650573697275_n.jpg 1153w\" sizes=\"(max-width: 255px) 100vw, 255px\" \/> <img loading=\"lazy\" decoding=\"async\" class=\"alignnone  wp-image-22939\" src=\"https:\/\/adra.md\/wp-content\/uploads\/2026\/01\/570945896_18015421778795376_8814020100990893121_n-768x1024.jpg\" alt=\"\" width=\"257\" height=\"343\" srcset=\"https:\/\/adra.md\/wp-content\/uploads\/2026\/01\/570945896_18015421778795376_8814020100990893121_n-768x1024.jpg 768w, https:\/\/adra.md\/wp-content\/uploads\/2026\/01\/570945896_18015421778795376_8814020100990893121_n-225x300.jpg 225w, https:\/\/adra.md\/wp-content\/uploads\/2026\/01\/570945896_18015421778795376_8814020100990893121_n-1152x1536.jpg 1152w, https:\/\/adra.md\/wp-content\/uploads\/2026\/01\/570945896_18015421778795376_8814020100990893121_n-9x12.jpg 9w, https:\/\/adra.md\/wp-content\/uploads\/2026\/01\/570945896_18015421778795376_8814020100990893121_n.jpg 1200w\" sizes=\"(max-width: 257px) 100vw, 257px\" \/><\/p>","protected":false},"excerpt":{"rendered":"<p>Sprijin umanitar pentru persoanele aflate \u00een dificultate \u2013 ajutor din Danemarca ADRA Moldova a primit recent un ajutor umanitar din Danemarca, const\u00e2nd \u00een lucruri esen\u021biale destinate persoanelor aflate \u00een situa\u021bii de vulnerabilitate. Aceast\u0103 dona\u021bie reprezint\u0103 un sprijin important pentru familiile care se confrunt\u0103 cu dificult\u0103\u021bi economice, pentru persoanele v\u00e2rstnice \u0219i pentru cei care trec prin [&hellip;]<\/p>\n","protected":false},"author":9,"featured_media":22939,"comment_status":"closed","ping_status":"closed","sticky":false,"template":"","format":"standard","meta":{"_acf_changed":false,"footnotes":""},"categories":[294],"tags":[],"class_list":["post-22931","post","type-post","status-publish","format-standard","has-post-thumbnail","hentry","category-news"],"acf":[],"yoast_head":"<!-- This site is optimized with the Yoast SEO plugin v27.4 - https:\/\/yoast.com\/product\/yoast-seo-wordpress\/ -->\n<title>Sprijin umanitar pentru persoanele aflate \u00een dificultate \u2013 ajutor din Danemarca - ADRA Moldova<\/title>\n<meta name=\"robots\" content=\"index, follow, max-snippet:-1, max-image-preview:large, max-video-preview:-1\" \/>\n<link rel=\"canonical\" href=\"https:\/\/adra.md\/ru\/sprijin-umanitar-pentru-persoanele-aflate-in-dificultate-ajutor-din-danemarca\/\" \/>\n<meta property=\"og:locale\" content=\"ru_RU\" \/>\n<meta property=\"og:type\" content=\"article\" \/>\n<meta property=\"og:title\" content=\"Sprijin umanitar pentru persoanele aflate \u00een dificultate \u2013 ajutor din Danemarca - ADRA Moldova\" \/>\n<meta property=\"og:description\" content=\"Sprijin umanitar pentru persoanele aflate \u00een dificultate \u2013 ajutor din Danemarca ADRA Moldova a primit recent un ajutor umanitar din Danemarca, const\u00e2nd \u00een lucruri esen\u021biale destinate persoanelor aflate \u00een situa\u021bii de vulnerabilitate. Aceast\u0103 dona\u021bie reprezint\u0103 un sprijin important pentru familiile care se confrunt\u0103 cu dificult\u0103\u021bi economice, pentru persoanele v\u00e2rstnice \u0219i pentru cei care trec prin [&hellip;]\" \/>\n<meta property=\"og:url\" content=\"https:\/\/adra.md\/ru\/sprijin-umanitar-pentru-persoanele-aflate-in-dificultate-ajutor-din-danemarca\/\" \/>\n<meta property=\"og:site_name\" content=\"ADRA Moldova\" \/>\n<meta property=\"article:published_time\" content=\"2026-01-04T10:47:41+00:00\" \/>\n<meta property=\"og:image\" content=\"https:\/\/adra.md\/wp-content\/uploads\/2026\/01\/570945896_18015421778795376_8814020100990893121_n.jpg\" \/>\n\t<meta property=\"og:image:width\" content=\"1200\" \/>\n\t<meta property=\"og:image:height\" content=\"1600\" \/>\n\t<meta property=\"og:image:type\" content=\"image\/jpeg\" \/>\n<meta name=\"author\" content=\"ADRA Moldova\" \/>\n<meta name=\"twitter:card\" content=\"summary_large_image\" \/>\n<meta name=\"twitter:label1\" content=\"\u041d\u0430\u043f\u0438\u0441\u0430\u043d\u043e \u0430\u0432\u0442\u043e\u0440\u043e\u043c\" \/>\n\t<meta name=\"twitter:data1\" content=\"ADRA Moldova\" \/>\n\t<meta name=\"twitter:label2\" content=\"\u041f\u0440\u0438\u043c\u0435\u0440\u043d\u043e\u0435 \u0432\u0440\u0435\u043c\u044f \u0434\u043b\u044f \u0447\u0442\u0435\u043d\u0438\u044f\" \/>\n\t<meta name=\"twitter:data2\" content=\"1 \u043c\u0438\u043d\u0443\u0442\u0430\" \/>\n<script type=\"application\/ld+json\" class=\"yoast-schema-graph\">{\"@context\":\"https:\\\/\\\/schema.org\",\"@graph\":[{\"@type\":\"Article\",\"@id\":\"https:\\\/\\\/adra.md\\\/sprijin-umanitar-pentru-persoanele-aflate-in-dificultate-ajutor-din-danemarca\\\/#article\",\"isPartOf\":{\"@id\":\"https:\\\/\\\/adra.md\\\/sprijin-umanitar-pentru-persoanele-aflate-in-dificultate-ajutor-din-danemarca\\\/\"},\"author\":{\"name\":\"ADRA Moldova\",\"@id\":\"https:\\\/\\\/adra.md\\\/#\\\/schema\\\/person\\\/b0181e611ee89738cefb7dc2db2bb8d1\"},\"headline\":\"Sprijin umanitar pentru persoanele aflate \u00een dificultate \u2013 ajutor din Danemarca\",\"datePublished\":\"2026-01-04T10:47:41+00:00\",\"mainEntityOfPage\":{\"@id\":\"https:\\\/\\\/adra.md\\\/sprijin-umanitar-pentru-persoanele-aflate-in-dificultate-ajutor-din-danemarca\\\/\"},\"wordCount\":250,\"publisher\":{\"@id\":\"https:\\\/\\\/adra.md\\\/#organization\"},\"image\":{\"@id\":\"https:\\\/\\\/adra.md\\\/sprijin-umanitar-pentru-persoanele-aflate-in-dificultate-ajutor-din-danemarca\\\/#primaryimage\"},\"thumbnailUrl\":\"https:\\\/\\\/adra.md\\\/wp-content\\\/uploads\\\/2026\\\/01\\\/570945896_18015421778795376_8814020100990893121_n.jpg\",\"articleSection\":[\"News\"],\"inLanguage\":\"ru-RU\"},{\"@type\":\"WebPage\",\"@id\":\"https:\\\/\\\/adra.md\\\/sprijin-umanitar-pentru-persoanele-aflate-in-dificultate-ajutor-din-danemarca\\\/\",\"url\":\"https:\\\/\\\/adra.md\\\/sprijin-umanitar-pentru-persoanele-aflate-in-dificultate-ajutor-din-danemarca\\\/\",\"name\":\"Sprijin umanitar pentru persoanele aflate \u00een dificultate \u2013 ajutor din Danemarca - ADRA Moldova\",\"isPartOf\":{\"@id\":\"https:\\\/\\\/adra.md\\\/#website\"},\"primaryImageOfPage\":{\"@id\":\"https:\\\/\\\/adra.md\\\/sprijin-umanitar-pentru-persoanele-aflate-in-dificultate-ajutor-din-danemarca\\\/#primaryimage\"},\"image\":{\"@id\":\"https:\\\/\\\/adra.md\\\/sprijin-umanitar-pentru-persoanele-aflate-in-dificultate-ajutor-din-danemarca\\\/#primaryimage\"},\"thumbnailUrl\":\"https:\\\/\\\/adra.md\\\/wp-content\\\/uploads\\\/2026\\\/01\\\/570945896_18015421778795376_8814020100990893121_n.jpg\",\"datePublished\":\"2026-01-04T10:47:41+00:00\",\"breadcrumb\":{\"@id\":\"https:\\\/\\\/adra.md\\\/sprijin-umanitar-pentru-persoanele-aflate-in-dificultate-ajutor-din-danemarca\\\/#breadcrumb\"},\"inLanguage\":\"ru-RU\",\"potentialAction\":[{\"@type\":\"ReadAction\",\"target\":[\"https:\\\/\\\/adra.md\\\/sprijin-umanitar-pentru-persoanele-aflate-in-dificultate-ajutor-din-danemarca\\\/\"]}]},{\"@type\":\"ImageObject\",\"inLanguage\":\"ru-RU\",\"@id\":\"https:\\\/\\\/adra.md\\\/sprijin-umanitar-pentru-persoanele-aflate-in-dificultate-ajutor-din-danemarca\\\/#primaryimage\",\"url\":\"https:\\\/\\\/adra.md\\\/wp-content\\\/uploads\\\/2026\\\/01\\\/570945896_18015421778795376_8814020100990893121_n.jpg\",\"contentUrl\":\"https:\\\/\\\/adra.md\\\/wp-content\\\/uploads\\\/2026\\\/01\\\/570945896_18015421778795376_8814020100990893121_n.jpg\",\"width\":1200,\"height\":1600},{\"@type\":\"BreadcrumbList\",\"@id\":\"https:\\\/\\\/adra.md\\\/sprijin-umanitar-pentru-persoanele-aflate-in-dificultate-ajutor-din-danemarca\\\/#breadcrumb\",\"itemListElement\":[{\"@type\":\"ListItem\",\"position\":1,\"name\":\"Home\",\"item\":\"https:\\\/\\\/adra.md\\\/\"},{\"@type\":\"ListItem\",\"position\":2,\"name\":\"Sprijin umanitar pentru persoanele aflate \u00een dificultate \u2013 ajutor din Danemarca\"}]},{\"@type\":\"WebSite\",\"@id\":\"https:\\\/\\\/adra.md\\\/#website\",\"url\":\"https:\\\/\\\/adra.md\\\/\",\"name\":\"ADRA Moldova\",\"description\":\"Agen\u0163ia Adventist\u0103 pentru Dezvoltare, Refacere \u015fi Ajutor\",\"publisher\":{\"@id\":\"https:\\\/\\\/adra.md\\\/#organization\"},\"potentialAction\":[{\"@type\":\"SearchAction\",\"target\":{\"@type\":\"EntryPoint\",\"urlTemplate\":\"https:\\\/\\\/adra.md\\\/?s={search_term_string}\"},\"query-input\":{\"@type\":\"PropertyValueSpecification\",\"valueRequired\":true,\"valueName\":\"search_term_string\"}}],\"inLanguage\":\"ru-RU\"},{\"@type\":\"Organization\",\"@id\":\"https:\\\/\\\/adra.md\\\/#organization\",\"name\":\"ADRA Moldova\",\"url\":\"https:\\\/\\\/adra.md\\\/\",\"logo\":{\"@type\":\"ImageObject\",\"inLanguage\":\"ru-RU\",\"@id\":\"https:\\\/\\\/adra.md\\\/#\\\/schema\\\/logo\\\/image\\\/\",\"url\":\"https:\\\/\\\/adra.md\\\/wp-content\\\/uploads\\\/2019\\\/11\\\/group-435.png\",\"contentUrl\":\"https:\\\/\\\/adra.md\\\/wp-content\\\/uploads\\\/2019\\\/11\\\/group-435.png\",\"width\":500,\"height\":133,\"caption\":\"ADRA Moldova\"},\"image\":{\"@id\":\"https:\\\/\\\/adra.md\\\/#\\\/schema\\\/logo\\\/image\\\/\"}},{\"@type\":\"Person\",\"@id\":\"https:\\\/\\\/adra.md\\\/#\\\/schema\\\/person\\\/b0181e611ee89738cefb7dc2db2bb8d1\",\"name\":\"ADRA Moldova\",\"url\":\"https:\\\/\\\/adra.md\\\/ru\\\/author\\\/andrei-girleanu\\\/\"}]}<\/script>\n<!-- \/ Yoast SEO plugin. -->","yoast_head_json":{"title":"Sprijin umanitar pentru persoanele aflate \u00een dificultate \u2013 ajutor din Danemarca - ADRA Moldova","robots":{"index":"index","follow":"follow","max-snippet":"max-snippet:-1","max-image-preview":"max-image-preview:large","max-video-preview":"max-video-preview:-1"},"canonical":"https:\/\/adra.md\/ru\/sprijin-umanitar-pentru-persoanele-aflate-in-dificultate-ajutor-din-danemarca\/","og_locale":"ru_RU","og_type":"article","og_title":"Sprijin umanitar pentru persoanele aflate \u00een dificultate \u2013 ajutor din Danemarca - ADRA Moldova","og_description":"Sprijin umanitar pentru persoanele aflate \u00een dificultate \u2013 ajutor din Danemarca ADRA Moldova a primit recent un ajutor umanitar din Danemarca, const\u00e2nd \u00een lucruri esen\u021biale destinate persoanelor aflate \u00een situa\u021bii de vulnerabilitate. Aceast\u0103 dona\u021bie reprezint\u0103 un sprijin important pentru familiile care se confrunt\u0103 cu dificult\u0103\u021bi economice, pentru persoanele v\u00e2rstnice \u0219i pentru cei care trec prin [&hellip;]","og_url":"https:\/\/adra.md\/ru\/sprijin-umanitar-pentru-persoanele-aflate-in-dificultate-ajutor-din-danemarca\/","og_site_name":"ADRA Moldova","article_published_time":"2026-01-04T10:47:41+00:00","og_image":[{"width":1200,"height":1600,"url":"https:\/\/adra.md\/wp-content\/uploads\/2026\/01\/570945896_18015421778795376_8814020100990893121_n.jpg","type":"image\/jpeg"}],"author":"ADRA Moldova","twitter_card":"summary_large_image","twitter_misc":{"\u041d\u0430\u043f\u0438\u0441\u0430\u043d\u043e \u0430\u0432\u0442\u043e\u0440\u043e\u043c":"ADRA Moldova","\u041f\u0440\u0438\u043c\u0435\u0440\u043d\u043e\u0435 \u0432\u0440\u0435\u043c\u044f \u0434\u043b\u044f \u0447\u0442\u0435\u043d\u0438\u044f":"1 \u043c\u0438\u043d\u0443\u0442\u0430"},"schema":{"@context":"https:\/\/schema.org","@graph":[{"@type":"Article","@id":"https:\/\/adra.md\/sprijin-umanitar-pentru-persoanele-aflate-in-dificultate-ajutor-din-danemarca\/#article","isPartOf":{"@id":"https:\/\/adra.md\/sprijin-umanitar-pentru-persoanele-aflate-in-dificultate-ajutor-din-danemarca\/"},"author":{"name":"ADRA Moldova","@id":"https:\/\/adra.md\/#\/schema\/person\/b0181e611ee89738cefb7dc2db2bb8d1"},"headline":"Sprijin umanitar pentru persoanele aflate \u00een dificultate \u2013 ajutor din Danemarca","datePublished":"2026-01-04T10:47:41+00:00","mainEntityOfPage":{"@id":"https:\/\/adra.md\/sprijin-umanitar-pentru-persoanele-aflate-in-dificultate-ajutor-din-danemarca\/"},"wordCount":250,"publisher":{"@id":"https:\/\/adra.md\/#organization"},"image":{"@id":"https:\/\/adra.md\/sprijin-umanitar-pentru-persoanele-aflate-in-dificultate-ajutor-din-danemarca\/#primaryimage"},"thumbnailUrl":"https:\/\/adra.md\/wp-content\/uploads\/2026\/01\/570945896_18015421778795376_8814020100990893121_n.jpg","articleSection":["News"],"inLanguage":"ru-RU"},{"@type":"WebPage","@id":"https:\/\/adra.md\/sprijin-umanitar-pentru-persoanele-aflate-in-dificultate-ajutor-din-danemarca\/","url":"https:\/\/adra.md\/sprijin-umanitar-pentru-persoanele-aflate-in-dificultate-ajutor-din-danemarca\/","name":"Sprijin umanitar pentru persoanele aflate \u00een dificultate \u2013 ajutor din Danemarca - ADRA Moldova","isPartOf":{"@id":"https:\/\/adra.md\/#website"},"primaryImageOfPage":{"@id":"https:\/\/adra.md\/sprijin-umanitar-pentru-persoanele-aflate-in-dificultate-ajutor-din-danemarca\/#primaryimage"},"image":{"@id":"https:\/\/adra.md\/sprijin-umanitar-pentru-persoanele-aflate-in-dificultate-ajutor-din-danemarca\/#primaryimage"},"thumbnailUrl":"https:\/\/adra.md\/wp-content\/uploads\/2026\/01\/570945896_18015421778795376_8814020100990893121_n.jpg","datePublished":"2026-01-04T10:47:41+00:00","breadcrumb":{"@id":"https:\/\/adra.md\/sprijin-umanitar-pentru-persoanele-aflate-in-dificultate-ajutor-din-danemarca\/#breadcrumb"},"inLanguage":"ru-RU","potentialAction":[{"@type":"ReadAction","target":["https:\/\/adra.md\/sprijin-umanitar-pentru-persoanele-aflate-in-dificultate-ajutor-din-danemarca\/"]}]},{"@type":"ImageObject","inLanguage":"ru-RU","@id":"https:\/\/adra.md\/sprijin-umanitar-pentru-persoanele-aflate-in-dificultate-ajutor-din-danemarca\/#primaryimage","url":"https:\/\/adra.md\/wp-content\/uploads\/2026\/01\/570945896_18015421778795376_8814020100990893121_n.jpg","contentUrl":"https:\/\/adra.md\/wp-content\/uploads\/2026\/01\/570945896_18015421778795376_8814020100990893121_n.jpg","width":1200,"height":1600},{"@type":"BreadcrumbList","@id":"https:\/\/adra.md\/sprijin-umanitar-pentru-persoanele-aflate-in-dificultate-ajutor-din-danemarca\/#breadcrumb","itemListElement":[{"@type":"ListItem","position":1,"name":"Home","item":"https:\/\/adra.md\/"},{"@type":"ListItem","position":2,"name":"Sprijin umanitar pentru persoanele aflate \u00een dificultate \u2013 ajutor din Danemarca"}]},{"@type":"WebSite","@id":"https:\/\/adra.md\/#website","url":"https:\/\/adra.md\/","name":"ADRA Moldova","description":"Agen\u0163ia Adventist\u0103 pentru Dezvoltare, Refacere \u015fi Ajutor","publisher":{"@id":"https:\/\/adra.md\/#organization"},"potentialAction":[{"@type":"SearchAction","target":{"@type":"EntryPoint","urlTemplate":"https:\/\/adra.md\/?s={search_term_string}"},"query-input":{"@type":"PropertyValueSpecification","valueRequired":true,"valueName":"search_term_string"}}],"inLanguage":"ru-RU"},{"@type":"Organization","@id":"https:\/\/adra.md\/#organization","name":"ADRA Moldova","url":"https:\/\/adra.md\/","logo":{"@type":"ImageObject","inLanguage":"ru-RU","@id":"https:\/\/adra.md\/#\/schema\/logo\/image\/","url":"https:\/\/adra.md\/wp-content\/uploads\/2019\/11\/group-435.png","contentUrl":"https:\/\/adra.md\/wp-content\/uploads\/2019\/11\/group-435.png","width":500,"height":133,"caption":"ADRA Moldova"},"image":{"@id":"https:\/\/adra.md\/#\/schema\/logo\/image\/"}},{"@type":"Person","@id":"https:\/\/adra.md\/#\/schema\/person\/b0181e611ee89738cefb7dc2db2bb8d1","name":"ADRA Moldova","url":"https:\/\/adra.md\/ru\/author\/andrei-girleanu\/"}]}},"_links":{"self":[{"href":"https:\/\/adra.md\/ru\/wp-json\/wp\/v2\/posts\/22931","targetHints":{"allow":["GET"]}}],"collection":[{"href":"https:\/\/adra.md\/ru\/wp-json\/wp\/v2\/posts"}],"about":[{"href":"https:\/\/adra.md\/ru\/wp-json\/wp\/v2\/types\/post"}],"author":[{"embeddable":true,"href":"https:\/\/adra.md\/ru\/wp-json\/wp\/v2\/users\/9"}],"replies":[{"embeddable":true,"href":"https:\/\/adra.md\/ru\/wp-json\/wp\/v2\/comments?post=22931"}],"version-history":[{"count":1,"href":"https:\/\/adra.md\/ru\/wp-json\/wp\/v2\/posts\/22931\/revisions"}],"predecessor-version":[{"id":22940,"href":"https:\/\/adra.md\/ru\/wp-json\/wp\/v2\/posts\/22931\/revisions\/22940"}],"wp:featuredmedia":[{"embeddable":true,"href":"https:\/\/adra.md\/ru\/wp-json\/wp\/v2\/media\/22939"}],"wp:attachment":[{"href":"https:\/\/adra.md\/ru\/wp-json\/wp\/v2\/media?parent=22931"}],"wp:term":[{"taxonomy":"category","embeddable":true,"href":"https:\/\/adra.md\/ru\/wp-json\/wp\/v2\/categories?post=22931"},{"taxonomy":"post_tag","embeddable":true,"href":"https:\/\/adra.md\/ru\/wp-json\/wp\/v2\/tags?post=22931"}],"curies":[{"name":"wp","href":"https:\/\/api.w.org\/{rel}","templated":true}]}}