{"id":23009,"date":"2026-01-05T10:12:18","date_gmt":"2026-01-05T10:12:18","guid":{"rendered":"https:\/\/adra.md\/?p=23009"},"modified":"2026-01-05T10:12:18","modified_gmt":"2026-01-05T10:12:18","slug":"suntem-mandri-de-rezultat","status":"publish","type":"post","link":"https:\/\/adra.md\/ru\/suntem-mandri-de-rezultat\/","title":{"rendered":"Suntem m\u00e2ndri de rezultat!"},"content":{"rendered":"<p data-start=\"0\" data-end=\"37\"><strong data-start=\"0\" data-end=\"30\">Suntem m\u00e2ndri de rezultat!<\/strong> \ud83e\udd70\ud83e\uddf5<\/p>\n<p data-start=\"39\" data-end=\"465\">\u00cen <strong data-start=\"42\" data-end=\"75\">Centrul Comunitar din R\u00eebni\u021ba<\/strong>, chiar \u0219i cele mai mici reu\u0219ite conteaz\u0103 \u0219i sunt celebrate. \ud83c\udfc5 \u0218or\u021burile realizate aici nu sunt doar o protec\u021bie \u00eempotriva petelor de sos, ci <strong data-start=\"218\" data-end=\"270\">simboluri ale speran\u021bei, muncii \u0219i ospitalit\u0103\u021bii<\/strong>. Prin fiecare cus\u0103tur\u0103, aceste femei \u00ee\u0219i afirm\u0103 curajul, creativitatea \u0219i dorin\u021ba de a merge mai departe. Ceea ce au creat este <strong data-start=\"399\" data-end=\"427\">demn de toat\u0103 aprecierea<\/strong> \u0219i reflect\u0103 puterea lor interioar\u0103.<\/p>\n<p data-start=\"467\" data-end=\"716\">Activit\u0103\u021bile de croitorie ofer\u0103 nu doar abilit\u0103\u021bi practice, ci \u0219i <strong data-start=\"533\" data-end=\"570\">\u00eencredere, sens \u0219i un nou \u00eenceput<\/strong>. Ele creeaz\u0103 un spa\u021biu de sus\u021binere reciproc\u0103, unde z\u00e2mbetele \u0219i buna dispozi\u021bie cresc odat\u0103 cu fiecare proiect finalizat. <strong data-start=\"694\" data-end=\"714\">Ce p\u0103rere ave\u021bi?<\/strong><\/p>\n<p data-start=\"718\" data-end=\"799\" data-is-last-node=\"\" data-is-only-node=\"\">#FemeiRefugiateCreeaz\u0103 #FemeiPuternice #UnNou\u00cenceput #Bun\u0103Dispozi\u021bie #EpisMoldova<\/p>\n<p data-start=\"718\" data-end=\"799\" data-is-last-node=\"\" data-is-only-node=\"\">\n<p data-start=\"718\" data-end=\"799\" data-is-last-node=\"\" data-is-only-node=\"\"><img fetchpriority=\"high\" decoding=\"async\" class=\"alignnone size-large wp-image-23010\" src=\"https:\/\/adra.md\/wp-content\/uploads\/2026\/01\/582992821_842467071812581_3838042142681387872_n-1024x834.jpg\" alt=\"\" width=\"800\" height=\"652\" srcset=\"https:\/\/adra.md\/wp-content\/uploads\/2026\/01\/582992821_842467071812581_3838042142681387872_n-1024x834.jpg 1024w, https:\/\/adra.md\/wp-content\/uploads\/2026\/01\/582992821_842467071812581_3838042142681387872_n-300x244.jpg 300w, https:\/\/adra.md\/wp-content\/uploads\/2026\/01\/582992821_842467071812581_3838042142681387872_n-768x626.jpg 768w, https:\/\/adra.md\/wp-content\/uploads\/2026\/01\/582992821_842467071812581_3838042142681387872_n-15x12.jpg 15w, https:\/\/adra.md\/wp-content\/uploads\/2026\/01\/582992821_842467071812581_3838042142681387872_n.jpg 1473w\" sizes=\"(max-width: 800px) 100vw, 800px\" \/><\/p>","protected":false},"excerpt":{"rendered":"<p>Suntem m\u00e2ndri de rezultat! \ud83e\udd70\ud83e\uddf5 \u00cen Centrul Comunitar din R\u00eebni\u021ba, chiar \u0219i cele mai mici reu\u0219ite conteaz\u0103 \u0219i sunt celebrate. \ud83c\udfc5 \u0218or\u021burile realizate aici nu sunt doar o protec\u021bie \u00eempotriva petelor de sos, ci simboluri ale speran\u021bei, muncii \u0219i ospitalit\u0103\u021bii. Prin fiecare cus\u0103tur\u0103, aceste femei \u00ee\u0219i afirm\u0103 curajul, creativitatea \u0219i dorin\u021ba de a merge mai [&hellip;]<\/p>\n","protected":false},"author":9,"featured_media":23010,"comment_status":"closed","ping_status":"closed","sticky":false,"template":"","format":"standard","meta":{"_acf_changed":false,"footnotes":""},"categories":[294],"tags":[],"class_list":["post-23009","post","type-post","status-publish","format-standard","has-post-thumbnail","hentry","category-news"],"acf":[],"yoast_head":"<!-- This site is optimized with the Yoast SEO plugin v27.4 - https:\/\/yoast.com\/product\/yoast-seo-wordpress\/ -->\n<title>Suntem m\u00e2ndri de rezultat! - ADRA Moldova<\/title>\n<meta name=\"robots\" content=\"index, follow, max-snippet:-1, max-image-preview:large, max-video-preview:-1\" \/>\n<link rel=\"canonical\" href=\"https:\/\/adra.md\/ru\/suntem-mandri-de-rezultat\/\" \/>\n<meta property=\"og:locale\" content=\"ru_RU\" \/>\n<meta property=\"og:type\" content=\"article\" \/>\n<meta property=\"og:title\" content=\"Suntem m\u00e2ndri de rezultat! - ADRA Moldova\" \/>\n<meta property=\"og:description\" content=\"Suntem m\u00e2ndri de rezultat! \ud83e\udd70\ud83e\uddf5 \u00cen Centrul Comunitar din R\u00eebni\u021ba, chiar \u0219i cele mai mici reu\u0219ite conteaz\u0103 \u0219i sunt celebrate. \ud83c\udfc5 \u0218or\u021burile realizate aici nu sunt doar o protec\u021bie \u00eempotriva petelor de sos, ci simboluri ale speran\u021bei, muncii \u0219i ospitalit\u0103\u021bii. Prin fiecare cus\u0103tur\u0103, aceste femei \u00ee\u0219i afirm\u0103 curajul, creativitatea \u0219i dorin\u021ba de a merge mai [&hellip;]\" \/>\n<meta property=\"og:url\" content=\"https:\/\/adra.md\/ru\/suntem-mandri-de-rezultat\/\" \/>\n<meta property=\"og:site_name\" content=\"ADRA Moldova\" \/>\n<meta property=\"article:published_time\" content=\"2026-01-05T10:12:18+00:00\" \/>\n<meta property=\"og:image\" content=\"https:\/\/adra.md\/wp-content\/uploads\/2026\/01\/582992821_842467071812581_3838042142681387872_n.jpg\" \/>\n\t<meta property=\"og:image:width\" content=\"1473\" \/>\n\t<meta property=\"og:image:height\" content=\"1200\" \/>\n\t<meta property=\"og:image:type\" content=\"image\/jpeg\" \/>\n<meta name=\"author\" content=\"ADRA Moldova\" \/>\n<meta name=\"twitter:card\" content=\"summary_large_image\" \/>\n<meta name=\"twitter:label1\" content=\"\u041d\u0430\u043f\u0438\u0441\u0430\u043d\u043e \u0430\u0432\u0442\u043e\u0440\u043e\u043c\" \/>\n\t<meta name=\"twitter:data1\" content=\"ADRA Moldova\" \/>\n\t<meta name=\"twitter:label2\" content=\"\u041f\u0440\u0438\u043c\u0435\u0440\u043d\u043e\u0435 \u0432\u0440\u0435\u043c\u044f \u0434\u043b\u044f \u0447\u0442\u0435\u043d\u0438\u044f\" \/>\n\t<meta name=\"twitter:data2\" content=\"1 \u043c\u0438\u043d\u0443\u0442\u0430\" \/>\n<script type=\"application\/ld+json\" class=\"yoast-schema-graph\">{\"@context\":\"https:\\\/\\\/schema.org\",\"@graph\":[{\"@type\":\"Article\",\"@id\":\"https:\\\/\\\/adra.md\\\/suntem-mandri-de-rezultat\\\/#article\",\"isPartOf\":{\"@id\":\"https:\\\/\\\/adra.md\\\/suntem-mandri-de-rezultat\\\/\"},\"author\":{\"name\":\"ADRA Moldova\",\"@id\":\"https:\\\/\\\/adra.md\\\/#\\\/schema\\\/person\\\/b0181e611ee89738cefb7dc2db2bb8d1\"},\"headline\":\"Suntem m\u00e2ndri de rezultat!\",\"datePublished\":\"2026-01-05T10:12:18+00:00\",\"mainEntityOfPage\":{\"@id\":\"https:\\\/\\\/adra.md\\\/suntem-mandri-de-rezultat\\\/\"},\"wordCount\":136,\"publisher\":{\"@id\":\"https:\\\/\\\/adra.md\\\/#organization\"},\"image\":{\"@id\":\"https:\\\/\\\/adra.md\\\/suntem-mandri-de-rezultat\\\/#primaryimage\"},\"thumbnailUrl\":\"https:\\\/\\\/adra.md\\\/wp-content\\\/uploads\\\/2026\\\/01\\\/582992821_842467071812581_3838042142681387872_n.jpg\",\"articleSection\":[\"News\"],\"inLanguage\":\"ru-RU\"},{\"@type\":\"WebPage\",\"@id\":\"https:\\\/\\\/adra.md\\\/suntem-mandri-de-rezultat\\\/\",\"url\":\"https:\\\/\\\/adra.md\\\/suntem-mandri-de-rezultat\\\/\",\"name\":\"Suntem m\u00e2ndri de rezultat! - ADRA Moldova\",\"isPartOf\":{\"@id\":\"https:\\\/\\\/adra.md\\\/#website\"},\"primaryImageOfPage\":{\"@id\":\"https:\\\/\\\/adra.md\\\/suntem-mandri-de-rezultat\\\/#primaryimage\"},\"image\":{\"@id\":\"https:\\\/\\\/adra.md\\\/suntem-mandri-de-rezultat\\\/#primaryimage\"},\"thumbnailUrl\":\"https:\\\/\\\/adra.md\\\/wp-content\\\/uploads\\\/2026\\\/01\\\/582992821_842467071812581_3838042142681387872_n.jpg\",\"datePublished\":\"2026-01-05T10:12:18+00:00\",\"breadcrumb\":{\"@id\":\"https:\\\/\\\/adra.md\\\/suntem-mandri-de-rezultat\\\/#breadcrumb\"},\"inLanguage\":\"ru-RU\",\"potentialAction\":[{\"@type\":\"ReadAction\",\"target\":[\"https:\\\/\\\/adra.md\\\/suntem-mandri-de-rezultat\\\/\"]}]},{\"@type\":\"ImageObject\",\"inLanguage\":\"ru-RU\",\"@id\":\"https:\\\/\\\/adra.md\\\/suntem-mandri-de-rezultat\\\/#primaryimage\",\"url\":\"https:\\\/\\\/adra.md\\\/wp-content\\\/uploads\\\/2026\\\/01\\\/582992821_842467071812581_3838042142681387872_n.jpg\",\"contentUrl\":\"https:\\\/\\\/adra.md\\\/wp-content\\\/uploads\\\/2026\\\/01\\\/582992821_842467071812581_3838042142681387872_n.jpg\",\"width\":1473,\"height\":1200},{\"@type\":\"BreadcrumbList\",\"@id\":\"https:\\\/\\\/adra.md\\\/suntem-mandri-de-rezultat\\\/#breadcrumb\",\"itemListElement\":[{\"@type\":\"ListItem\",\"position\":1,\"name\":\"Home\",\"item\":\"https:\\\/\\\/adra.md\\\/\"},{\"@type\":\"ListItem\",\"position\":2,\"name\":\"Suntem m\u00e2ndri de rezultat!\"}]},{\"@type\":\"WebSite\",\"@id\":\"https:\\\/\\\/adra.md\\\/#website\",\"url\":\"https:\\\/\\\/adra.md\\\/\",\"name\":\"ADRA Moldova\",\"description\":\"Agen\u0163ia Adventist\u0103 pentru Dezvoltare, Refacere \u015fi Ajutor\",\"publisher\":{\"@id\":\"https:\\\/\\\/adra.md\\\/#organization\"},\"potentialAction\":[{\"@type\":\"SearchAction\",\"target\":{\"@type\":\"EntryPoint\",\"urlTemplate\":\"https:\\\/\\\/adra.md\\\/?s={search_term_string}\"},\"query-input\":{\"@type\":\"PropertyValueSpecification\",\"valueRequired\":true,\"valueName\":\"search_term_string\"}}],\"inLanguage\":\"ru-RU\"},{\"@type\":\"Organization\",\"@id\":\"https:\\\/\\\/adra.md\\\/#organization\",\"name\":\"ADRA Moldova\",\"url\":\"https:\\\/\\\/adra.md\\\/\",\"logo\":{\"@type\":\"ImageObject\",\"inLanguage\":\"ru-RU\",\"@id\":\"https:\\\/\\\/adra.md\\\/#\\\/schema\\\/logo\\\/image\\\/\",\"url\":\"https:\\\/\\\/adra.md\\\/wp-content\\\/uploads\\\/2019\\\/11\\\/group-435.png\",\"contentUrl\":\"https:\\\/\\\/adra.md\\\/wp-content\\\/uploads\\\/2019\\\/11\\\/group-435.png\",\"width\":500,\"height\":133,\"caption\":\"ADRA Moldova\"},\"image\":{\"@id\":\"https:\\\/\\\/adra.md\\\/#\\\/schema\\\/logo\\\/image\\\/\"}},{\"@type\":\"Person\",\"@id\":\"https:\\\/\\\/adra.md\\\/#\\\/schema\\\/person\\\/b0181e611ee89738cefb7dc2db2bb8d1\",\"name\":\"ADRA Moldova\",\"url\":\"https:\\\/\\\/adra.md\\\/ru\\\/author\\\/andrei-girleanu\\\/\"}]}<\/script>\n<!-- \/ Yoast SEO plugin. -->","yoast_head_json":{"title":"Suntem m\u00e2ndri de rezultat! - ADRA Moldova","robots":{"index":"index","follow":"follow","max-snippet":"max-snippet:-1","max-image-preview":"max-image-preview:large","max-video-preview":"max-video-preview:-1"},"canonical":"https:\/\/adra.md\/ru\/suntem-mandri-de-rezultat\/","og_locale":"ru_RU","og_type":"article","og_title":"Suntem m\u00e2ndri de rezultat! - ADRA Moldova","og_description":"Suntem m\u00e2ndri de rezultat! \ud83e\udd70\ud83e\uddf5 \u00cen Centrul Comunitar din R\u00eebni\u021ba, chiar \u0219i cele mai mici reu\u0219ite conteaz\u0103 \u0219i sunt celebrate. \ud83c\udfc5 \u0218or\u021burile realizate aici nu sunt doar o protec\u021bie \u00eempotriva petelor de sos, ci simboluri ale speran\u021bei, muncii \u0219i ospitalit\u0103\u021bii. Prin fiecare cus\u0103tur\u0103, aceste femei \u00ee\u0219i afirm\u0103 curajul, creativitatea \u0219i dorin\u021ba de a merge mai [&hellip;]","og_url":"https:\/\/adra.md\/ru\/suntem-mandri-de-rezultat\/","og_site_name":"ADRA Moldova","article_published_time":"2026-01-05T10:12:18+00:00","og_image":[{"width":1473,"height":1200,"url":"https:\/\/adra.md\/wp-content\/uploads\/2026\/01\/582992821_842467071812581_3838042142681387872_n.jpg","type":"image\/jpeg"}],"author":"ADRA Moldova","twitter_card":"summary_large_image","twitter_misc":{"\u041d\u0430\u043f\u0438\u0441\u0430\u043d\u043e \u0430\u0432\u0442\u043e\u0440\u043e\u043c":"ADRA Moldova","\u041f\u0440\u0438\u043c\u0435\u0440\u043d\u043e\u0435 \u0432\u0440\u0435\u043c\u044f \u0434\u043b\u044f \u0447\u0442\u0435\u043d\u0438\u044f":"1 \u043c\u0438\u043d\u0443\u0442\u0430"},"schema":{"@context":"https:\/\/schema.org","@graph":[{"@type":"Article","@id":"https:\/\/adra.md\/suntem-mandri-de-rezultat\/#article","isPartOf":{"@id":"https:\/\/adra.md\/suntem-mandri-de-rezultat\/"},"author":{"name":"ADRA Moldova","@id":"https:\/\/adra.md\/#\/schema\/person\/b0181e611ee89738cefb7dc2db2bb8d1"},"headline":"Suntem m\u00e2ndri de rezultat!","datePublished":"2026-01-05T10:12:18+00:00","mainEntityOfPage":{"@id":"https:\/\/adra.md\/suntem-mandri-de-rezultat\/"},"wordCount":136,"publisher":{"@id":"https:\/\/adra.md\/#organization"},"image":{"@id":"https:\/\/adra.md\/suntem-mandri-de-rezultat\/#primaryimage"},"thumbnailUrl":"https:\/\/adra.md\/wp-content\/uploads\/2026\/01\/582992821_842467071812581_3838042142681387872_n.jpg","articleSection":["News"],"inLanguage":"ru-RU"},{"@type":"WebPage","@id":"https:\/\/adra.md\/suntem-mandri-de-rezultat\/","url":"https:\/\/adra.md\/suntem-mandri-de-rezultat\/","name":"Suntem m\u00e2ndri de rezultat! - ADRA Moldova","isPartOf":{"@id":"https:\/\/adra.md\/#website"},"primaryImageOfPage":{"@id":"https:\/\/adra.md\/suntem-mandri-de-rezultat\/#primaryimage"},"image":{"@id":"https:\/\/adra.md\/suntem-mandri-de-rezultat\/#primaryimage"},"thumbnailUrl":"https:\/\/adra.md\/wp-content\/uploads\/2026\/01\/582992821_842467071812581_3838042142681387872_n.jpg","datePublished":"2026-01-05T10:12:18+00:00","breadcrumb":{"@id":"https:\/\/adra.md\/suntem-mandri-de-rezultat\/#breadcrumb"},"inLanguage":"ru-RU","potentialAction":[{"@type":"ReadAction","target":["https:\/\/adra.md\/suntem-mandri-de-rezultat\/"]}]},{"@type":"ImageObject","inLanguage":"ru-RU","@id":"https:\/\/adra.md\/suntem-mandri-de-rezultat\/#primaryimage","url":"https:\/\/adra.md\/wp-content\/uploads\/2026\/01\/582992821_842467071812581_3838042142681387872_n.jpg","contentUrl":"https:\/\/adra.md\/wp-content\/uploads\/2026\/01\/582992821_842467071812581_3838042142681387872_n.jpg","width":1473,"height":1200},{"@type":"BreadcrumbList","@id":"https:\/\/adra.md\/suntem-mandri-de-rezultat\/#breadcrumb","itemListElement":[{"@type":"ListItem","position":1,"name":"Home","item":"https:\/\/adra.md\/"},{"@type":"ListItem","position":2,"name":"Suntem m\u00e2ndri de rezultat!"}]},{"@type":"WebSite","@id":"https:\/\/adra.md\/#website","url":"https:\/\/adra.md\/","name":"ADRA Moldova","description":"Agen\u0163ia Adventist\u0103 pentru Dezvoltare, Refacere \u015fi Ajutor","publisher":{"@id":"https:\/\/adra.md\/#organization"},"potentialAction":[{"@type":"SearchAction","target":{"@type":"EntryPoint","urlTemplate":"https:\/\/adra.md\/?s={search_term_string}"},"query-input":{"@type":"PropertyValueSpecification","valueRequired":true,"valueName":"search_term_string"}}],"inLanguage":"ru-RU"},{"@type":"Organization","@id":"https:\/\/adra.md\/#organization","name":"ADRA Moldova","url":"https:\/\/adra.md\/","logo":{"@type":"ImageObject","inLanguage":"ru-RU","@id":"https:\/\/adra.md\/#\/schema\/logo\/image\/","url":"https:\/\/adra.md\/wp-content\/uploads\/2019\/11\/group-435.png","contentUrl":"https:\/\/adra.md\/wp-content\/uploads\/2019\/11\/group-435.png","width":500,"height":133,"caption":"ADRA Moldova"},"image":{"@id":"https:\/\/adra.md\/#\/schema\/logo\/image\/"}},{"@type":"Person","@id":"https:\/\/adra.md\/#\/schema\/person\/b0181e611ee89738cefb7dc2db2bb8d1","name":"ADRA Moldova","url":"https:\/\/adra.md\/ru\/author\/andrei-girleanu\/"}]}},"_links":{"self":[{"href":"https:\/\/adra.md\/ru\/wp-json\/wp\/v2\/posts\/23009","targetHints":{"allow":["GET"]}}],"collection":[{"href":"https:\/\/adra.md\/ru\/wp-json\/wp\/v2\/posts"}],"about":[{"href":"https:\/\/adra.md\/ru\/wp-json\/wp\/v2\/types\/post"}],"author":[{"embeddable":true,"href":"https:\/\/adra.md\/ru\/wp-json\/wp\/v2\/users\/9"}],"replies":[{"embeddable":true,"href":"https:\/\/adra.md\/ru\/wp-json\/wp\/v2\/comments?post=23009"}],"version-history":[{"count":1,"href":"https:\/\/adra.md\/ru\/wp-json\/wp\/v2\/posts\/23009\/revisions"}],"predecessor-version":[{"id":23011,"href":"https:\/\/adra.md\/ru\/wp-json\/wp\/v2\/posts\/23009\/revisions\/23011"}],"wp:featuredmedia":[{"embeddable":true,"href":"https:\/\/adra.md\/ru\/wp-json\/wp\/v2\/media\/23010"}],"wp:attachment":[{"href":"https:\/\/adra.md\/ru\/wp-json\/wp\/v2\/media?parent=23009"}],"wp:term":[{"taxonomy":"category","embeddable":true,"href":"https:\/\/adra.md\/ru\/wp-json\/wp\/v2\/categories?post=23009"},{"taxonomy":"post_tag","embeddable":true,"href":"https:\/\/adra.md\/ru\/wp-json\/wp\/v2\/tags?post=23009"}],"curies":[{"name":"wp","href":"https:\/\/api.w.org\/{rel}","templated":true}]}}