{"id":23012,"date":"2026-01-05T10:18:44","date_gmt":"2026-01-05T10:18:44","guid":{"rendered":"https:\/\/adra.md\/?p=23012"},"modified":"2026-01-05T10:18:44","modified_gmt":"2026-01-05T10:18:44","slug":"emotii-pozitive-si-dorinta-de-colaborare","status":"publish","type":"post","link":"https:\/\/adra.md\/ru\/emotii-pozitive-si-dorinta-de-colaborare\/","title":{"rendered":"Emo\u021bii pozitive \u0219i dorin\u021b\u0103 de colaborare"},"content":{"rendered":"<p data-start=\"0\" data-end=\"370\">La <strong data-start=\"3\" data-end=\"48\">activit\u0103\u021bile noastre recente de integrare<\/strong> a domnit o atmosfer\u0103 cu adev\u0103rat minunat\u0103! \ud83e\udd29 De la copii plini de entuziasm p\u00e2n\u0103 la adul\u021bi motiva\u021bi, to\u021bi participan\u021bii s-au implicat cu <strong data-start=\"187\" data-end=\"231\">emo\u021bii pozitive \u0219i dorin\u021b\u0103 de colaborare<\/strong>. \u00cen centrul aten\u021biei s-a aflat <strong data-start=\"263\" data-end=\"282\">ma\u0219ina de cusut<\/strong>, \u00een jurul c\u0103reia am creat \u00eempreun\u0103 <strong data-start=\"318\" data-end=\"338\">pernu\u021be colorate<\/strong>, pline de personalitate. \ud83e\uddf5\ud83e\udea1<\/p>\n<p data-start=\"372\" data-end=\"665\">Aceste ateliere nu au fost doar despre croitorie, ci despre <strong data-start=\"432\" data-end=\"481\">\u00eenv\u0103\u021bare, cooperare \u0219i apropiere \u00eentre oameni<\/strong>. Lucr\u00e2nd cot la cot, participan\u021bii au descoperit bucuria crea\u021biei \u0219i puterea lucrului \u00een echip\u0103. Fiecare pernu\u021b\u0103 realizat\u0103 spune o poveste despre r\u0103bdare, creativitate \u0219i integrare.<\/p>\n<p data-start=\"667\" data-end=\"897\">Mul\u021bumim din suflet donatorilor no\u0219tri <strong data-start=\"706\" data-end=\"734\">Action Deutschland Hilft<\/strong> \u0219i <strong data-start=\"738\" data-end=\"755\">ADRA Germania<\/strong> pentru sprijinul acordat. Datorit\u0103 vou\u0103, procesul de integrare devine <strong data-start=\"826\" data-end=\"865\">mai cald, mai uman \u0219i mai accesibil<\/strong> pentru to\u021bi cei implica\u021bi. \ud83e\udd70<\/p>\n<p data-start=\"899\" data-end=\"946\" data-is-last-node=\"\" data-is-only-node=\"\">#ADRA #EpisMoldova #Croitorie #R\u00eebni\u021ba #Pernu\u021be<\/p>\n<p data-start=\"899\" data-end=\"946\" data-is-last-node=\"\" data-is-only-node=\"\">\n<p data-start=\"899\" data-end=\"946\" data-is-last-node=\"\" data-is-only-node=\"\"><img fetchpriority=\"high\" decoding=\"async\" class=\"alignnone  wp-image-23013\" src=\"https:\/\/adra.md\/wp-content\/uploads\/2026\/01\/583327881_848026447923310_8637670784603101044_n-768x1024.jpg\" alt=\"\" width=\"244\" height=\"325\" srcset=\"https:\/\/adra.md\/wp-content\/uploads\/2026\/01\/583327881_848026447923310_8637670784603101044_n-768x1024.jpg 768w, https:\/\/adra.md\/wp-content\/uploads\/2026\/01\/583327881_848026447923310_8637670784603101044_n-225x300.jpg 225w, https:\/\/adra.md\/wp-content\/uploads\/2026\/01\/583327881_848026447923310_8637670784603101044_n-1152x1536.jpg 1152w, https:\/\/adra.md\/wp-content\/uploads\/2026\/01\/583327881_848026447923310_8637670784603101044_n-9x12.jpg 9w, https:\/\/adra.md\/wp-content\/uploads\/2026\/01\/583327881_848026447923310_8637670784603101044_n.jpg 1200w\" sizes=\"(max-width: 244px) 100vw, 244px\" \/> <img decoding=\"async\" class=\"alignnone  wp-image-23014\" src=\"https:\/\/adra.md\/wp-content\/uploads\/2026\/01\/583330578_848026647923290_5186808405193597124_n-768x1024.jpg\" alt=\"\" width=\"243\" height=\"324\" srcset=\"https:\/\/adra.md\/wp-content\/uploads\/2026\/01\/583330578_848026647923290_5186808405193597124_n-768x1024.jpg 768w, https:\/\/adra.md\/wp-content\/uploads\/2026\/01\/583330578_848026647923290_5186808405193597124_n-225x300.jpg 225w, https:\/\/adra.md\/wp-content\/uploads\/2026\/01\/583330578_848026647923290_5186808405193597124_n-1152x1536.jpg 1152w, https:\/\/adra.md\/wp-content\/uploads\/2026\/01\/583330578_848026647923290_5186808405193597124_n-9x12.jpg 9w, https:\/\/adra.md\/wp-content\/uploads\/2026\/01\/583330578_848026647923290_5186808405193597124_n.jpg 1200w\" sizes=\"(max-width: 243px) 100vw, 243px\" \/> <img decoding=\"async\" class=\"alignnone  wp-image-23015\" src=\"https:\/\/adra.md\/wp-content\/uploads\/2026\/01\/583644956_848026731256615_190916786289835187_n-768x1024.jpg\" alt=\"\" width=\"245\" height=\"327\" srcset=\"https:\/\/adra.md\/wp-content\/uploads\/2026\/01\/583644956_848026731256615_190916786289835187_n-768x1024.jpg 768w, https:\/\/adra.md\/wp-content\/uploads\/2026\/01\/583644956_848026731256615_190916786289835187_n-225x300.jpg 225w, https:\/\/adra.md\/wp-content\/uploads\/2026\/01\/583644956_848026731256615_190916786289835187_n-1152x1536.jpg 1152w, https:\/\/adra.md\/wp-content\/uploads\/2026\/01\/583644956_848026731256615_190916786289835187_n-9x12.jpg 9w, https:\/\/adra.md\/wp-content\/uploads\/2026\/01\/583644956_848026731256615_190916786289835187_n.jpg 1200w\" sizes=\"(max-width: 245px) 100vw, 245px\" \/><\/p>\n<p data-start=\"899\" data-end=\"946\" data-is-last-node=\"\" data-is-only-node=\"\"><img loading=\"lazy\" decoding=\"async\" class=\"alignnone  wp-image-23016\" src=\"https:\/\/adra.md\/wp-content\/uploads\/2026\/01\/585497186_848026517923303_8293972097034046840_n-768x1024.jpg\" alt=\"\" width=\"244\" height=\"325\" srcset=\"https:\/\/adra.md\/wp-content\/uploads\/2026\/01\/585497186_848026517923303_8293972097034046840_n-768x1024.jpg 768w, https:\/\/adra.md\/wp-content\/uploads\/2026\/01\/585497186_848026517923303_8293972097034046840_n-225x300.jpg 225w, https:\/\/adra.md\/wp-content\/uploads\/2026\/01\/585497186_848026517923303_8293972097034046840_n-1152x1536.jpg 1152w, https:\/\/adra.md\/wp-content\/uploads\/2026\/01\/585497186_848026517923303_8293972097034046840_n-9x12.jpg 9w, https:\/\/adra.md\/wp-content\/uploads\/2026\/01\/585497186_848026517923303_8293972097034046840_n.jpg 1200w\" sizes=\"(max-width: 244px) 100vw, 244px\" \/> <img loading=\"lazy\" decoding=\"async\" class=\"alignnone  wp-image-23017\" src=\"https:\/\/adra.md\/wp-content\/uploads\/2026\/01\/585587401_848026577923297_6349058316409642590_n-768x1024.jpg\" alt=\"\" width=\"242\" height=\"322\" srcset=\"https:\/\/adra.md\/wp-content\/uploads\/2026\/01\/585587401_848026577923297_6349058316409642590_n-768x1024.jpg 768w, https:\/\/adra.md\/wp-content\/uploads\/2026\/01\/585587401_848026577923297_6349058316409642590_n-225x300.jpg 225w, https:\/\/adra.md\/wp-content\/uploads\/2026\/01\/585587401_848026577923297_6349058316409642590_n-1152x1536.jpg 1152w, https:\/\/adra.md\/wp-content\/uploads\/2026\/01\/585587401_848026577923297_6349058316409642590_n-9x12.jpg 9w, https:\/\/adra.md\/wp-content\/uploads\/2026\/01\/585587401_848026577923297_6349058316409642590_n.jpg 1200w\" sizes=\"(max-width: 242px) 100vw, 242px\" \/> <img loading=\"lazy\" decoding=\"async\" class=\"alignnone  wp-image-23018\" src=\"https:\/\/adra.md\/wp-content\/uploads\/2026\/01\/586324614_848026761256612_7184337754289815269_n-768x1024.jpg\" alt=\"\" width=\"241\" height=\"321\" srcset=\"https:\/\/adra.md\/wp-content\/uploads\/2026\/01\/586324614_848026761256612_7184337754289815269_n-768x1024.jpg 768w, https:\/\/adra.md\/wp-content\/uploads\/2026\/01\/586324614_848026761256612_7184337754289815269_n-225x300.jpg 225w, https:\/\/adra.md\/wp-content\/uploads\/2026\/01\/586324614_848026761256612_7184337754289815269_n-1152x1536.jpg 1152w, https:\/\/adra.md\/wp-content\/uploads\/2026\/01\/586324614_848026761256612_7184337754289815269_n-9x12.jpg 9w, https:\/\/adra.md\/wp-content\/uploads\/2026\/01\/586324614_848026761256612_7184337754289815269_n.jpg 1200w\" sizes=\"(max-width: 241px) 100vw, 241px\" \/><\/p>\n<p data-start=\"899\" data-end=\"946\" data-is-last-node=\"\" data-is-only-node=\"\"><img loading=\"lazy\" decoding=\"async\" class=\"alignnone  wp-image-23019\" src=\"https:\/\/adra.md\/wp-content\/uploads\/2026\/01\/587085970_848026691256619_5864277829488543790_n-768x1024.jpg\" alt=\"\" width=\"250\" height=\"334\" srcset=\"https:\/\/adra.md\/wp-content\/uploads\/2026\/01\/587085970_848026691256619_5864277829488543790_n-768x1024.jpg 768w, https:\/\/adra.md\/wp-content\/uploads\/2026\/01\/587085970_848026691256619_5864277829488543790_n-225x300.jpg 225w, https:\/\/adra.md\/wp-content\/uploads\/2026\/01\/587085970_848026691256619_5864277829488543790_n-1152x1536.jpg 1152w, https:\/\/adra.md\/wp-content\/uploads\/2026\/01\/587085970_848026691256619_5864277829488543790_n-9x12.jpg 9w, https:\/\/adra.md\/wp-content\/uploads\/2026\/01\/587085970_848026691256619_5864277829488543790_n.jpg 1200w\" sizes=\"(max-width: 250px) 100vw, 250px\" \/> <img loading=\"lazy\" decoding=\"async\" class=\"alignnone  wp-image-23020\" src=\"https:\/\/adra.md\/wp-content\/uploads\/2026\/01\/587171074_848026611256627_9067395007490356636_n-768x1024.jpg\" alt=\"\" width=\"248\" height=\"330\" srcset=\"https:\/\/adra.md\/wp-content\/uploads\/2026\/01\/587171074_848026611256627_9067395007490356636_n-768x1024.jpg 768w, https:\/\/adra.md\/wp-content\/uploads\/2026\/01\/587171074_848026611256627_9067395007490356636_n-225x300.jpg 225w, https:\/\/adra.md\/wp-content\/uploads\/2026\/01\/587171074_848026611256627_9067395007490356636_n-1152x1536.jpg 1152w, https:\/\/adra.md\/wp-content\/uploads\/2026\/01\/587171074_848026611256627_9067395007490356636_n-9x12.jpg 9w, https:\/\/adra.md\/wp-content\/uploads\/2026\/01\/587171074_848026611256627_9067395007490356636_n.jpg 1200w\" sizes=\"(max-width: 248px) 100vw, 248px\" \/> <img loading=\"lazy\" decoding=\"async\" class=\"alignnone  wp-image-23021\" src=\"https:\/\/adra.md\/wp-content\/uploads\/2026\/01\/587327764_848026481256640_1250184980309190136_n-768x1024.jpg\" alt=\"\" width=\"245\" height=\"327\" srcset=\"https:\/\/adra.md\/wp-content\/uploads\/2026\/01\/587327764_848026481256640_1250184980309190136_n-768x1024.jpg 768w, https:\/\/adra.md\/wp-content\/uploads\/2026\/01\/587327764_848026481256640_1250184980309190136_n-225x300.jpg 225w, https:\/\/adra.md\/wp-content\/uploads\/2026\/01\/587327764_848026481256640_1250184980309190136_n-1152x1536.jpg 1152w, https:\/\/adra.md\/wp-content\/uploads\/2026\/01\/587327764_848026481256640_1250184980309190136_n-9x12.jpg 9w, https:\/\/adra.md\/wp-content\/uploads\/2026\/01\/587327764_848026481256640_1250184980309190136_n.jpg 1200w\" sizes=\"(max-width: 245px) 100vw, 245px\" \/><\/p>","protected":false},"excerpt":{"rendered":"<p>La activit\u0103\u021bile noastre recente de integrare a domnit o atmosfer\u0103 cu adev\u0103rat minunat\u0103! \ud83e\udd29 De la copii plini de entuziasm p\u00e2n\u0103 la adul\u021bi motiva\u021bi, to\u021bi participan\u021bii s-au implicat cu emo\u021bii pozitive \u0219i dorin\u021b\u0103 de colaborare. \u00cen centrul aten\u021biei s-a aflat ma\u0219ina de cusut, \u00een jurul c\u0103reia am creat \u00eempreun\u0103 pernu\u021be colorate, pline de personalitate. \ud83e\uddf5\ud83e\udea1 [&hellip;]<\/p>\n","protected":false},"author":9,"featured_media":23013,"comment_status":"closed","ping_status":"closed","sticky":false,"template":"","format":"standard","meta":{"_acf_changed":false,"footnotes":""},"categories":[294],"tags":[],"class_list":["post-23012","post","type-post","status-publish","format-standard","has-post-thumbnail","hentry","category-news"],"acf":[],"yoast_head":"<!-- This site is optimized with the Yoast SEO plugin v27.4 - https:\/\/yoast.com\/product\/yoast-seo-wordpress\/ -->\n<title>Emo\u021bii pozitive \u0219i dorin\u021b\u0103 de colaborare - ADRA Moldova<\/title>\n<meta name=\"robots\" content=\"index, follow, max-snippet:-1, max-image-preview:large, max-video-preview:-1\" \/>\n<link rel=\"canonical\" href=\"https:\/\/adra.md\/ru\/emotii-pozitive-si-dorinta-de-colaborare\/\" \/>\n<meta property=\"og:locale\" content=\"ru_RU\" \/>\n<meta property=\"og:type\" content=\"article\" \/>\n<meta property=\"og:title\" content=\"Emo\u021bii pozitive \u0219i dorin\u021b\u0103 de colaborare - ADRA Moldova\" \/>\n<meta property=\"og:description\" content=\"La activit\u0103\u021bile noastre recente de integrare a domnit o atmosfer\u0103 cu adev\u0103rat minunat\u0103! \ud83e\udd29 De la copii plini de entuziasm p\u00e2n\u0103 la adul\u021bi motiva\u021bi, to\u021bi participan\u021bii s-au implicat cu emo\u021bii pozitive \u0219i dorin\u021b\u0103 de colaborare. \u00cen centrul aten\u021biei s-a aflat ma\u0219ina de cusut, \u00een jurul c\u0103reia am creat \u00eempreun\u0103 pernu\u021be colorate, pline de personalitate. \ud83e\uddf5\ud83e\udea1 [&hellip;]\" \/>\n<meta property=\"og:url\" content=\"https:\/\/adra.md\/ru\/emotii-pozitive-si-dorinta-de-colaborare\/\" \/>\n<meta property=\"og:site_name\" content=\"ADRA Moldova\" \/>\n<meta property=\"article:published_time\" content=\"2026-01-05T10:18:44+00:00\" \/>\n<meta property=\"og:image\" content=\"https:\/\/adra.md\/wp-content\/uploads\/2026\/01\/583327881_848026447923310_8637670784603101044_n.jpg\" \/>\n\t<meta property=\"og:image:width\" content=\"1200\" \/>\n\t<meta property=\"og:image:height\" content=\"1600\" \/>\n\t<meta property=\"og:image:type\" content=\"image\/jpeg\" \/>\n<meta name=\"author\" content=\"ADRA Moldova\" \/>\n<meta name=\"twitter:card\" content=\"summary_large_image\" \/>\n<meta name=\"twitter:label1\" content=\"\u041d\u0430\u043f\u0438\u0441\u0430\u043d\u043e \u0430\u0432\u0442\u043e\u0440\u043e\u043c\" \/>\n\t<meta name=\"twitter:data1\" content=\"ADRA Moldova\" \/>\n\t<meta name=\"twitter:label2\" content=\"\u041f\u0440\u0438\u043c\u0435\u0440\u043d\u043e\u0435 \u0432\u0440\u0435\u043c\u044f \u0434\u043b\u044f \u0447\u0442\u0435\u043d\u0438\u044f\" \/>\n\t<meta name=\"twitter:data2\" content=\"1 \u043c\u0438\u043d\u0443\u0442\u0430\" \/>\n<script type=\"application\/ld+json\" class=\"yoast-schema-graph\">{\"@context\":\"https:\\\/\\\/schema.org\",\"@graph\":[{\"@type\":\"Article\",\"@id\":\"https:\\\/\\\/adra.md\\\/emotii-pozitive-si-dorinta-de-colaborare\\\/#article\",\"isPartOf\":{\"@id\":\"https:\\\/\\\/adra.md\\\/emotii-pozitive-si-dorinta-de-colaborare\\\/\"},\"author\":{\"name\":\"ADRA Moldova\",\"@id\":\"https:\\\/\\\/adra.md\\\/#\\\/schema\\\/person\\\/b0181e611ee89738cefb7dc2db2bb8d1\"},\"headline\":\"Emo\u021bii pozitive \u0219i dorin\u021b\u0103 de colaborare\",\"datePublished\":\"2026-01-05T10:18:44+00:00\",\"mainEntityOfPage\":{\"@id\":\"https:\\\/\\\/adra.md\\\/emotii-pozitive-si-dorinta-de-colaborare\\\/\"},\"wordCount\":161,\"publisher\":{\"@id\":\"https:\\\/\\\/adra.md\\\/#organization\"},\"image\":{\"@id\":\"https:\\\/\\\/adra.md\\\/emotii-pozitive-si-dorinta-de-colaborare\\\/#primaryimage\"},\"thumbnailUrl\":\"https:\\\/\\\/adra.md\\\/wp-content\\\/uploads\\\/2026\\\/01\\\/583327881_848026447923310_8637670784603101044_n.jpg\",\"articleSection\":[\"News\"],\"inLanguage\":\"ru-RU\"},{\"@type\":\"WebPage\",\"@id\":\"https:\\\/\\\/adra.md\\\/emotii-pozitive-si-dorinta-de-colaborare\\\/\",\"url\":\"https:\\\/\\\/adra.md\\\/emotii-pozitive-si-dorinta-de-colaborare\\\/\",\"name\":\"Emo\u021bii pozitive \u0219i dorin\u021b\u0103 de colaborare - ADRA Moldova\",\"isPartOf\":{\"@id\":\"https:\\\/\\\/adra.md\\\/#website\"},\"primaryImageOfPage\":{\"@id\":\"https:\\\/\\\/adra.md\\\/emotii-pozitive-si-dorinta-de-colaborare\\\/#primaryimage\"},\"image\":{\"@id\":\"https:\\\/\\\/adra.md\\\/emotii-pozitive-si-dorinta-de-colaborare\\\/#primaryimage\"},\"thumbnailUrl\":\"https:\\\/\\\/adra.md\\\/wp-content\\\/uploads\\\/2026\\\/01\\\/583327881_848026447923310_8637670784603101044_n.jpg\",\"datePublished\":\"2026-01-05T10:18:44+00:00\",\"breadcrumb\":{\"@id\":\"https:\\\/\\\/adra.md\\\/emotii-pozitive-si-dorinta-de-colaborare\\\/#breadcrumb\"},\"inLanguage\":\"ru-RU\",\"potentialAction\":[{\"@type\":\"ReadAction\",\"target\":[\"https:\\\/\\\/adra.md\\\/emotii-pozitive-si-dorinta-de-colaborare\\\/\"]}]},{\"@type\":\"ImageObject\",\"inLanguage\":\"ru-RU\",\"@id\":\"https:\\\/\\\/adra.md\\\/emotii-pozitive-si-dorinta-de-colaborare\\\/#primaryimage\",\"url\":\"https:\\\/\\\/adra.md\\\/wp-content\\\/uploads\\\/2026\\\/01\\\/583327881_848026447923310_8637670784603101044_n.jpg\",\"contentUrl\":\"https:\\\/\\\/adra.md\\\/wp-content\\\/uploads\\\/2026\\\/01\\\/583327881_848026447923310_8637670784603101044_n.jpg\",\"width\":1200,\"height\":1600},{\"@type\":\"BreadcrumbList\",\"@id\":\"https:\\\/\\\/adra.md\\\/emotii-pozitive-si-dorinta-de-colaborare\\\/#breadcrumb\",\"itemListElement\":[{\"@type\":\"ListItem\",\"position\":1,\"name\":\"Home\",\"item\":\"https:\\\/\\\/adra.md\\\/\"},{\"@type\":\"ListItem\",\"position\":2,\"name\":\"Emo\u021bii pozitive \u0219i dorin\u021b\u0103 de colaborare\"}]},{\"@type\":\"WebSite\",\"@id\":\"https:\\\/\\\/adra.md\\\/#website\",\"url\":\"https:\\\/\\\/adra.md\\\/\",\"name\":\"ADRA Moldova\",\"description\":\"Agen\u0163ia Adventist\u0103 pentru Dezvoltare, Refacere \u015fi Ajutor\",\"publisher\":{\"@id\":\"https:\\\/\\\/adra.md\\\/#organization\"},\"potentialAction\":[{\"@type\":\"SearchAction\",\"target\":{\"@type\":\"EntryPoint\",\"urlTemplate\":\"https:\\\/\\\/adra.md\\\/?s={search_term_string}\"},\"query-input\":{\"@type\":\"PropertyValueSpecification\",\"valueRequired\":true,\"valueName\":\"search_term_string\"}}],\"inLanguage\":\"ru-RU\"},{\"@type\":\"Organization\",\"@id\":\"https:\\\/\\\/adra.md\\\/#organization\",\"name\":\"ADRA Moldova\",\"url\":\"https:\\\/\\\/adra.md\\\/\",\"logo\":{\"@type\":\"ImageObject\",\"inLanguage\":\"ru-RU\",\"@id\":\"https:\\\/\\\/adra.md\\\/#\\\/schema\\\/logo\\\/image\\\/\",\"url\":\"https:\\\/\\\/adra.md\\\/wp-content\\\/uploads\\\/2019\\\/11\\\/group-435.png\",\"contentUrl\":\"https:\\\/\\\/adra.md\\\/wp-content\\\/uploads\\\/2019\\\/11\\\/group-435.png\",\"width\":500,\"height\":133,\"caption\":\"ADRA Moldova\"},\"image\":{\"@id\":\"https:\\\/\\\/adra.md\\\/#\\\/schema\\\/logo\\\/image\\\/\"}},{\"@type\":\"Person\",\"@id\":\"https:\\\/\\\/adra.md\\\/#\\\/schema\\\/person\\\/b0181e611ee89738cefb7dc2db2bb8d1\",\"name\":\"ADRA Moldova\",\"url\":\"https:\\\/\\\/adra.md\\\/ru\\\/author\\\/andrei-girleanu\\\/\"}]}<\/script>\n<!-- \/ Yoast SEO plugin. -->","yoast_head_json":{"title":"Emo\u021bii pozitive \u0219i dorin\u021b\u0103 de colaborare - ADRA Moldova","robots":{"index":"index","follow":"follow","max-snippet":"max-snippet:-1","max-image-preview":"max-image-preview:large","max-video-preview":"max-video-preview:-1"},"canonical":"https:\/\/adra.md\/ru\/emotii-pozitive-si-dorinta-de-colaborare\/","og_locale":"ru_RU","og_type":"article","og_title":"Emo\u021bii pozitive \u0219i dorin\u021b\u0103 de colaborare - ADRA Moldova","og_description":"La activit\u0103\u021bile noastre recente de integrare a domnit o atmosfer\u0103 cu adev\u0103rat minunat\u0103! \ud83e\udd29 De la copii plini de entuziasm p\u00e2n\u0103 la adul\u021bi motiva\u021bi, to\u021bi participan\u021bii s-au implicat cu emo\u021bii pozitive \u0219i dorin\u021b\u0103 de colaborare. \u00cen centrul aten\u021biei s-a aflat ma\u0219ina de cusut, \u00een jurul c\u0103reia am creat \u00eempreun\u0103 pernu\u021be colorate, pline de personalitate. \ud83e\uddf5\ud83e\udea1 [&hellip;]","og_url":"https:\/\/adra.md\/ru\/emotii-pozitive-si-dorinta-de-colaborare\/","og_site_name":"ADRA Moldova","article_published_time":"2026-01-05T10:18:44+00:00","og_image":[{"width":1200,"height":1600,"url":"https:\/\/adra.md\/wp-content\/uploads\/2026\/01\/583327881_848026447923310_8637670784603101044_n.jpg","type":"image\/jpeg"}],"author":"ADRA Moldova","twitter_card":"summary_large_image","twitter_misc":{"\u041d\u0430\u043f\u0438\u0441\u0430\u043d\u043e \u0430\u0432\u0442\u043e\u0440\u043e\u043c":"ADRA Moldova","\u041f\u0440\u0438\u043c\u0435\u0440\u043d\u043e\u0435 \u0432\u0440\u0435\u043c\u044f \u0434\u043b\u044f \u0447\u0442\u0435\u043d\u0438\u044f":"1 \u043c\u0438\u043d\u0443\u0442\u0430"},"schema":{"@context":"https:\/\/schema.org","@graph":[{"@type":"Article","@id":"https:\/\/adra.md\/emotii-pozitive-si-dorinta-de-colaborare\/#article","isPartOf":{"@id":"https:\/\/adra.md\/emotii-pozitive-si-dorinta-de-colaborare\/"},"author":{"name":"ADRA Moldova","@id":"https:\/\/adra.md\/#\/schema\/person\/b0181e611ee89738cefb7dc2db2bb8d1"},"headline":"Emo\u021bii pozitive \u0219i dorin\u021b\u0103 de colaborare","datePublished":"2026-01-05T10:18:44+00:00","mainEntityOfPage":{"@id":"https:\/\/adra.md\/emotii-pozitive-si-dorinta-de-colaborare\/"},"wordCount":161,"publisher":{"@id":"https:\/\/adra.md\/#organization"},"image":{"@id":"https:\/\/adra.md\/emotii-pozitive-si-dorinta-de-colaborare\/#primaryimage"},"thumbnailUrl":"https:\/\/adra.md\/wp-content\/uploads\/2026\/01\/583327881_848026447923310_8637670784603101044_n.jpg","articleSection":["News"],"inLanguage":"ru-RU"},{"@type":"WebPage","@id":"https:\/\/adra.md\/emotii-pozitive-si-dorinta-de-colaborare\/","url":"https:\/\/adra.md\/emotii-pozitive-si-dorinta-de-colaborare\/","name":"Emo\u021bii pozitive \u0219i dorin\u021b\u0103 de colaborare - ADRA Moldova","isPartOf":{"@id":"https:\/\/adra.md\/#website"},"primaryImageOfPage":{"@id":"https:\/\/adra.md\/emotii-pozitive-si-dorinta-de-colaborare\/#primaryimage"},"image":{"@id":"https:\/\/adra.md\/emotii-pozitive-si-dorinta-de-colaborare\/#primaryimage"},"thumbnailUrl":"https:\/\/adra.md\/wp-content\/uploads\/2026\/01\/583327881_848026447923310_8637670784603101044_n.jpg","datePublished":"2026-01-05T10:18:44+00:00","breadcrumb":{"@id":"https:\/\/adra.md\/emotii-pozitive-si-dorinta-de-colaborare\/#breadcrumb"},"inLanguage":"ru-RU","potentialAction":[{"@type":"ReadAction","target":["https:\/\/adra.md\/emotii-pozitive-si-dorinta-de-colaborare\/"]}]},{"@type":"ImageObject","inLanguage":"ru-RU","@id":"https:\/\/adra.md\/emotii-pozitive-si-dorinta-de-colaborare\/#primaryimage","url":"https:\/\/adra.md\/wp-content\/uploads\/2026\/01\/583327881_848026447923310_8637670784603101044_n.jpg","contentUrl":"https:\/\/adra.md\/wp-content\/uploads\/2026\/01\/583327881_848026447923310_8637670784603101044_n.jpg","width":1200,"height":1600},{"@type":"BreadcrumbList","@id":"https:\/\/adra.md\/emotii-pozitive-si-dorinta-de-colaborare\/#breadcrumb","itemListElement":[{"@type":"ListItem","position":1,"name":"Home","item":"https:\/\/adra.md\/"},{"@type":"ListItem","position":2,"name":"Emo\u021bii pozitive \u0219i dorin\u021b\u0103 de colaborare"}]},{"@type":"WebSite","@id":"https:\/\/adra.md\/#website","url":"https:\/\/adra.md\/","name":"ADRA Moldova","description":"Agen\u0163ia Adventist\u0103 pentru Dezvoltare, Refacere \u015fi Ajutor","publisher":{"@id":"https:\/\/adra.md\/#organization"},"potentialAction":[{"@type":"SearchAction","target":{"@type":"EntryPoint","urlTemplate":"https:\/\/adra.md\/?s={search_term_string}"},"query-input":{"@type":"PropertyValueSpecification","valueRequired":true,"valueName":"search_term_string"}}],"inLanguage":"ru-RU"},{"@type":"Organization","@id":"https:\/\/adra.md\/#organization","name":"ADRA Moldova","url":"https:\/\/adra.md\/","logo":{"@type":"ImageObject","inLanguage":"ru-RU","@id":"https:\/\/adra.md\/#\/schema\/logo\/image\/","url":"https:\/\/adra.md\/wp-content\/uploads\/2019\/11\/group-435.png","contentUrl":"https:\/\/adra.md\/wp-content\/uploads\/2019\/11\/group-435.png","width":500,"height":133,"caption":"ADRA Moldova"},"image":{"@id":"https:\/\/adra.md\/#\/schema\/logo\/image\/"}},{"@type":"Person","@id":"https:\/\/adra.md\/#\/schema\/person\/b0181e611ee89738cefb7dc2db2bb8d1","name":"ADRA Moldova","url":"https:\/\/adra.md\/ru\/author\/andrei-girleanu\/"}]}},"_links":{"self":[{"href":"https:\/\/adra.md\/ru\/wp-json\/wp\/v2\/posts\/23012","targetHints":{"allow":["GET"]}}],"collection":[{"href":"https:\/\/adra.md\/ru\/wp-json\/wp\/v2\/posts"}],"about":[{"href":"https:\/\/adra.md\/ru\/wp-json\/wp\/v2\/types\/post"}],"author":[{"embeddable":true,"href":"https:\/\/adra.md\/ru\/wp-json\/wp\/v2\/users\/9"}],"replies":[{"embeddable":true,"href":"https:\/\/adra.md\/ru\/wp-json\/wp\/v2\/comments?post=23012"}],"version-history":[{"count":1,"href":"https:\/\/adra.md\/ru\/wp-json\/wp\/v2\/posts\/23012\/revisions"}],"predecessor-version":[{"id":23022,"href":"https:\/\/adra.md\/ru\/wp-json\/wp\/v2\/posts\/23012\/revisions\/23022"}],"wp:featuredmedia":[{"embeddable":true,"href":"https:\/\/adra.md\/ru\/wp-json\/wp\/v2\/media\/23013"}],"wp:attachment":[{"href":"https:\/\/adra.md\/ru\/wp-json\/wp\/v2\/media?parent=23012"}],"wp:term":[{"taxonomy":"category","embeddable":true,"href":"https:\/\/adra.md\/ru\/wp-json\/wp\/v2\/categories?post=23012"},{"taxonomy":"post_tag","embeddable":true,"href":"https:\/\/adra.md\/ru\/wp-json\/wp\/v2\/tags?post=23012"}],"curies":[{"name":"wp","href":"https:\/\/api.w.org\/{rel}","templated":true}]}}